{"id":25857,"date":"2025-05-31T12:00:00","date_gmt":"2025-05-31T15:00:00","guid":{"rendered":"https:\/\/sgvaimudar.com.br\/?p=25857"},"modified":"2025-05-31T09:17:10","modified_gmt":"2025-05-31T12:17:10","slug":"professores-realizam-capacitacao-em-educacao-ambiental-no-teatro-municipal","status":"publish","type":"post","link":"https:\/\/sgvaimudar.com.br\/index.php\/2025\/05\/31\/professores-realizam-capacitacao-em-educacao-ambiental-no-teatro-municipal\/","title":{"rendered":"Professores realizam capacita\u00e7\u00e3o em Educa\u00e7\u00e3o Ambiental no Teatro Municipal"},"content":{"rendered":"\n<p><em>Evento contou com diversas palestras durante todo o dia<\/em><\/p>\n\n\n\n<p>Os professores da Educa\u00e7\u00e3o Infantil e dos Ensinos Fundamental I e II da rede p\u00fablica municipal, al\u00e9m da comunidade acad\u00eamica, tiveram, nesta sexta-feira (30\/5), no Teatro Municipal de S\u00e3o Gon\u00e7alo, um curso de capacita\u00e7\u00e3o em Educa\u00e7\u00e3o Ambiental. <\/p>\n\n\n\n<p>A a\u00e7\u00e3o foi realizada pela Secretaria de Meio Ambiente e Transportes da Prefeitura de S\u00e3o Gon\u00e7alo, em parceria com a Secretaria de Educa\u00e7\u00e3o.<\/p>\n\n\n\n<p>Dividido em dois turnos, o curso teve como objetivo qualificar os docentes para atuarem como multiplicadores da consci\u00eancia ambiental nas escolas, contribuindo para a forma\u00e7\u00e3o de uma gera\u00e7\u00e3o mais comprometida com a sustentabilidade e os desafios ambientais contempor\u00e2neos.<\/p>\n\n\n\n<figure class=\"wp-block-image size-full\"><img fetchpriority=\"high\" decoding=\"async\" width=\"1024\" height=\"683\" src=\"https:\/\/sgvaimudar.com.br\/wp-content\/uploads\/2025\/05\/unnamed-2-26.jpg\" alt=\"\" class=\"wp-image-25858\" srcset=\"https:\/\/sgvaimudar.com.br\/wp-content\/uploads\/2025\/05\/unnamed-2-26.jpg 1024w, https:\/\/sgvaimudar.com.br\/wp-content\/uploads\/2025\/05\/unnamed-2-26-300x200.jpg 300w, https:\/\/sgvaimudar.com.br\/wp-content\/uploads\/2025\/05\/unnamed-2-26-768x512.jpg 768w\" sizes=\"(max-width: 1024px) 100vw, 1024px\" \/><\/figure>\n\n\n\n<p>O evento teve in\u00edcio com a mesa de abertura, que contou com a presen\u00e7a de Ramonn Diego Barros de Almeida, subsecret\u00e1rio da Secretaria de Meio Ambiente e Transportes, e \u00c2ngela Soledad, coordenadora de projetos da Subsecretaria de A\u00e7\u00f5es Pedag\u00f3gicas da Secretaria de Educa\u00e7\u00e3o.<\/p>\n\n\n\n<p>&#8220;A nossa secretaria est\u00e1 focada em construir uma S\u00e3o Gon\u00e7alo mais sustent\u00e1vel, mais consciente e mais preparada para poder lidar com desastres ambientais. Acredito que realizar esse curso para os nossos docentes \u00e9 de suma import\u00e2ncia porque eles s\u00e3o agentes multiplicadores e espelhos dos nossos jovens&#8221;, disse Ramonn.<\/p>\n\n\n\n<p>Segundo a coordenadora \u00c2ngela Soledad, \u00e9 importante se pensar na preserva\u00e7\u00e3o e na conscientiza\u00e7\u00e3o do meio ambiente. &#8220;A educa\u00e7\u00e3o ambiental \u00e9 uma pauta que virou pol\u00edtica p\u00fablica. Al\u00e9m de ser inclusiva, a educa\u00e7\u00e3o ambiental pode permear todos os conte\u00fados. Com esse evento, os professores poder\u00e3o nos auxiliar com sugest\u00f5es e ideias para trabalharmos com a educa\u00e7\u00e3o ambiental. Na nossa rede municipal, j\u00e1 existem v\u00e1rios projetos de educa\u00e7\u00e3o ambiental, trabalhamos emerg\u00eancias clim\u00e1ticas, o aquecimento global. Acreditamos que, sensibilizando os alunos, eles ir\u00e3o sensibilizar seus pais e os seus coletivos&#8221;, afirmou \u00c2ngela.<\/p>\n\n\n\n<p>Ap\u00f3s isso, os alunos da Escola Estadual Municipalizada Itaitindiba realizaram a adapta\u00e7\u00e3o de um livro sobre o meio ambiente, que foi lido por eles.<\/p>\n\n\n\n<p>Durante todo o dia, foram desenvolvidas palestras com temas ligados ao meio ambiente ministradas por especialistas da Secretaria de Meio Ambiente e Transportes. Al\u00e9m disso, foram discutidos temas como gest\u00e3o de \u00e1reas verdes e unidades de Conserva\u00e7\u00e3o (UC\u2019s), biodiversidade local, polui\u00e7\u00e3o e degrada\u00e7\u00e3o ambiental, dentre outros. Ao final do evento, foram entregues certificados.<\/p>\n\n\n\n<p>N\u00eddia Mendes, de 38 anos, \u00e9 professora da rede municipal e estava no evento. Para ela, ensinar os alunos sobre meio ambiente \u00e9 motivo de orgulho. Foi ela tamb\u00e9m quem se apresentou junto com os alunos da escola de Itaitindiba na abertura do evento.<\/p>\n\n\n\n<p>&#8220;Acho fundamental. Em Itaitindiba, a parte ambiental \u00e9 muito latente. A rela\u00e7\u00e3o entre o homem e a natureza \u00e9 harmoniosa.Os alunos entendem isso desde cedo e s\u00e3o multiplicadores&#8221;, disse a professora.<\/p>\n\n\n\n<p>A iniciativa est\u00e1 alinhada \u00e0 Lei n\u00ba 1.145\/2020, que institui o Sistema Municipal de Educa\u00e7\u00e3o Ambiental, refor\u00e7ando a import\u00e2ncia da forma\u00e7\u00e3o continuada dos educadores diante da atual crise clim\u00e1tica e da necessidade de a\u00e7\u00f5es locais de preserva\u00e7\u00e3o, al\u00e9m de integrar o Programa Municipal de Educa\u00e7\u00e3o Ambiental (ProMEA S\u00e3o Gon\u00e7alo), em conformidade com a Resolu\u00e7\u00e3o Conjunta SEAS\/Inea N\u00ba 039\/2021.<\/p>\n\n\n\n<p><em>Fotos: Julio Diniz<\/em><\/p>\n\n\n\n<p><strong><em>S\u00e3o Gon\u00e7alo vai mudar: Not\u00edcias de S\u00e3o Gon\u00e7alo e toda regi\u00e3o.<\/em><\/strong><\/p>\n\n\n\n<figure class=\"wp-block-image size-large\"><img decoding=\"async\" width=\"1024\" height=\"46\" src=\"https:\/\/sgvaimudar.com.br\/wp-content\/uploads\/2023\/08\/Anuncie-Aqui-Sao-Goncalo-vai-mudar-1024x46.png\" alt=\"\" class=\"wp-image-2740\" srcset=\"https:\/\/sgvaimudar.com.br\/wp-content\/uploads\/2023\/08\/Anuncie-Aqui-Sao-Goncalo-vai-mudar-1024x46.png 1024w, https:\/\/sgvaimudar.com.br\/wp-content\/uploads\/2023\/08\/Anuncie-Aqui-Sao-Goncalo-vai-mudar-300x13.png 300w, https:\/\/sgvaimudar.com.br\/wp-content\/uploads\/2023\/08\/Anuncie-Aqui-Sao-Goncalo-vai-mudar-768x35.png 768w, https:\/\/sgvaimudar.com.br\/wp-content\/uploads\/2023\/08\/Anuncie-Aqui-Sao-Goncalo-vai-mudar-1536x69.png 1536w, https:\/\/sgvaimudar.com.br\/wp-content\/uploads\/2023\/08\/Anuncie-Aqui-Sao-Goncalo-vai-mudar.png 2002w\" sizes=\"(max-width: 1024px) 100vw, 1024px\" \/><\/figure>\n","protected":false},"excerpt":{"rendered":"<p>Evento contou com diversas palestras durante todo o dia Os professores da Educa\u00e7\u00e3o Infantil e dos Ensinos Fundamental I e&hellip;<\/p>\n","protected":false},"author":5,"featured_media":25859,"comment_status":"open","ping_status":"open","sticky":false,"template":"","format":"standard","meta":{"fifu_image_url":"","fifu_image_alt":"","footnotes":""},"categories":[3],"tags":[],"class_list":["post-25857","post","type-post","status-publish","format-standard","has-post-thumbnail","hentry","category-sao-goncalo"],"_links":{"self":[{"href":"https:\/\/sgvaimudar.com.br\/index.php\/wp-json\/wp\/v2\/posts\/25857","targetHints":{"allow":["GET"]}}],"collection":[{"href":"https:\/\/sgvaimudar.com.br\/index.php\/wp-json\/wp\/v2\/posts"}],"about":[{"href":"https:\/\/sgvaimudar.com.br\/index.php\/wp-json\/wp\/v2\/types\/post"}],"author":[{"embeddable":true,"href":"https:\/\/sgvaimudar.com.br\/index.php\/wp-json\/wp\/v2\/users\/5"}],"replies":[{"embeddable":true,"href":"https:\/\/sgvaimudar.com.br\/index.php\/wp-json\/wp\/v2\/comments?post=25857"}],"version-history":[{"count":1,"href":"https:\/\/sgvaimudar.com.br\/index.php\/wp-json\/wp\/v2\/posts\/25857\/revisions"}],"predecessor-version":[{"id":25860,"href":"https:\/\/sgvaimudar.com.br\/index.php\/wp-json\/wp\/v2\/posts\/25857\/revisions\/25860"}],"wp:featuredmedia":[{"embeddable":true,"href":"https:\/\/sgvaimudar.com.br\/index.php\/wp-json\/wp\/v2\/media\/25859"}],"wp:attachment":[{"href":"https:\/\/sgvaimudar.com.br\/index.php\/wp-json\/wp\/v2\/media?parent=25857"}],"wp:term":[{"taxonomy":"category","embeddable":true,"href":"https:\/\/sgvaimudar.com.br\/index.php\/wp-json\/wp\/v2\/categories?post=25857"},{"taxonomy":"post_tag","embeddable":true,"href":"https:\/\/sgvaimudar.com.br\/index.php\/wp-json\/wp\/v2\/tags?post=25857"}],"curies":[{"name":"wp","href":"https:\/\/api.w.org\/{rel}","templated":true}]}}