{"id":25829,"date":"2025-05-30T16:00:00","date_gmt":"2025-05-30T19:00:00","guid":{"rendered":"https:\/\/sgvaimudar.com.br\/?p=25829"},"modified":"2025-05-30T11:23:06","modified_gmt":"2025-05-30T14:23:06","slug":"justica-denuncia-homens-presos-em-flagrante-com-passaros-silvestres-transportados-de-forma-cruel-em-itaborai","status":"publish","type":"post","link":"https:\/\/sgvaimudar.com.br\/index.php\/2025\/05\/30\/justica-denuncia-homens-presos-em-flagrante-com-passaros-silvestres-transportados-de-forma-cruel-em-itaborai\/","title":{"rendered":"Justi\u00e7a denuncia homens presos em flagrante com p\u00e1ssaros silvestres transportados de forma cruel em Itabora\u00ed"},"content":{"rendered":"\n<p><em>As aves foram encontradas amontoadas em quatro sacos de nylon<\/em><\/p>\n\n\n\n<p>O Minist\u00e9rio P\u00fablico do Estado do Rio de Janeiro (MPRJ), por meio do Grupo de Atua\u00e7\u00e3o Especializada em Meio Ambiente (GAEMA\/MPRJ) e da 2\u00aa Promotoria de Justi\u00e7a Criminal de Itabora\u00ed, denunciou, nesta quarta-feira (28\/05), dois homens detidos no dia 07\/05, na Rodovia BR-101, altura do Km 283, no munic\u00edpio de Itabora\u00ed, por envolvimento em atividade criminosa de ca\u00e7a, transporte e com\u00e9rcio irregular de animais silvestres. <\/p>\n\n\n\n<p>Na ocasi\u00e3o, foram apreendidos com eles 163 p\u00e1ssaros das esp\u00e9cies caboclinho (Sporophila bouvreuil) e can\u00e1rio-tibiu (Sicalis luteola), retirados de unidades de conserva\u00e7\u00e3o ambiental de bioma Mata Atl\u00e2ntica.\u00a0<\/p>\n\n\n\n<p>Os denunciados foram autuados em flagrante pela Pol\u00edcia Federal e s\u00e3o acusados dos crimes de recepta\u00e7\u00e3o qualificada (art. 180, \u00a71\u00ba do C\u00f3digo Penal), ca\u00e7a ilegal (art. 29 da Lei 9.605\/98) e maus-tratos a animais (art. 32 da Lei 9.605\/98), todos cometidos simultaneamente, o que pode causar aumento da pena.<\/p>\n\n\n\n<p>As aves foram encontradas amontoadas em quatro sacos de nylon, comumente usados para ensacar batatas, contendo aproximadamente 40 p\u00e1ssaros cada. Estavam sem acesso a \u00e1gua ou alimento, em um ambiente cruel que causou ferimentos e levou \u00e0 morte de pelo menos uma das aves. <\/p>\n\n\n\n<p>Al\u00e9m dos animais, foram apreendidos diversos apetrechos utilizados na ca\u00e7a profissional, como redes de neblina, um fac\u00e3o, cordas e caixas de papel\u00e3o destinadas ao transporte.<\/p>\n\n\n\n<p>A den\u00fancia do MPRJ ressaltou que este n\u00e3o \u00e9 um caso isolado, mas sim um componente de um esquema profissional e recorrente de tr\u00e1fico de animais silvestres, com opera\u00e7\u00f5es consolidadas h\u00e1 mais de 20 anos. <\/p>\n\n\n\n<p>Registros policiais e judiciais apontam que um dos denunciados j\u00e1 foi investigado e processado em m\u00faltiplas ocasi\u00f5es por crimes ambientais, incluindo envolvimento em tr\u00e1fico internacional da fauna brasileira.<\/p>\n\n\n\n<p>Diante da gravidade dos fatos e da reitera\u00e7\u00e3o criminosa, o GAEMA\/MPRJ requereu a manuten\u00e7\u00e3o da pris\u00e3o preventiva de um dos denunciados, por entender que sua liberdade representa risco \u00e0 ordem p\u00fablica e \u00e0 efetividade da legisla\u00e7\u00e3o ambiental. <\/p>\n\n\n\n<p>Em rela\u00e7\u00e3o ao segundo envolvido, mais jovem e sem antecedentes, o Minist\u00e9rio P\u00fablico solicitou a substitui\u00e7\u00e3o da pris\u00e3o por medidas cautelares, como comparecimento peri\u00f3dico em ju\u00edzo e proibi\u00e7\u00e3o de acesso a \u00e1reas de conserva\u00e7\u00e3o ambiental.<\/p>\n\n\n\n<p><strong><em>Fa\u00e7a sua den\u00fancia pelo nosso WhatsApp: (21) <\/em><\/strong><strong><em>99744 5345<\/em><\/strong><strong><em><\/em><\/strong><\/p>\n\n\n\n<p><strong><em>S\u00e3o Gon\u00e7alo vai mudar: Not\u00edcias de S\u00e3o Gon\u00e7alo e toda regi\u00e3o.<\/em><\/strong><\/p>\n\n\n\n<figure class=\"wp-block-image size-large\"><img fetchpriority=\"high\" decoding=\"async\" width=\"1024\" height=\"252\" src=\"https:\/\/sgvaimudar.com.br\/wp-content\/uploads\/2023\/10\/Anuncie-Aqui-Sao-Goncalo-vai-mudar-2-1024x252.jpg\" alt=\"\" class=\"wp-image-3625\" srcset=\"https:\/\/sgvaimudar.com.br\/wp-content\/uploads\/2023\/10\/Anuncie-Aqui-Sao-Goncalo-vai-mudar-2-1024x252.jpg 1024w, https:\/\/sgvaimudar.com.br\/wp-content\/uploads\/2023\/10\/Anuncie-Aqui-Sao-Goncalo-vai-mudar-2-300x74.jpg 300w, https:\/\/sgvaimudar.com.br\/wp-content\/uploads\/2023\/10\/Anuncie-Aqui-Sao-Goncalo-vai-mudar-2-768x189.jpg 768w, https:\/\/sgvaimudar.com.br\/wp-content\/uploads\/2023\/10\/Anuncie-Aqui-Sao-Goncalo-vai-mudar-2-1536x378.jpg 1536w, https:\/\/sgvaimudar.com.br\/wp-content\/uploads\/2023\/10\/Anuncie-Aqui-Sao-Goncalo-vai-mudar-2-2048x504.jpg 2048w\" sizes=\"(max-width: 1024px) 100vw, 1024px\" \/><\/figure>\n","protected":false},"excerpt":{"rendered":"<p>As aves foram encontradas amontoadas em quatro sacos de nylon O Minist\u00e9rio P\u00fablico do Estado do Rio de Janeiro (MPRJ),&hellip;<\/p>\n","protected":false},"author":5,"featured_media":25830,"comment_status":"open","ping_status":"open","sticky":false,"template":"","format":"standard","meta":{"fifu_image_url":"","fifu_image_alt":"","footnotes":""},"categories":[32],"tags":[],"class_list":["post-25829","post","type-post","status-publish","format-standard","has-post-thumbnail","hentry","category-casos-de-policia"],"_links":{"self":[{"href":"https:\/\/sgvaimudar.com.br\/index.php\/wp-json\/wp\/v2\/posts\/25829","targetHints":{"allow":["GET"]}}],"collection":[{"href":"https:\/\/sgvaimudar.com.br\/index.php\/wp-json\/wp\/v2\/posts"}],"about":[{"href":"https:\/\/sgvaimudar.com.br\/index.php\/wp-json\/wp\/v2\/types\/post"}],"author":[{"embeddable":true,"href":"https:\/\/sgvaimudar.com.br\/index.php\/wp-json\/wp\/v2\/users\/5"}],"replies":[{"embeddable":true,"href":"https:\/\/sgvaimudar.com.br\/index.php\/wp-json\/wp\/v2\/comments?post=25829"}],"version-history":[{"count":1,"href":"https:\/\/sgvaimudar.com.br\/index.php\/wp-json\/wp\/v2\/posts\/25829\/revisions"}],"predecessor-version":[{"id":25831,"href":"https:\/\/sgvaimudar.com.br\/index.php\/wp-json\/wp\/v2\/posts\/25829\/revisions\/25831"}],"wp:featuredmedia":[{"embeddable":true,"href":"https:\/\/sgvaimudar.com.br\/index.php\/wp-json\/wp\/v2\/media\/25830"}],"wp:attachment":[{"href":"https:\/\/sgvaimudar.com.br\/index.php\/wp-json\/wp\/v2\/media?parent=25829"}],"wp:term":[{"taxonomy":"category","embeddable":true,"href":"https:\/\/sgvaimudar.com.br\/index.php\/wp-json\/wp\/v2\/categories?post=25829"},{"taxonomy":"post_tag","embeddable":true,"href":"https:\/\/sgvaimudar.com.br\/index.php\/wp-json\/wp\/v2\/tags?post=25829"}],"curies":[{"name":"wp","href":"https:\/\/api.w.org\/{rel}","templated":true}]}}