{"id":25795,"date":"2025-05-30T09:59:00","date_gmt":"2025-05-30T12:59:00","guid":{"rendered":"https:\/\/sgvaimudar.com.br\/?p=25795"},"modified":"2025-05-30T09:40:27","modified_gmt":"2025-05-30T12:40:27","slug":"dois-homens-sao-presos-por-trafico-de-drogas-em-itaborai","status":"publish","type":"post","link":"https:\/\/sgvaimudar.com.br\/index.php\/2025\/05\/30\/dois-homens-sao-presos-por-trafico-de-drogas-em-itaborai\/","title":{"rendered":"Dois homens s\u00e3o presos por tr\u00e1fico de drogas em Itabora\u00ed"},"content":{"rendered":"\n<p><em>Segundo os policiais do Seguran\u00e7a Presente, um suspeito estava encostado na moto sem placa<\/em><\/p>\n\n\n\n<p>Dois homens foram presos pelo Seguran\u00e7a Presente de Itabora\u00ed acusados de serem traficantes de um ponto de venda de entorpecente conhecido como Boca do Sem Terra, no bairro Areal, na \u00faltima quarta-feira (28\/5).<\/p>\n\n\n\n<p>Segundo a pol\u00edcia, os agentes estavam em patrulhamento na altura do n\u00famero 174, da  Rua das Jaqueiras, quando viram dois indiv\u00edduos, um deles encostado em uma moto NXR 125 BROS KS, vermelha, sem placa, em um ponto de tr\u00e1fico de drogas.<\/p>\n\n\n\n<figure class=\"wp-block-image size-large is-resized\"><img fetchpriority=\"high\" decoding=\"async\" width=\"576\" height=\"1024\" src=\"https:\/\/sgvaimudar.com.br\/wp-content\/uploads\/2025\/05\/WhatsApp-Image-2025-05-30-at-08.24.46-576x1024.jpeg\" alt=\"\" class=\"wp-image-25797\" style=\"aspect-ratio:0.5625;width:693px;height:auto\" srcset=\"https:\/\/sgvaimudar.com.br\/wp-content\/uploads\/2025\/05\/WhatsApp-Image-2025-05-30-at-08.24.46-576x1024.jpeg 576w, https:\/\/sgvaimudar.com.br\/wp-content\/uploads\/2025\/05\/WhatsApp-Image-2025-05-30-at-08.24.46-169x300.jpeg 169w, https:\/\/sgvaimudar.com.br\/wp-content\/uploads\/2025\/05\/WhatsApp-Image-2025-05-30-at-08.24.46-768x1365.jpeg 768w, https:\/\/sgvaimudar.com.br\/wp-content\/uploads\/2025\/05\/WhatsApp-Image-2025-05-30-at-08.24.46-864x1536.jpeg 864w, https:\/\/sgvaimudar.com.br\/wp-content\/uploads\/2025\/05\/WhatsApp-Image-2025-05-30-at-08.24.46.jpeg 900w\" sizes=\"(max-width: 576px) 100vw, 576px\" \/><\/figure>\n\n\n\n<p>De acordo com as informa\u00e7\u00f5es, quando os suspeitos avistaram a viatura tentaram fugir. No entanto, os policiais j\u00e1 estavam aguardando a fuga e interceptaram a dupla. Na a\u00e7\u00e3o, os acusados confessaram aos militares serem do tr\u00e1fico. Ap\u00f3s as buscas foi encontrado uma mochila com a carga usada.<\/p>\n\n\n\n<p>A pol\u00edcia disse que perguntou aos homens se havia algo a mais de il\u00edcito e eles disseram que n\u00e3o. Por\u00e9m, ao fazer mais uma busca no local os agentes encontraram pr\u00f3ximo a abordagem mais materiais entorpecentes em uma sacola.<\/p>\n\n\n\n<p>Na a\u00e7\u00e3o, a dupla foi conduzida para a 71\u00ba DP. Na delegacia foi contabilizado 129 pinos de coca\u00edna, 35 trouxinhas de maconha, 23 trouxinhas de skank, 13 pedras de crack e um celular Motorola.<\/p>\n\n\n\n<p>Segundo o delegado, os acusados v\u00e3o responder pelo crime de tr\u00e1fico previsto no artigo 33 da Lei 11.343\/2006.<\/p>\n\n\n\n<p><strong><em>Fa\u00e7a sua den\u00fancia pelo nosso WhatsApp: (21) <\/em><\/strong><strong><em>99744 5345<\/em><\/strong><strong><em><\/em><\/strong><\/p>\n\n\n\n<p><strong><em>S\u00e3o Gon\u00e7alo vai mudar: Not\u00edcias de S\u00e3o Gon\u00e7alo e toda regi\u00e3o.<\/em><\/strong><\/p>\n\n\n\n<figure class=\"wp-block-image size-large\"><img decoding=\"async\" width=\"1024\" height=\"252\" src=\"https:\/\/sgvaimudar.com.br\/wp-content\/uploads\/2025\/03\/Anuncie-Aqui-Sao-Goncalo-vai-mudar-1024x252.jpg\" alt=\"\" class=\"wp-image-22693\" srcset=\"https:\/\/sgvaimudar.com.br\/wp-content\/uploads\/2025\/03\/Anuncie-Aqui-Sao-Goncalo-vai-mudar-1024x252.jpg 1024w, https:\/\/sgvaimudar.com.br\/wp-content\/uploads\/2025\/03\/Anuncie-Aqui-Sao-Goncalo-vai-mudar-300x74.jpg 300w, https:\/\/sgvaimudar.com.br\/wp-content\/uploads\/2025\/03\/Anuncie-Aqui-Sao-Goncalo-vai-mudar-768x189.jpg 768w, https:\/\/sgvaimudar.com.br\/wp-content\/uploads\/2025\/03\/Anuncie-Aqui-Sao-Goncalo-vai-mudar-1536x378.jpg 1536w, https:\/\/sgvaimudar.com.br\/wp-content\/uploads\/2025\/03\/Anuncie-Aqui-Sao-Goncalo-vai-mudar-2048x504.jpg 2048w\" sizes=\"(max-width: 1024px) 100vw, 1024px\" \/><\/figure>\n\n\n\n<p> <\/p>\n","protected":false},"excerpt":{"rendered":"<p>Segundo os policiais do Seguran\u00e7a Presente, um suspeito estava encostado na moto sem placa Dois homens foram presos pelo Seguran\u00e7a&hellip;<\/p>\n","protected":false},"author":5,"featured_media":25796,"comment_status":"open","ping_status":"open","sticky":false,"template":"","format":"standard","meta":{"fifu_image_url":"","fifu_image_alt":"","footnotes":""},"categories":[32],"tags":[],"class_list":["post-25795","post","type-post","status-publish","format-standard","has-post-thumbnail","hentry","category-casos-de-policia"],"_links":{"self":[{"href":"https:\/\/sgvaimudar.com.br\/index.php\/wp-json\/wp\/v2\/posts\/25795","targetHints":{"allow":["GET"]}}],"collection":[{"href":"https:\/\/sgvaimudar.com.br\/index.php\/wp-json\/wp\/v2\/posts"}],"about":[{"href":"https:\/\/sgvaimudar.com.br\/index.php\/wp-json\/wp\/v2\/types\/post"}],"author":[{"embeddable":true,"href":"https:\/\/sgvaimudar.com.br\/index.php\/wp-json\/wp\/v2\/users\/5"}],"replies":[{"embeddable":true,"href":"https:\/\/sgvaimudar.com.br\/index.php\/wp-json\/wp\/v2\/comments?post=25795"}],"version-history":[{"count":1,"href":"https:\/\/sgvaimudar.com.br\/index.php\/wp-json\/wp\/v2\/posts\/25795\/revisions"}],"predecessor-version":[{"id":25798,"href":"https:\/\/sgvaimudar.com.br\/index.php\/wp-json\/wp\/v2\/posts\/25795\/revisions\/25798"}],"wp:featuredmedia":[{"embeddable":true,"href":"https:\/\/sgvaimudar.com.br\/index.php\/wp-json\/wp\/v2\/media\/25796"}],"wp:attachment":[{"href":"https:\/\/sgvaimudar.com.br\/index.php\/wp-json\/wp\/v2\/media?parent=25795"}],"wp:term":[{"taxonomy":"category","embeddable":true,"href":"https:\/\/sgvaimudar.com.br\/index.php\/wp-json\/wp\/v2\/categories?post=25795"},{"taxonomy":"post_tag","embeddable":true,"href":"https:\/\/sgvaimudar.com.br\/index.php\/wp-json\/wp\/v2\/tags?post=25795"}],"curies":[{"name":"wp","href":"https:\/\/api.w.org\/{rel}","templated":true}]}}