{"id":25754,"date":"2025-05-29T13:00:00","date_gmt":"2025-05-29T16:00:00","guid":{"rendered":"https:\/\/sgvaimudar.com.br\/?p=25754"},"modified":"2025-05-29T08:51:50","modified_gmt":"2025-05-29T11:51:50","slug":"acao-social-voltada-a-pessoas-com-deficiencia-beneficia-diversos-goncalenses","status":"publish","type":"post","link":"https:\/\/sgvaimudar.com.br\/index.php\/2025\/05\/29\/acao-social-voltada-a-pessoas-com-deficiencia-beneficia-diversos-goncalenses\/","title":{"rendered":"A\u00e7\u00e3o social voltada a pessoas com defici\u00eancia beneficia diversos gon\u00e7alenses\u00a0"},"content":{"rendered":"\n<p><em>\u201cInclus\u00e3o em A\u00e7\u00e3o: S\u00e3o Gon\u00e7alo \u00e9 para todos!\u201d aconteceu na manh\u00e3 desta quarta-feira (28)<\/em><\/p>\n\n\n\n<p>A fim de refor\u00e7ar a import\u00e2ncia da inclus\u00e3o de pessoas com defici\u00eancia (PCDs) na sociedade, a Subsecretaria da Pessoa com Defici\u00eancia da Prefeitura de S\u00e3o Gon\u00e7alo realizou o evento \u201cInclus\u00e3o em A\u00e7\u00e3o: S\u00e3o Gon\u00e7alo \u00e9 para todos!\u201d. A iniciativa garantiu diversos servi\u00e7os gratuitos na entrada do Partage Shopping, nesta quarta-feira (28), das 10h \u00e0s 15h.<\/p>\n\n\n\n<p>\u201cReunimos diversas equipes para prestar servi\u00e7os importantes para comunidade PCD, que muitas vezes tem dificuldade para encontr\u00e1-los. E, aqui, oferecemos atendimentos e ajudamos as pessoas com orienta\u00e7\u00f5es necess\u00e1rias para melhorar a qualidade de vida da pessoa com defici\u00eancia. <\/p>\n\n\n\n<figure class=\"wp-block-image size-full\"><img fetchpriority=\"high\" decoding=\"async\" width=\"1024\" height=\"681\" src=\"https:\/\/sgvaimudar.com.br\/wp-content\/uploads\/2025\/05\/unnamed-8-14.jpg\" alt=\"\" class=\"wp-image-25755\" srcset=\"https:\/\/sgvaimudar.com.br\/wp-content\/uploads\/2025\/05\/unnamed-8-14.jpg 1024w, https:\/\/sgvaimudar.com.br\/wp-content\/uploads\/2025\/05\/unnamed-8-14-300x200.jpg 300w, https:\/\/sgvaimudar.com.br\/wp-content\/uploads\/2025\/05\/unnamed-8-14-768x511.jpg 768w\" sizes=\"(max-width: 1024px) 100vw, 1024px\" \/><\/figure>\n\n\n\n<p>E, como sempre, refor\u00e7o o lema \u2018nada sobre n\u00f3s sem n\u00f3s\u2019,\u201d destacou o subsecret\u00e1rio da Pessoa com Defici\u00eancia, Evangelista Ubirajara.<\/p>\n\n\n\n<p>No local, tanto PCDs quanto pessoas que n\u00e3o possuem defici\u00eancia tiveram acesso a servi\u00e7os como aferi\u00e7\u00e3o de press\u00e3o e outros cuidados de sa\u00fade;&nbsp;oportunidades de cadastros em vagas de emprego com o SINE; orienta\u00e7\u00f5es gerais sobre MEI; orienta\u00e7\u00e3o para Vale Social e vaga de estacionamento priorit\u00e1ria com a Secretaria Municipal de Meio Ambiente e Transportes; servi\u00e7os do Centro de Refer\u00eancia da Assist\u00eancia Social (CRAS); pr\u00e9-agendamentos para carteira de identidade, exclusivo para pessoas com defici\u00eancia; emiss\u00f5es de gratuidade e regulariza\u00e7\u00e3o de documentos e orienta\u00e7\u00f5es sobre a Carteira Municipal Simplificada do Autismo e S\u00edndrome de Down, com a equipe do Espa\u00e7o Azul.<\/p>\n\n\n\n<p>A moradora do Z\u00e9 Garoto, Denise Cristina, de 54 anos, \u00e9 m\u00e3e da Ana Beatriz Rodrigues, de 20 anos e afirma que a filha sempre aproveita as oportunidades concedidas pela subsecretaria.<\/p>\n\n\n\n<p>\u201cEstava precisando renovar a identidade dela e consegui aqui. Ficamos felizes de contar com o apoio dessas equipes que est\u00e3o sempre dispostas a ajudar, ela conhece todos e gosta muito de participar de todas as a\u00e7\u00f5es promovidas pela Prefeitura,\u201d contou.<\/p>\n\n\n\n<p>A a\u00e7\u00e3o foi alusiva ao M\u00eas do Trabalho Inclusivo, institu\u00eddo pela Lei Municipal 1427\/23, que defende a promo\u00e7\u00e3o para inclus\u00e3o de pessoas com defici\u00eancia no mercado de trabalho.<\/p>\n\n\n\n<p><strong><em>S\u00e3o Gon\u00e7alo vai mudar: Not\u00edcias de S\u00e3o Gon\u00e7alo e toda regi\u00e3o.<\/em><\/strong><\/p>\n\n\n\n<figure class=\"wp-block-image size-large\"><img decoding=\"async\" width=\"1024\" height=\"252\" src=\"https:\/\/sgvaimudar.com.br\/wp-content\/uploads\/2025\/03\/Anuncie-Aqui-Sao-Goncalo-vai-mudar-1024x252.jpg\" alt=\"\" class=\"wp-image-22693\" srcset=\"https:\/\/sgvaimudar.com.br\/wp-content\/uploads\/2025\/03\/Anuncie-Aqui-Sao-Goncalo-vai-mudar-1024x252.jpg 1024w, https:\/\/sgvaimudar.com.br\/wp-content\/uploads\/2025\/03\/Anuncie-Aqui-Sao-Goncalo-vai-mudar-300x74.jpg 300w, https:\/\/sgvaimudar.com.br\/wp-content\/uploads\/2025\/03\/Anuncie-Aqui-Sao-Goncalo-vai-mudar-768x189.jpg 768w, https:\/\/sgvaimudar.com.br\/wp-content\/uploads\/2025\/03\/Anuncie-Aqui-Sao-Goncalo-vai-mudar-1536x378.jpg 1536w, https:\/\/sgvaimudar.com.br\/wp-content\/uploads\/2025\/03\/Anuncie-Aqui-Sao-Goncalo-vai-mudar-2048x504.jpg 2048w\" sizes=\"(max-width: 1024px) 100vw, 1024px\" \/><\/figure>\n","protected":false},"excerpt":{"rendered":"<p>\u201cInclus\u00e3o em A\u00e7\u00e3o: S\u00e3o Gon\u00e7alo \u00e9 para todos!\u201d aconteceu na manh\u00e3 desta quarta-feira (28) A fim de refor\u00e7ar a import\u00e2ncia&hellip;<\/p>\n","protected":false},"author":5,"featured_media":25756,"comment_status":"open","ping_status":"open","sticky":false,"template":"","format":"standard","meta":{"fifu_image_url":"","fifu_image_alt":"","footnotes":""},"categories":[3],"tags":[],"class_list":["post-25754","post","type-post","status-publish","format-standard","has-post-thumbnail","hentry","category-sao-goncalo"],"_links":{"self":[{"href":"https:\/\/sgvaimudar.com.br\/index.php\/wp-json\/wp\/v2\/posts\/25754","targetHints":{"allow":["GET"]}}],"collection":[{"href":"https:\/\/sgvaimudar.com.br\/index.php\/wp-json\/wp\/v2\/posts"}],"about":[{"href":"https:\/\/sgvaimudar.com.br\/index.php\/wp-json\/wp\/v2\/types\/post"}],"author":[{"embeddable":true,"href":"https:\/\/sgvaimudar.com.br\/index.php\/wp-json\/wp\/v2\/users\/5"}],"replies":[{"embeddable":true,"href":"https:\/\/sgvaimudar.com.br\/index.php\/wp-json\/wp\/v2\/comments?post=25754"}],"version-history":[{"count":1,"href":"https:\/\/sgvaimudar.com.br\/index.php\/wp-json\/wp\/v2\/posts\/25754\/revisions"}],"predecessor-version":[{"id":25757,"href":"https:\/\/sgvaimudar.com.br\/index.php\/wp-json\/wp\/v2\/posts\/25754\/revisions\/25757"}],"wp:featuredmedia":[{"embeddable":true,"href":"https:\/\/sgvaimudar.com.br\/index.php\/wp-json\/wp\/v2\/media\/25756"}],"wp:attachment":[{"href":"https:\/\/sgvaimudar.com.br\/index.php\/wp-json\/wp\/v2\/media?parent=25754"}],"wp:term":[{"taxonomy":"category","embeddable":true,"href":"https:\/\/sgvaimudar.com.br\/index.php\/wp-json\/wp\/v2\/categories?post=25754"},{"taxonomy":"post_tag","embeddable":true,"href":"https:\/\/sgvaimudar.com.br\/index.php\/wp-json\/wp\/v2\/tags?post=25754"}],"curies":[{"name":"wp","href":"https:\/\/api.w.org\/{rel}","templated":true}]}}