{"id":25750,"date":"2025-05-29T12:00:00","date_gmt":"2025-05-29T15:00:00","guid":{"rendered":"https:\/\/sgvaimudar.com.br\/?p=25750"},"modified":"2025-05-29T08:47:31","modified_gmt":"2025-05-29T11:47:31","slug":"maio-amarelo-secretaria-municipal-de-transportes-realiza-tarde-de-acoes-educativas","status":"publish","type":"post","link":"https:\/\/sgvaimudar.com.br\/index.php\/2025\/05\/29\/maio-amarelo-secretaria-municipal-de-transportes-realiza-tarde-de-acoes-educativas\/","title":{"rendered":"Maio Amarelo: Secretaria Municipal de Transportes realiza tarde de a\u00e7\u00f5es educativas"},"content":{"rendered":"\n<p><em>Simula\u00e7\u00e3o de acidente de tr\u00e2nsito e blitz educativa alertam motoristas<\/em><\/p>\n\n\n\n<p>O Maio Amarelo segue sendo um sucesso por todo o munic\u00edpio de S\u00e3o Gon\u00e7alo. E, nesta tarde de quarta-feira (28), a Secretaria de Meio Ambiente e Transportes da Prefeitura de S\u00e3o Gon\u00e7alo realizou duas a\u00e7\u00f5es: uma simula\u00e7\u00e3o de um acidente entre moto e \u00f4nibus na Avenida Presidente Kennedy, no bairro Z\u00e9 Garoto; e uma blitz educativa que abordou 134 motociclistas na Rua Francisco Portela, na altura da Parada 40.<\/p>\n\n\n\n<p>A campanha do Maio Amarelo 2025 tem como tema \u201cDesacelere\u201d. Seu bem maior \u00e9 a vida\u201d. Na simula\u00e7\u00e3o de acidente de moto, duas v\u00edtimas estavam maquiadas com ferimentos nas pernas e nos bra\u00e7os e os guardas municipais receberam orienta\u00e7\u00e3o para socorr\u00ea-las e encaminh\u00e1-las para ambul\u00e2ncias. <\/p>\n\n\n\n<figure class=\"wp-block-image size-large\"><img fetchpriority=\"high\" decoding=\"async\" width=\"1024\" height=\"684\" src=\"https:\/\/sgvaimudar.com.br\/wp-content\/uploads\/2025\/05\/unnamed-6-17-1024x684.jpg\" alt=\"\" class=\"wp-image-25751\" srcset=\"https:\/\/sgvaimudar.com.br\/wp-content\/uploads\/2025\/05\/unnamed-6-17-1024x684.jpg 1024w, https:\/\/sgvaimudar.com.br\/wp-content\/uploads\/2025\/05\/unnamed-6-17-300x200.jpg 300w, https:\/\/sgvaimudar.com.br\/wp-content\/uploads\/2025\/05\/unnamed-6-17-768x513.jpg 768w, https:\/\/sgvaimudar.com.br\/wp-content\/uploads\/2025\/05\/unnamed-6-17-1536x1027.jpg 1536w, https:\/\/sgvaimudar.com.br\/wp-content\/uploads\/2025\/05\/unnamed-6-17.jpg 1616w\" sizes=\"(max-width: 1024px) 100vw, 1024px\" \/><\/figure>\n\n\n\n<p>Essa a\u00e7\u00e3o complementou o curso de treinamento para o pronto atendimento de v\u00edtimas de acidentes de tr\u00e2nsito realizado pelos agentes na sede do Grupo A\u00e7\u00e3o Resgate (GAR) na \u00faltima semana.<\/p>\n\n\n\n<p>J\u00e1 a blitz educativa, feita em parceria com a Yamaha, distribuiu antenas para prote\u00e7\u00e3o contra linhas de pipa para motociclistas e alertou sobre a import\u00e2ncia do Maio Amarelo e da preven\u00e7\u00e3o de acidentes.<\/p>\n\n\n\n<p>&#8220;Esse ano realizamos uma das maiores a\u00e7\u00f5es do Maio Amarelo. A simula\u00e7\u00e3o de resgate a v\u00edtimas de tr\u00e2nsito foi uma das mais aguardadas. O Maio Amarelo fala sobre a vida: desacelerar, como diz o tema da campanha, significa que devemos ter prud\u00eancia e sabedoria para conduzir um ve\u00edculo em via p\u00fablica porque muitas vidas est\u00e3o em risco&#8221;, afirmou Izabela Braz, gerente de transporte da Secretaria de Meio Ambiente e Transportes.<\/p>\n\n\n\n<p>Bruno C\u00e9sar Alc\u00e2ntara \u00e9 enfermeiro, fisioterapeuta, instrutor de emerg\u00eancia, bombeiro e diretor do GAR. Ele foi um dos orientadores da simula\u00e7\u00e3o e deu as palestras no curso da semana passada para os guardas municipais.<\/p>\n\n\n\n<p>&#8220;Essa simula\u00e7\u00e3o fez com que os guardas colocassem em pr\u00e1tica todo o treinamento. Hoje, fizemos a simula\u00e7\u00e3o de um acidente entre moto e \u00f4nibus e os guardas, como chegam primeiro, podem realizar os primeiros socorros e chamar tamb\u00e9m os bombeiros. Com isso, conseguimos previnir danos, j\u00e1 que o primeiro atendimento foi dado de forma precoce&#8221;, disse.<\/p>\n\n\n\n<p>Uedson Monteiro Pinheiro, de 58 anos, \u00e9 guarda municipal desde 1991 e participou do curso. &#8220;Foi muito interessante ter esses conhecimentos. Nas ruas, na nossa rotina, nos deparamos com essa situa\u00e7\u00e3o constantemente, ent\u00e3o \u00e9 \u00f3timo saber como agir at\u00e9 que os bombeiros cheguem&#8221;, disse.<\/p>\n\n\n\n<p>Os guardas receber\u00e3o o certificado do curso no dia 30, no encerramento do Maio Amarelo.<\/p>\n\n\n\n<p><strong>Durante a blitz<\/strong>&nbsp;&#8211; Na blitz, agentes orientavam os motociclistas sobre o Maio Amarelo e a preven\u00e7\u00e3o de acidentes, al\u00e9m de instalar as antenas. Willian Ant\u00f4nio de Souza, de 28 anos, foi um dos motociclistas que participou da blitz educativa. Para ele, a\u00e7\u00f5es como essa s\u00e3o muito importantes.<\/p>\n\n\n\n<p>&#8220;Eu acho muito legal! Eles estarem dando essa antena para a gente tamb\u00e9m \u00e9 necess\u00e1rio. Acho que todos os motociclistas deveriam ter porque protege vidas. Essa quest\u00e3o do Maio Amarelo tamb\u00e9m \u00e9 fundamental porque discute sobre a preven\u00e7\u00e3o de acidentes&#8221;, disse.<\/p>\n\n\n\n<p><em>Fotos: Renan Otto<\/em><\/p>\n\n\n\n<p><strong><em>S\u00e3o Gon\u00e7alo vai mudar: Not\u00edcias de S\u00e3o Gon\u00e7alo e toda regi\u00e3o.<\/em><\/strong><\/p>\n\n\n\n<figure class=\"wp-block-image size-large\"><img decoding=\"async\" width=\"1024\" height=\"252\" src=\"https:\/\/sgvaimudar.com.br\/wp-content\/uploads\/2025\/03\/Anuncie-Aqui-Sao-Goncalo-vai-mudar-1024x252.jpg\" alt=\"\" class=\"wp-image-22693\" srcset=\"https:\/\/sgvaimudar.com.br\/wp-content\/uploads\/2025\/03\/Anuncie-Aqui-Sao-Goncalo-vai-mudar-1024x252.jpg 1024w, https:\/\/sgvaimudar.com.br\/wp-content\/uploads\/2025\/03\/Anuncie-Aqui-Sao-Goncalo-vai-mudar-300x74.jpg 300w, https:\/\/sgvaimudar.com.br\/wp-content\/uploads\/2025\/03\/Anuncie-Aqui-Sao-Goncalo-vai-mudar-768x189.jpg 768w, https:\/\/sgvaimudar.com.br\/wp-content\/uploads\/2025\/03\/Anuncie-Aqui-Sao-Goncalo-vai-mudar-1536x378.jpg 1536w, https:\/\/sgvaimudar.com.br\/wp-content\/uploads\/2025\/03\/Anuncie-Aqui-Sao-Goncalo-vai-mudar-2048x504.jpg 2048w\" sizes=\"(max-width: 1024px) 100vw, 1024px\" \/><\/figure>\n","protected":false},"excerpt":{"rendered":"<p>Simula\u00e7\u00e3o de acidente de tr\u00e2nsito e blitz educativa alertam motoristas O Maio Amarelo segue sendo um sucesso por todo o&hellip;<\/p>\n","protected":false},"author":5,"featured_media":25752,"comment_status":"open","ping_status":"open","sticky":false,"template":"","format":"standard","meta":{"fifu_image_url":"","fifu_image_alt":"","footnotes":""},"categories":[3],"tags":[],"class_list":["post-25750","post","type-post","status-publish","format-standard","has-post-thumbnail","hentry","category-sao-goncalo"],"_links":{"self":[{"href":"https:\/\/sgvaimudar.com.br\/index.php\/wp-json\/wp\/v2\/posts\/25750","targetHints":{"allow":["GET"]}}],"collection":[{"href":"https:\/\/sgvaimudar.com.br\/index.php\/wp-json\/wp\/v2\/posts"}],"about":[{"href":"https:\/\/sgvaimudar.com.br\/index.php\/wp-json\/wp\/v2\/types\/post"}],"author":[{"embeddable":true,"href":"https:\/\/sgvaimudar.com.br\/index.php\/wp-json\/wp\/v2\/users\/5"}],"replies":[{"embeddable":true,"href":"https:\/\/sgvaimudar.com.br\/index.php\/wp-json\/wp\/v2\/comments?post=25750"}],"version-history":[{"count":1,"href":"https:\/\/sgvaimudar.com.br\/index.php\/wp-json\/wp\/v2\/posts\/25750\/revisions"}],"predecessor-version":[{"id":25753,"href":"https:\/\/sgvaimudar.com.br\/index.php\/wp-json\/wp\/v2\/posts\/25750\/revisions\/25753"}],"wp:featuredmedia":[{"embeddable":true,"href":"https:\/\/sgvaimudar.com.br\/index.php\/wp-json\/wp\/v2\/media\/25752"}],"wp:attachment":[{"href":"https:\/\/sgvaimudar.com.br\/index.php\/wp-json\/wp\/v2\/media?parent=25750"}],"wp:term":[{"taxonomy":"category","embeddable":true,"href":"https:\/\/sgvaimudar.com.br\/index.php\/wp-json\/wp\/v2\/categories?post=25750"},{"taxonomy":"post_tag","embeddable":true,"href":"https:\/\/sgvaimudar.com.br\/index.php\/wp-json\/wp\/v2\/tags?post=25750"}],"curies":[{"name":"wp","href":"https:\/\/api.w.org\/{rel}","templated":true}]}}