{"id":25644,"date":"2025-05-27T15:00:00","date_gmt":"2025-05-27T18:00:00","guid":{"rendered":"https:\/\/sgvaimudar.com.br\/?p=25644"},"modified":"2025-05-27T09:41:37","modified_gmt":"2025-05-27T12:41:37","slug":"sao-goncalo-intensifica-atendimento-itinerante-para-vacinar-a-populacao","status":"publish","type":"post","link":"https:\/\/sgvaimudar.com.br\/index.php\/2025\/05\/27\/sao-goncalo-intensifica-atendimento-itinerante-para-vacinar-a-populacao\/","title":{"rendered":"S\u00e3o Gon\u00e7alo intensifica atendimento itinerante para vacinar a popula\u00e7\u00e3o"},"content":{"rendered":"\n<p><em>A\u00e7\u00f5es de bloqueio t\u00eam objetivo de imunizar contra sarampo, gripe e outras doen\u00e7as<\/em><\/p>\n\n\n\n<p>A Secretaria de Sa\u00fade da Prefeitura de S\u00e3o Gon\u00e7alo afirmou que vai intensificar, a partir desta semana, as a\u00e7\u00f5es de bloqueio para refor\u00e7ar a vacina\u00e7\u00e3o da popula\u00e7\u00e3o, em especial com os imunizantes tr\u00edplice viral (sarampo, caxumba e rub\u00e9ola) e influenza (gripe). O objetivo \u00e9 impedir o surgimento de casos de sarampo e alcan\u00e7ar as metas de vacina\u00e7\u00e3o, em especial da gripe, com a proximidade do inverno.<\/p>\n\n\n\n<p>Nesta ter\u00e7a-feira (27), equipes da Coordena\u00e7\u00e3o de Imuniza\u00e7\u00e3o v\u00e3o visitar o Condom\u00ednio Residencial Parque das \u00c1guas, em Alc\u00e2ntara, das 9h \u00e0s 16h, para vacinar com os imunizantes tr\u00edplice viral , Influenza (gripe), hepatite B e Dt (difteria e t\u00e9tano).\u00a0\u00a0\u00a0<\/p>\n\n\n\n<p>\u201cA atividade fora das unidades de sa\u00fade faz parte da a\u00e7\u00e3o de bloqueio que acontece na cidade desde o in\u00edcio de abril. O objetivo da iniciativa \u00e9 refor\u00e7ar a vacina\u00e7\u00e3o contra o sarampo, bloqueando o retorno da doen\u00e7a. Para refor\u00e7ar e aumentar os \u00edndices das outras vacinas e campanhas, outros imunizantes tamb\u00e9m est\u00e3o sendo levados, dependendo de cada local\u201d, explicou a coordenadora de Imuniza\u00e7\u00e3o, Ingrid Perni.\u00a0<\/p>\n\n\n\n<p>Desta ter\u00e7a-feira (27) at\u00e9 a pr\u00f3xima quinta-feira (29), a Coordena\u00e7\u00e3o de Imuniza\u00e7\u00e3o tamb\u00e9m estar\u00e1 no quartel do Corpo de Bombeiros, em S\u00e3o Miguel. Ainda nesta ter\u00e7a-feira (27), equipes da secretaria visitar\u00e3o a Cadeia P\u00fablica Ju\u00edza Patr\u00edcia Lourival Acioli, em Guaxindiba; e na pr\u00f3xima sexta-feira (30), a f\u00e1brica da Loja Objetiva, no Mutondo. Na pr\u00f3xima segunda-feira (2), os servidores voltam ao Parque das \u00c1guas Empresarial.<\/p>\n\n\n\n<p>Desde o in\u00edcio de abril, as a\u00e7\u00f5es est\u00e3o acontecendo em diferentes locais, como empresas, escolas, universidades, hospitais, \u00e1reas comerciais, pra\u00e7as p\u00fablicas, locais de grande aglomera\u00e7\u00e3o e shoppings. A iniciativa \u00e9 uma a\u00e7\u00e3o conjunta do Minist\u00e9rio da Sa\u00fade e Governo do Estado e outros oito munic\u00edpios da Regi\u00e3o Metropolitana do Estado.\u00a0<\/p>\n\n\n\n<p>O imunizante tr\u00edplice viral pode ser aplicado nos gon\u00e7alenses entre seis meses e 59 anos que ainda n\u00e3o estejam imunizados. A vacina contra a gripe est\u00e1 liberada para toda a popula\u00e7\u00e3o com mais de seis meses de idade. J\u00e1 as vacinas hepatite B e Dt s\u00e3o aplicadas em p\u00fablicos e idades espec\u00edficas e de acordo com a caderneta de vacina\u00e7\u00e3o de cada indiv\u00edduo.\u00a0<\/p>\n\n\n\n<p>Vale lembrar que todos os imunizantes est\u00e3o dispon\u00edveis em 61 salas de vacina espalhadas pela cidade. Nas unidades de sa\u00fade, as cadernetas de vacina\u00e7\u00e3o s\u00e3o avaliadas pela equipe, assim como a condi\u00e7\u00e3o cl\u00ednica do paciente para a aplica\u00e7\u00e3o das vacinas. Para se vacinar, basta levar a caderneta de vacina\u00e7\u00e3o, documento de identifica\u00e7\u00e3o e cart\u00e3o do Sistema \u00danico de Sa\u00fade (SUS).\u00a0<\/p>\n\n\n\n<p><em>Foto: Fabio Guimar\u00e3es<\/em><\/p>\n\n\n\n<p><\/p>\n","protected":false},"excerpt":{"rendered":"<p>A\u00e7\u00f5es de bloqueio t\u00eam objetivo de imunizar contra sarampo, gripe e outras doen\u00e7as A Secretaria de Sa\u00fade da Prefeitura de&hellip;<\/p>\n","protected":false},"author":5,"featured_media":25645,"comment_status":"open","ping_status":"open","sticky":false,"template":"","format":"standard","meta":{"fifu_image_url":"","fifu_image_alt":"","footnotes":""},"categories":[7],"tags":[],"class_list":["post-25644","post","type-post","status-publish","format-standard","has-post-thumbnail","hentry","category-saude"],"_links":{"self":[{"href":"https:\/\/sgvaimudar.com.br\/index.php\/wp-json\/wp\/v2\/posts\/25644","targetHints":{"allow":["GET"]}}],"collection":[{"href":"https:\/\/sgvaimudar.com.br\/index.php\/wp-json\/wp\/v2\/posts"}],"about":[{"href":"https:\/\/sgvaimudar.com.br\/index.php\/wp-json\/wp\/v2\/types\/post"}],"author":[{"embeddable":true,"href":"https:\/\/sgvaimudar.com.br\/index.php\/wp-json\/wp\/v2\/users\/5"}],"replies":[{"embeddable":true,"href":"https:\/\/sgvaimudar.com.br\/index.php\/wp-json\/wp\/v2\/comments?post=25644"}],"version-history":[{"count":1,"href":"https:\/\/sgvaimudar.com.br\/index.php\/wp-json\/wp\/v2\/posts\/25644\/revisions"}],"predecessor-version":[{"id":25646,"href":"https:\/\/sgvaimudar.com.br\/index.php\/wp-json\/wp\/v2\/posts\/25644\/revisions\/25646"}],"wp:featuredmedia":[{"embeddable":true,"href":"https:\/\/sgvaimudar.com.br\/index.php\/wp-json\/wp\/v2\/media\/25645"}],"wp:attachment":[{"href":"https:\/\/sgvaimudar.com.br\/index.php\/wp-json\/wp\/v2\/media?parent=25644"}],"wp:term":[{"taxonomy":"category","embeddable":true,"href":"https:\/\/sgvaimudar.com.br\/index.php\/wp-json\/wp\/v2\/categories?post=25644"},{"taxonomy":"post_tag","embeddable":true,"href":"https:\/\/sgvaimudar.com.br\/index.php\/wp-json\/wp\/v2\/tags?post=25644"}],"curies":[{"name":"wp","href":"https:\/\/api.w.org\/{rel}","templated":true}]}}