{"id":25640,"date":"2025-05-27T14:00:00","date_gmt":"2025-05-27T17:00:00","guid":{"rendered":"https:\/\/sgvaimudar.com.br\/?p=25640"},"modified":"2025-05-27T09:33:37","modified_gmt":"2025-05-27T12:33:37","slug":"novo-visual-obras-do-muvi-na-trindade-seguem-a-todo-vapor","status":"publish","type":"post","link":"https:\/\/sgvaimudar.com.br\/index.php\/2025\/05\/27\/novo-visual-obras-do-muvi-na-trindade-seguem-a-todo-vapor\/","title":{"rendered":"Novo visual: Obras do Muvi na Trindade seguem a todo vapor"},"content":{"rendered":"\n<p><em>Novo corredor vi\u00e1rio vai ligar o bairro de Neves a Guaxindiba<\/em><\/p>\n\n\n\n<p>As obras do projeto Mobilidade Urbana Verde Integrada (Muvi) est\u00e3o a todo vapor na Avenida Presidente Kennedy, no bairro Trindade, no munic\u00edpio de S\u00e3o Gon\u00e7alo. Nesta segunda-feira (26), foi feito o rebaixamento do terreno onde ser\u00e1 constru\u00edda uma das pistas de rolamento. <\/p>\n\n\n\n<p>O local faz parte do trecho 4 do projeto, que vai do bairro Estrela do Norte at\u00e9 a Trindade. No local, j\u00e1 foram feitos tamb\u00e9m procedimentos de drenagem e pavimenta\u00e7\u00e3o.<\/p>\n\n\n\n<p>O trecho 5 tamb\u00e9m est\u00e1 em obras. No local, est\u00e1 sendo constru\u00edda uma ponte para ve\u00edculos, passando sobre o Rio Alc\u00e2ntara. No momento, est\u00e3o sendo cravadas as estacas da ponte. Outros trechos do projeto tamb\u00e9m recebem interven\u00e7\u00f5es, sendo que j\u00e1 \u00e9 poss\u00edvel ver \u00e1reas prontas do Muvi, no Camar\u00e3o, Vila Lage, Neves e outros.<\/p>\n\n\n\n<figure class=\"wp-block-image size-full\"><img fetchpriority=\"high\" decoding=\"async\" width=\"1024\" height=\"681\" src=\"https:\/\/sgvaimudar.com.br\/wp-content\/uploads\/2025\/05\/unnamed-4-18.jpg\" alt=\"\" class=\"wp-image-25641\" srcset=\"https:\/\/sgvaimudar.com.br\/wp-content\/uploads\/2025\/05\/unnamed-4-18.jpg 1024w, https:\/\/sgvaimudar.com.br\/wp-content\/uploads\/2025\/05\/unnamed-4-18-300x200.jpg 300w, https:\/\/sgvaimudar.com.br\/wp-content\/uploads\/2025\/05\/unnamed-4-18-768x511.jpg 768w\" sizes=\"(max-width: 1024px) 100vw, 1024px\" \/><\/figure>\n\n\n\n<p>O projeto \u00e9 executado gra\u00e7as a uma parceria entre o Governo do Estado do Rio de Janeiro, atrav\u00e9s da Secretaria das Cidades, e a Prefeitura de S\u00e3o Gon\u00e7alo. &#8220;Trata-se do maior projeto de mobilidade urbana j\u00e1 realizado na cidade de S\u00e3o Gon\u00e7alo, com um investimento de R$ 287 milh\u00f5es&#8221;, disse a Prefeitura no texto.<\/p>\n\n\n\n<p>As obras do Muvi incluem drenagem, para evitar alagamentos pela cidade, pavimenta\u00e7\u00e3o, novas cal\u00e7adas e meios-fios, al\u00e9m de interven\u00e7\u00f5es art\u00edsticas, paisagismo, pistas preferenciais para \u00f4nibus, ciclovia e a instala\u00e7\u00e3o de pontos de \u00f4nibus por toda a cidade.<\/p>\n\n\n\n<p>O prefeito Capit\u00e3o Nelson destacou que a transforma\u00e7\u00e3o na vida dos cidad\u00e3os.<\/p>\n\n\n\n<p>&#8220;O Muvi \u00e9 uma realidade. Hoje, temos mais de 50% do corredor vi\u00e1rio pronto e muitos gon\u00e7alenses j\u00e1 trafegam por esses locais e conseguem sentir um tr\u00e2nsito melhor. Al\u00e9m disso, o asfalto e as cal\u00e7adas est\u00e3o novos e temos diversas interven\u00e7\u00f5es art\u00edsticas por todo o corredor. A cidade tem outro visual hoje e seguiremos sempre por mais, oferecendo o que h\u00e1 de melhor para a nossa popula\u00e7\u00e3o&#8221;, disse o prefeito.<\/p>\n\n\n\n<p>Segundo a Prefeitura, o Muvi vai ligar o bairro de Neves a Guaxindiba. O corredor vi\u00e1rio ter\u00e1 18 quil\u00f4metros de extens\u00e3o e s\u00e3o previstas v\u00e1rias interven\u00e7\u00f5es urban\u00edsticas no trajeto. <\/p>\n\n\n\n<p>&#8220;O projeto foi elaborado pela Secretaria Municipal de Gest\u00e3o Integrada e Projetos Especiais (Semgipe). Em todos os trechos da obra, est\u00e3o sendo instaladas manilhas para redes de drenagem, al\u00e9m da constru\u00e7\u00e3o de cal\u00e7adas, ciclovias, meios-fios, paisagismo e pistas preferenciais para \u00f4nibus&#8221;, afirmou o poder p\u00fablico na nota.<\/p>\n\n\n\n<p><em>Fotos: Julio Diniz<\/em><\/p>\n\n\n\n<p><strong><em>Fa\u00e7a sua den\u00fancia pelo nosso WhatsApp: (21) <\/em><\/strong><strong><em>99744 5345<\/em><\/strong><strong><em><\/em><\/strong><\/p>\n\n\n\n<p><strong><em>S\u00e3o Gon\u00e7alo vai mudar: Not\u00edcias de S\u00e3o Gon\u00e7alo e toda regi\u00e3o.<\/em><\/strong><\/p>\n\n\n\n<figure class=\"wp-block-image size-large\"><img decoding=\"async\" width=\"1024\" height=\"252\" src=\"https:\/\/sgvaimudar.com.br\/wp-content\/uploads\/2025\/03\/Anuncie-Aqui-Sao-Goncalo-vai-mudar-1024x252.jpg\" alt=\"\" class=\"wp-image-22693\" srcset=\"https:\/\/sgvaimudar.com.br\/wp-content\/uploads\/2025\/03\/Anuncie-Aqui-Sao-Goncalo-vai-mudar-1024x252.jpg 1024w, https:\/\/sgvaimudar.com.br\/wp-content\/uploads\/2025\/03\/Anuncie-Aqui-Sao-Goncalo-vai-mudar-300x74.jpg 300w, https:\/\/sgvaimudar.com.br\/wp-content\/uploads\/2025\/03\/Anuncie-Aqui-Sao-Goncalo-vai-mudar-768x189.jpg 768w, https:\/\/sgvaimudar.com.br\/wp-content\/uploads\/2025\/03\/Anuncie-Aqui-Sao-Goncalo-vai-mudar-1536x378.jpg 1536w, https:\/\/sgvaimudar.com.br\/wp-content\/uploads\/2025\/03\/Anuncie-Aqui-Sao-Goncalo-vai-mudar-2048x504.jpg 2048w\" sizes=\"(max-width: 1024px) 100vw, 1024px\" \/><\/figure>\n","protected":false},"excerpt":{"rendered":"<p>Novo corredor vi\u00e1rio vai ligar o bairro de Neves a Guaxindiba As obras do projeto Mobilidade Urbana Verde Integrada (Muvi)&hellip;<\/p>\n","protected":false},"author":5,"featured_media":25642,"comment_status":"open","ping_status":"open","sticky":false,"template":"","format":"standard","meta":{"fifu_image_url":"","fifu_image_alt":"","footnotes":""},"categories":[3],"tags":[],"class_list":["post-25640","post","type-post","status-publish","format-standard","has-post-thumbnail","hentry","category-sao-goncalo"],"_links":{"self":[{"href":"https:\/\/sgvaimudar.com.br\/index.php\/wp-json\/wp\/v2\/posts\/25640","targetHints":{"allow":["GET"]}}],"collection":[{"href":"https:\/\/sgvaimudar.com.br\/index.php\/wp-json\/wp\/v2\/posts"}],"about":[{"href":"https:\/\/sgvaimudar.com.br\/index.php\/wp-json\/wp\/v2\/types\/post"}],"author":[{"embeddable":true,"href":"https:\/\/sgvaimudar.com.br\/index.php\/wp-json\/wp\/v2\/users\/5"}],"replies":[{"embeddable":true,"href":"https:\/\/sgvaimudar.com.br\/index.php\/wp-json\/wp\/v2\/comments?post=25640"}],"version-history":[{"count":1,"href":"https:\/\/sgvaimudar.com.br\/index.php\/wp-json\/wp\/v2\/posts\/25640\/revisions"}],"predecessor-version":[{"id":25643,"href":"https:\/\/sgvaimudar.com.br\/index.php\/wp-json\/wp\/v2\/posts\/25640\/revisions\/25643"}],"wp:featuredmedia":[{"embeddable":true,"href":"https:\/\/sgvaimudar.com.br\/index.php\/wp-json\/wp\/v2\/media\/25642"}],"wp:attachment":[{"href":"https:\/\/sgvaimudar.com.br\/index.php\/wp-json\/wp\/v2\/media?parent=25640"}],"wp:term":[{"taxonomy":"category","embeddable":true,"href":"https:\/\/sgvaimudar.com.br\/index.php\/wp-json\/wp\/v2\/categories?post=25640"},{"taxonomy":"post_tag","embeddable":true,"href":"https:\/\/sgvaimudar.com.br\/index.php\/wp-json\/wp\/v2\/tags?post=25640"}],"curies":[{"name":"wp","href":"https:\/\/api.w.org\/{rel}","templated":true}]}}