{"id":25635,"date":"2025-05-27T12:00:00","date_gmt":"2025-05-27T15:00:00","guid":{"rendered":"https:\/\/sgvaimudar.com.br\/?p=25635"},"modified":"2025-05-27T09:17:06","modified_gmt":"2025-05-27T12:17:06","slug":"sao-goncalo-retoma-vacinacao-contra-covid-19-para-grupos-prioritarios-com-mais-de-12-anos","status":"publish","type":"post","link":"https:\/\/sgvaimudar.com.br\/index.php\/2025\/05\/27\/sao-goncalo-retoma-vacinacao-contra-covid-19-para-grupos-prioritarios-com-mais-de-12-anos\/","title":{"rendered":"S\u00e3o Gon\u00e7alo retoma vacina\u00e7\u00e3o contra covid-19 para grupos priorit\u00e1rios com mais de 12 anos"},"content":{"rendered":"\n<p><em>Imunizante est\u00e1 dispon\u00edvel em 61 pontos de atendimento<\/em><\/p>\n\n\n\n<p>A Secretaria de Sa\u00fade da Prefeitura de S\u00e3o Gon\u00e7alo recebeu novas doses de vacina contra a covid-19 para a aplica\u00e7\u00e3o nas pessoas com mais de 12 anos de grupos priorit\u00e1rios. O imunizante estar\u00e1 dispon\u00edvel, a partir desta ter\u00e7a-feira (27), em 61 pontos de vacina\u00e7\u00e3o.<\/p>\n\n\n\n<p>A maioria funciona de segunda a sexta, das 8h \u00e0s 17h. As cl\u00ednicas municipais Gon\u00e7alense do Mutondo e da Fam\u00edlia Dr. Zerbini, no Arsenal, vacinam durante a semana, das 8h \u00e0s 21h; e aos s\u00e1bados, das 8h \u00e0s 12h, exceto feriados.\u00a0<\/p>\n\n\n\n<p>Para os gon\u00e7alenses com mais de 12 anos, a vacina est\u00e1 dispon\u00edvel para as pessoas vivendo em institui\u00e7\u00f5es de longa perman\u00eancia (Ilpis) e seus trabalhadores; profissionais da sa\u00fade, pessoas privadas de liberdade, funcion\u00e1rios do sistema de priva\u00e7\u00e3o de liberdade, adolescentes e jovens cumprindo medidas socioeducativas, pessoas em situa\u00e7\u00e3o de rua, pessoas com 60 anos ou mais, imunocomprometidos, ind\u00edgenas, ribeirinhos, quilombolas,&nbsp;gestantes e pu\u00e9rperas (at\u00e9 45 dias ap\u00f3s o parto), pessoas com defici\u00eancia permanente e com comorbidades.<\/p>\n\n\n\n<p>As comorbidades aceitas s\u00e3o doen\u00e7a respirat\u00f3ria cr\u00f4nica, doen\u00e7a card\u00edaca cr\u00f4nica, diabetes, doen\u00e7a renal cr\u00f4nica, doen\u00e7a hep\u00e1tica cr\u00f4nica, obesidade, doen\u00e7a neurol\u00f3gica cr\u00f4nica, transplantados, portadores de trissomias e imunossupress\u00e3o. Para garantir a vacina\u00e7\u00e3o, os gon\u00e7alenses devem chegar meia hora antes da previs\u00e3o do fim do expediente.<\/p>\n\n\n\n<p>As crian\u00e7as entre seis meses e 11 anos, 11 meses e 29 dias continuam sendo vacinadas normalmente. A vacina pode ser aplicada com todos os outros imunizantes. O impedimento para a vacina\u00e7\u00e3o \u00e9 se o gon\u00e7alense estiver com coronav\u00edrus ou febre. Ap\u00f3s a infec\u00e7\u00e3o por covid-19, o intervalo para a vacina\u00e7\u00e3o \u00e9 de quatro semanas.&nbsp;<\/p>\n\n\n\n<p>Para a vacina\u00e7\u00e3o \u00e9 necess\u00e1rio apresentar cart\u00e3o do SUS e caderneta de vacina com as doses anteriores para as crian\u00e7as de at\u00e9 11 anos, 11 meses e 29 dias e idosos com mais de 60 anos. Os maiores de 12 anos de grupos priorit\u00e1rios devem apresentar cart\u00e3o do SUS e caderneta de vacina com as doses anteriores, laudos m\u00e9dicos ou receitas que comprovem a doen\u00e7a ou comprovante de trabalho.&nbsp;&nbsp;&nbsp;&nbsp;<\/p>\n\n\n\n<p><strong>Locais de vacina\u00e7\u00e3o<\/strong><\/p>\n\n\n\n<p>1 \u2013 Polo Sanit\u00e1rio Paulo Marques Rangel, Porto do Rosa<\/p>\n\n\n\n<p>2 \u2013 USF Jardim Catarina I<\/p>\n\n\n\n<p>3 \u2013 USF Jos\u00e9 Avelino de Souza, Tribob\u00f3<\/p>\n\n\n\n<p>4 \u2013 USF Agenor Jos\u00e9 da Silva, Jardim Catarina<\/p>\n\n\n\n<p>5 \u2013 USF Louis Pasteur, Guaxindiba<\/p>\n\n\n\n<p>6 \u2013 Cl\u00ednica Gon\u00e7alense do Barro Vermelho<\/p>\n\n\n\n<p>7 \u2013 PAM Coelho<\/p>\n\n\n\n<p>8 \u2013 Polo Sanit\u00e1rio Washington Luiz Lopes, Z\u00e9 Garoto<\/p>\n\n\n\n<p>9 \u2013 USF David Capistrano, Ita\u00fana<\/p>\n\n\n\n<p>10 \u2013 USF Barbosa Lima Sobrinho, Boa Vista<\/p>\n\n\n\n<p>11 \u2013 Cl\u00ednica Municipal Gon\u00e7alense do Mutondo<\/p>\n\n\n\n<p>12 \u2013 USF Jos\u00e9 Bruno Neto, Boa Vista<\/p>\n\n\n\n<p>13 \u2013 USF Floren\u00e7a Pereira, Largo da Ideia<\/p>\n\n\n\n<p>14 \u2013 Polo Sanit\u00e1rio H\u00e9lio Cruz, Alc\u00e2ntara<\/p>\n\n\n\n<p>15 \u2013 USF Jos\u00e9 Jorge Cortes Freitas, Itaitindiba<\/p>\n\n\n\n<p>16 \u2013 Polo Sanit\u00e1rio Augusto Sena, Rio do Ouro<\/p>\n\n\n\n<p>17 \u2013 USF Anaia<\/p>\n\n\n\n<p>18 \u2013 USF Ana Nery, Gradim<\/p>\n\n\n\n<p>19 \u2013 Polo Sanit\u00e1rio Jorge Teixeira de Lima, Jardim Catarina<\/p>\n\n\n\n<p>20 \u2013 USF Mahatma Gandhi, Jardim Calif\u00f3rnia<\/p>\n\n\n\n<p>21 \u2013 USF Manoel De Abreu, Ipi\u00edba<\/p>\n\n\n\n<p>22 \u2013 USF Altair da Silva, Mutu\u00e1<\/p>\n\n\n\n<p>23 \u2013 USF Madre Teresa de Calcut\u00e1, Estrela do Norte<\/p>\n\n\n\n<p>24 \u2013 USF Juvenil Francisco Ribeiro, Engenho Pequeno<\/p>\n\n\n\n<p>25 \u2013 USF Fl\u00e1vio Henrique de Brito, J\u00f3quei<\/p>\n\n\n\n<p>26 \u2013 USF Irm\u00e3 Dulce, Trindade<\/p>\n\n\n\n<p>27 \u2013 USF Luiz Paulo Guimar\u00e3es, Laranjal<\/p>\n\n\n\n<p>28 \u2013 USF Em\u00edlio Ribas, Barrac\u00e3o<\/p>\n\n\n\n<p>29 \u2013 USF Elza Borges, Santa Luzia<\/p>\n\n\n\n<p>30 \u2013 PAM Neves<\/p>\n\n\n\n<p>31 \u2013 USF Ary Teixeira, Jardim Bom Retiro<\/p>\n\n\n\n<p>32 \u2013 USF Luiz Carlos Prestes, Santa Catarina<\/p>\n\n\n\n<p>33 \u2013 USF Neuza Goulart, Salgueiro&nbsp;<\/p>\n\n\n\n<p>34 \u2013 USF Haroldo Pereira Nunes, Porto Novo<\/p>\n\n\n\n<p>35 \u2013 Cl\u00ednica Municipal da Fam\u00edlia Dr. Zerbini, Arsenal<\/p>\n\n\n\n<p>36 \u2013 USF Alexander Fleming, Boa\u00e7u<\/p>\n\n\n\n<p>37 \u2013&nbsp;USF Bandeirantes<\/p>\n\n\n\n<p>38 \u2013 USF Tancredo Neves, Luiz Ca\u00e7ador<\/p>\n\n\n\n<p>39 \u2013 USF Geremias de Mattos Fontes, Jardim Bom Retiro<\/p>\n\n\n\n<p>40 \u2013 USF Quinta Dom Ricardo<\/p>\n\n\n\n<p>41 \u2013 USF Wally Figueira da Silva, Rocha<\/p>\n\n\n\n<p>42 \u2013 USF Hiparco Ferreira, Engenho do Ro\u00e7ado<\/p>\n\n\n\n<p>43 \u2013 USF Almerinda<\/p>\n\n\n\n<p>44 \u2013 USF Lu\u00edsa de Marilac, Novo M\u00e9xico<\/p>\n\n\n\n<p>45 \u2013 Cl\u00ednica Municipal Gon\u00e7alense do Coluband\u00ea<\/p>\n\n\n\n<p>46 \u2013 USF Presidente Get\u00falio Vargas, Boa Vista<\/p>\n\n\n\n<p>47 \u2013 USF Dr. Robert Koch, Porto da Madama<\/p>\n\n\n\n<p>48 \u2013 USF Doutel de Andrade, Maria Paula<\/p>\n\n\n\n<p>49 \u2013 USF Marilea Cardoso, J\u00f3quei<\/p>\n\n\n\n<p>50 \u2013 USF \u00c1gua Mineral<\/p>\n\n\n\n<p>51 \u2013 USF Adolfo Lutz, Amendoeira<\/p>\n\n\n\n<p>52 \u2013 USF Port\u00e3o do Rosa<\/p>\n\n\n\n<p>53 \u2013 USF An\u00edbal Porto, Monjolos<\/p>\n\n\n\n<p>54 \u2013 USF Albert Sabin, Fazenda dos Mineiros<\/p>\n\n\n\n<p>55 \u2013 USF Floriano Barbosa, Jardim Catarina<\/p>\n\n\n\n<p>56 \u2013&nbsp;USF Juarez Antunes, Laranjal&nbsp;<\/p>\n\n\n\n<p>57\u2013 USF Victor Chimelly, Paiva<\/p>\n\n\n\n<p>58 \u2013 USF Jardel do Amaral, Venda da Cruz<\/p>\n\n\n\n<p>59 \u2013 USF Armando Le\u00e3o, Morro do Castro<\/p>\n\n\n\n<p>60 \u2013 USF Roberto Silveira, Vista Alegre<\/p>\n\n\n\n<p>61 \u2013 USF Santa Luzia.<\/p>\n\n\n\n<p><strong><em>S\u00e3o Gon\u00e7alo vai mudar: Not\u00edcias de S\u00e3o Gon\u00e7alo e toda regi\u00e3o.<\/em><\/strong><\/p>\n\n\n\n<figure class=\"wp-block-image size-large\"><img fetchpriority=\"high\" decoding=\"async\" width=\"1024\" height=\"252\" src=\"https:\/\/sgvaimudar.com.br\/wp-content\/uploads\/2025\/03\/Anuncie-Aqui-Sao-Goncalo-vai-mudar-1024x252.jpg\" alt=\"\" class=\"wp-image-22693\" srcset=\"https:\/\/sgvaimudar.com.br\/wp-content\/uploads\/2025\/03\/Anuncie-Aqui-Sao-Goncalo-vai-mudar-1024x252.jpg 1024w, https:\/\/sgvaimudar.com.br\/wp-content\/uploads\/2025\/03\/Anuncie-Aqui-Sao-Goncalo-vai-mudar-300x74.jpg 300w, https:\/\/sgvaimudar.com.br\/wp-content\/uploads\/2025\/03\/Anuncie-Aqui-Sao-Goncalo-vai-mudar-768x189.jpg 768w, https:\/\/sgvaimudar.com.br\/wp-content\/uploads\/2025\/03\/Anuncie-Aqui-Sao-Goncalo-vai-mudar-1536x378.jpg 1536w, https:\/\/sgvaimudar.com.br\/wp-content\/uploads\/2025\/03\/Anuncie-Aqui-Sao-Goncalo-vai-mudar-2048x504.jpg 2048w\" sizes=\"(max-width: 1024px) 100vw, 1024px\" \/><\/figure>\n","protected":false},"excerpt":{"rendered":"<p>Imunizante est\u00e1 dispon\u00edvel em 61 pontos de atendimento A Secretaria de Sa\u00fade da Prefeitura de S\u00e3o Gon\u00e7alo recebeu novas doses&hellip;<\/p>\n","protected":false},"author":5,"featured_media":7556,"comment_status":"open","ping_status":"open","sticky":false,"template":"","format":"standard","meta":{"fifu_image_url":"","fifu_image_alt":"","footnotes":""},"categories":[7],"tags":[],"class_list":["post-25635","post","type-post","status-publish","format-standard","has-post-thumbnail","hentry","category-saude"],"_links":{"self":[{"href":"https:\/\/sgvaimudar.com.br\/index.php\/wp-json\/wp\/v2\/posts\/25635","targetHints":{"allow":["GET"]}}],"collection":[{"href":"https:\/\/sgvaimudar.com.br\/index.php\/wp-json\/wp\/v2\/posts"}],"about":[{"href":"https:\/\/sgvaimudar.com.br\/index.php\/wp-json\/wp\/v2\/types\/post"}],"author":[{"embeddable":true,"href":"https:\/\/sgvaimudar.com.br\/index.php\/wp-json\/wp\/v2\/users\/5"}],"replies":[{"embeddable":true,"href":"https:\/\/sgvaimudar.com.br\/index.php\/wp-json\/wp\/v2\/comments?post=25635"}],"version-history":[{"count":1,"href":"https:\/\/sgvaimudar.com.br\/index.php\/wp-json\/wp\/v2\/posts\/25635\/revisions"}],"predecessor-version":[{"id":25636,"href":"https:\/\/sgvaimudar.com.br\/index.php\/wp-json\/wp\/v2\/posts\/25635\/revisions\/25636"}],"wp:featuredmedia":[{"embeddable":true,"href":"https:\/\/sgvaimudar.com.br\/index.php\/wp-json\/wp\/v2\/media\/7556"}],"wp:attachment":[{"href":"https:\/\/sgvaimudar.com.br\/index.php\/wp-json\/wp\/v2\/media?parent=25635"}],"wp:term":[{"taxonomy":"category","embeddable":true,"href":"https:\/\/sgvaimudar.com.br\/index.php\/wp-json\/wp\/v2\/categories?post=25635"},{"taxonomy":"post_tag","embeddable":true,"href":"https:\/\/sgvaimudar.com.br\/index.php\/wp-json\/wp\/v2\/tags?post=25635"}],"curies":[{"name":"wp","href":"https:\/\/api.w.org\/{rel}","templated":true}]}}