{"id":25632,"date":"2025-05-27T11:00:00","date_gmt":"2025-05-27T14:00:00","guid":{"rendered":"https:\/\/sgvaimudar.com.br\/?p=25632"},"modified":"2025-05-27T09:13:50","modified_gmt":"2025-05-27T12:13:50","slug":"defesa-civil-inscreve-para-nova-turma-do-curso-de-voluntarios","status":"publish","type":"post","link":"https:\/\/sgvaimudar.com.br\/index.php\/2025\/05\/27\/defesa-civil-inscreve-para-nova-turma-do-curso-de-voluntarios\/","title":{"rendered":"Defesa Civil inscreve para nova turma do Curso de Volunt\u00e1rios"},"content":{"rendered":"\n<p><em>Aulas ter\u00e3o in\u00edcio no dia 23 de junho<\/em><\/p>\n\n\n\n<p>Est\u00e3o abertas as inscri\u00e7\u00f5es para uma nova turma do Curso de Volunt\u00e1rios da Defesa Civil de S\u00e3o Gon\u00e7alo. Os interessados poder\u00e3o se inscrever at\u00e9 o dia 18 de junho. O curso ter\u00e1 in\u00edcio no dia 23 de junho e ir\u00e1 at\u00e9 o dia 27 do mesmo m\u00eas.<\/p>\n\n\n\n<p>O curso \u00e9 composto por cinco m\u00f3dulos, que prop\u00f5em debates sobre temas como no\u00e7\u00f5es b\u00e1sicas de Defesa Civil e voluntariado, comunica\u00e7\u00e3o de emerg\u00eancia, abrigos tempor\u00e1rios, produtos perigosos, combate a princ\u00edpios de inc\u00eandio, atendimento pr\u00e9-hospitalar e a import\u00e2ncia da higieniza\u00e7\u00e3o das resid\u00eancias ap\u00f3s chuvas, dentre outros.<\/p>\n\n\n\n<p>As aulas te\u00f3ricas ser\u00e3o desenvolvidas nas depend\u00eancias da Uniasselvi, no Shopping Partage; j\u00e1 a aula pr\u00e1tica acontecer\u00e1 em uma das \u00c1reas de Prote\u00e7\u00e3o Ambiental (APAs) do munic\u00edpio. Os ensinamentos ser\u00e3o ministrados por agentes da Defesa Civil.<\/p>\n\n\n\n<p>Durante as aulas, ser\u00e3o desenvolvidas atividades que ensinar\u00e3o um pouco sobre o trabalho da Defesa Civil e como as pessoas devem agir em desastres e cat\u00e1strofes naturais. Os alunos formados ganhar\u00e3o um certificado ao final do curso.<\/p>\n\n\n\n<p>Quem quiser se inscrever deve preencher o formul\u00e1rio online dispon\u00edvel no link a seguir:&nbsp;<a href=\"https:\/\/click.cse360.com.br\/Click\/AddCampaignEmailClick\/3f60bda3-20c0-4ad3-8099-08dd8bfbc49d\/https%253a%252f%252fforms.gle%252fQUeFxzF83tRf9Yz86\/ac66966e-2b55-4484-fb2c-08dc491eed5f\/jornalistaws@gmail.com\/False\" rel=\"noreferrer noopener\" target=\"_blank\">https:\/\/forms.gle\/QUeFxzF83tRf9Yz86<\/a>&nbsp;ou comparecer \u00e0 sala da Defesa Civil no Shopping Partage S\u00e3o Gon\u00e7alo (segundo piso), no Centro de S\u00e3o Gon\u00e7alo, com um documento de identidade, CPF e comprovante de resid\u00eancia. Para quem quiser tirar d\u00favidas, basta entrar em contato com a Defesa Civil pelo n\u00famero (21) 2601-0199.<\/p>\n\n\n\n<p>Vale destacar que os volunt\u00e1rios n\u00e3o possuem a capacita\u00e7\u00e3o para salvar e resgatar pessoas. Eles recebem tratamento direcionado, apoiando abrigos, organizando mantimentos nesses locais, catalogando pessoas que precisarem de ajuda.<\/p>\n\n\n\n<p><em>Foto: Renan Otto<\/em><\/p>\n\n\n\n<p><strong><em>S\u00e3o Gon\u00e7alo vai mudar: Not\u00edcias de S\u00e3o Gon\u00e7alo e toda regi\u00e3o.<\/em><\/strong><\/p>\n\n\n\n<figure class=\"wp-block-image size-large\"><img fetchpriority=\"high\" decoding=\"async\" width=\"1024\" height=\"252\" src=\"https:\/\/sgvaimudar.com.br\/wp-content\/uploads\/2025\/03\/Anuncie-Aqui-Sao-Goncalo-vai-mudar-1024x252.jpg\" alt=\"\" class=\"wp-image-22693\" srcset=\"https:\/\/sgvaimudar.com.br\/wp-content\/uploads\/2025\/03\/Anuncie-Aqui-Sao-Goncalo-vai-mudar-1024x252.jpg 1024w, https:\/\/sgvaimudar.com.br\/wp-content\/uploads\/2025\/03\/Anuncie-Aqui-Sao-Goncalo-vai-mudar-300x74.jpg 300w, https:\/\/sgvaimudar.com.br\/wp-content\/uploads\/2025\/03\/Anuncie-Aqui-Sao-Goncalo-vai-mudar-768x189.jpg 768w, https:\/\/sgvaimudar.com.br\/wp-content\/uploads\/2025\/03\/Anuncie-Aqui-Sao-Goncalo-vai-mudar-1536x378.jpg 1536w, https:\/\/sgvaimudar.com.br\/wp-content\/uploads\/2025\/03\/Anuncie-Aqui-Sao-Goncalo-vai-mudar-2048x504.jpg 2048w\" sizes=\"(max-width: 1024px) 100vw, 1024px\" \/><\/figure>\n","protected":false},"excerpt":{"rendered":"<p>Aulas ter\u00e3o in\u00edcio no dia 23 de junho Est\u00e3o abertas as inscri\u00e7\u00f5es para uma nova turma do Curso de Volunt\u00e1rios&hellip;<\/p>\n","protected":false},"author":5,"featured_media":25633,"comment_status":"open","ping_status":"open","sticky":false,"template":"","format":"standard","meta":{"fifu_image_url":"","fifu_image_alt":"","footnotes":""},"categories":[3],"tags":[],"class_list":["post-25632","post","type-post","status-publish","format-standard","has-post-thumbnail","hentry","category-sao-goncalo"],"_links":{"self":[{"href":"https:\/\/sgvaimudar.com.br\/index.php\/wp-json\/wp\/v2\/posts\/25632","targetHints":{"allow":["GET"]}}],"collection":[{"href":"https:\/\/sgvaimudar.com.br\/index.php\/wp-json\/wp\/v2\/posts"}],"about":[{"href":"https:\/\/sgvaimudar.com.br\/index.php\/wp-json\/wp\/v2\/types\/post"}],"author":[{"embeddable":true,"href":"https:\/\/sgvaimudar.com.br\/index.php\/wp-json\/wp\/v2\/users\/5"}],"replies":[{"embeddable":true,"href":"https:\/\/sgvaimudar.com.br\/index.php\/wp-json\/wp\/v2\/comments?post=25632"}],"version-history":[{"count":1,"href":"https:\/\/sgvaimudar.com.br\/index.php\/wp-json\/wp\/v2\/posts\/25632\/revisions"}],"predecessor-version":[{"id":25634,"href":"https:\/\/sgvaimudar.com.br\/index.php\/wp-json\/wp\/v2\/posts\/25632\/revisions\/25634"}],"wp:featuredmedia":[{"embeddable":true,"href":"https:\/\/sgvaimudar.com.br\/index.php\/wp-json\/wp\/v2\/media\/25633"}],"wp:attachment":[{"href":"https:\/\/sgvaimudar.com.br\/index.php\/wp-json\/wp\/v2\/media?parent=25632"}],"wp:term":[{"taxonomy":"category","embeddable":true,"href":"https:\/\/sgvaimudar.com.br\/index.php\/wp-json\/wp\/v2\/categories?post=25632"},{"taxonomy":"post_tag","embeddable":true,"href":"https:\/\/sgvaimudar.com.br\/index.php\/wp-json\/wp\/v2\/tags?post=25632"}],"curies":[{"name":"wp","href":"https:\/\/api.w.org\/{rel}","templated":true}]}}