{"id":25561,"date":"2025-05-26T08:59:00","date_gmt":"2025-05-26T11:59:00","guid":{"rendered":"https:\/\/sgvaimudar.com.br\/?p=25561"},"modified":"2025-05-26T07:42:31","modified_gmt":"2025-05-26T10:42:31","slug":"governo-do-estado-realiza-apreensao-de-r-25-milhoes-em-mercadorias-ilegais-no-noroeste-fluminense","status":"publish","type":"post","link":"https:\/\/sgvaimudar.com.br\/index.php\/2025\/05\/26\/governo-do-estado-realiza-apreensao-de-r-25-milhoes-em-mercadorias-ilegais-no-noroeste-fluminense\/","title":{"rendered":"Governo do Estado realiza apreens\u00e3o de R$ 2,5 milh\u00f5es em mercadorias ilegais no Noroeste Fluminense"},"content":{"rendered":"\n<p>C<em>aminh\u00e3o vindo de S\u00e3o Paulo com carga sem nota fiscal, destinada ao Esp\u00edrito Santo, \u00e9 interceptado pelo programa Opera\u00e7\u00e3o Foco Divisas<\/em><\/p>\n\n\n\n<p>O Governo do Estado, por meio dos agentes do programa Opera\u00e7\u00e3o Foco Divisas, da Secretaria de Estado da Casa Civil, realizou uma grande apreens\u00e3o na manh\u00e3 deste s\u00e1bado (24), no Posto de Controle Fiscal de Timb\u00f3, em Itaperuna, no Noroeste do Rio de Janeiro. Um caminh\u00e3o que transportava aproximadamente R$ 2,5 milh\u00f5es em mercadorias sem nota fiscal foi interceptado durante fiscaliza\u00e7\u00e3o de rotina.<\/p>\n\n\n\n<p>-Estamos focados em proteger n\u00e3o apenas a economia formal, mas tamb\u00e9m os cidad\u00e3os que dependem dela para o seu sustento. Mercadorias sem nota fiscal prejudicam a concorr\u00eancia justa e a seguran\u00e7a da popula\u00e7\u00e3o. Por isso estamos intensificando as a\u00e7\u00f5es de fiscaliza\u00e7\u00e3o nas divisas, garantindo que nosso estado continue firme na defesa da legalidade e do desenvolvimento econ\u00f4mico sustent\u00e1vel &#8211; declarou o governador Cl\u00e1udio Castro.<\/p>\n\n\n\n<p>A carga, que tinha como origem S\u00e3o Paulo e seguia para diversas cidades do Esp\u00edrito Santo, inclu\u00eda uma variedade de produtos, como cigarros, materiais de vestu\u00e1rio, celulares, eletr\u00f4nicos e bebidas alco\u00f3licas, entre elas u\u00edsques e vinhos. Grande parte da mercadoria estava acondicionada em caixas de papel\u00e3o, com descri\u00e7\u00f5es de vestu\u00e1rio, mas sem documenta\u00e7\u00e3o fiscal que justificasse sua legalidade.<\/p>\n\n\n\n<p>Durante a abordagem, o motorista apresentou pelo menos tr\u00eas notas fiscais que n\u00e3o condiziam com a carga transportada, o que motivou uma inspe\u00e7\u00e3o mais detalhada por parte da equipe. A a\u00e7\u00e3o resultou na apreens\u00e3o de toda a mercadoria, que foi levada para o Posto de Controle Fiscal de Mato Verde, em Campos dos Goytacazes, onde permanece retida para procedimentos legais.<\/p>\n\n\n\n<p>Segundo o Subsecret\u00e1rio Especial de Controle de Divisas e Delegado de Pol\u00edcia Civil, Jo\u00e3o Valentim, a apreens\u00e3o refor\u00e7a o sucesso das a\u00e7\u00f5es de fiscaliza\u00e7\u00e3o nas divisas estaduais.<\/p>\n\n\n\n<p><strong><em>Fa\u00e7a sua den\u00fancia pelo nosso WhatsApp: (21) <\/em><\/strong><strong><em>99744 5345<\/em><\/strong><strong><em><\/em><\/strong><\/p>\n\n\n\n<p><strong><em>S\u00e3o Gon\u00e7alo vai mudar: Not\u00edcias de S\u00e3o Gon\u00e7alo e toda regi\u00e3o.<\/em><\/strong><\/p>\n\n\n\n<figure class=\"wp-block-image size-large\"><img fetchpriority=\"high\" decoding=\"async\" width=\"1024\" height=\"252\" src=\"https:\/\/sgvaimudar.com.br\/wp-content\/uploads\/2025\/03\/Anuncie-Aqui-Sao-Goncalo-vai-mudar-1024x252.jpg\" alt=\"\" class=\"wp-image-22693\" srcset=\"https:\/\/sgvaimudar.com.br\/wp-content\/uploads\/2025\/03\/Anuncie-Aqui-Sao-Goncalo-vai-mudar-1024x252.jpg 1024w, https:\/\/sgvaimudar.com.br\/wp-content\/uploads\/2025\/03\/Anuncie-Aqui-Sao-Goncalo-vai-mudar-300x74.jpg 300w, https:\/\/sgvaimudar.com.br\/wp-content\/uploads\/2025\/03\/Anuncie-Aqui-Sao-Goncalo-vai-mudar-768x189.jpg 768w, https:\/\/sgvaimudar.com.br\/wp-content\/uploads\/2025\/03\/Anuncie-Aqui-Sao-Goncalo-vai-mudar-1536x378.jpg 1536w, https:\/\/sgvaimudar.com.br\/wp-content\/uploads\/2025\/03\/Anuncie-Aqui-Sao-Goncalo-vai-mudar-2048x504.jpg 2048w\" sizes=\"(max-width: 1024px) 100vw, 1024px\" \/><\/figure>\n","protected":false},"excerpt":{"rendered":"<p>Caminh\u00e3o vindo de S\u00e3o Paulo com carga sem nota fiscal, destinada ao Esp\u00edrito Santo, \u00e9 interceptado pelo programa Opera\u00e7\u00e3o Foco&hellip;<\/p>\n","protected":false},"author":5,"featured_media":25562,"comment_status":"open","ping_status":"open","sticky":false,"template":"","format":"standard","meta":{"fifu_image_url":"","fifu_image_alt":"","footnotes":""},"categories":[32],"tags":[],"class_list":["post-25561","post","type-post","status-publish","format-standard","has-post-thumbnail","hentry","category-casos-de-policia"],"_links":{"self":[{"href":"https:\/\/sgvaimudar.com.br\/index.php\/wp-json\/wp\/v2\/posts\/25561","targetHints":{"allow":["GET"]}}],"collection":[{"href":"https:\/\/sgvaimudar.com.br\/index.php\/wp-json\/wp\/v2\/posts"}],"about":[{"href":"https:\/\/sgvaimudar.com.br\/index.php\/wp-json\/wp\/v2\/types\/post"}],"author":[{"embeddable":true,"href":"https:\/\/sgvaimudar.com.br\/index.php\/wp-json\/wp\/v2\/users\/5"}],"replies":[{"embeddable":true,"href":"https:\/\/sgvaimudar.com.br\/index.php\/wp-json\/wp\/v2\/comments?post=25561"}],"version-history":[{"count":1,"href":"https:\/\/sgvaimudar.com.br\/index.php\/wp-json\/wp\/v2\/posts\/25561\/revisions"}],"predecessor-version":[{"id":25563,"href":"https:\/\/sgvaimudar.com.br\/index.php\/wp-json\/wp\/v2\/posts\/25561\/revisions\/25563"}],"wp:featuredmedia":[{"embeddable":true,"href":"https:\/\/sgvaimudar.com.br\/index.php\/wp-json\/wp\/v2\/media\/25562"}],"wp:attachment":[{"href":"https:\/\/sgvaimudar.com.br\/index.php\/wp-json\/wp\/v2\/media?parent=25561"}],"wp:term":[{"taxonomy":"category","embeddable":true,"href":"https:\/\/sgvaimudar.com.br\/index.php\/wp-json\/wp\/v2\/categories?post=25561"},{"taxonomy":"post_tag","embeddable":true,"href":"https:\/\/sgvaimudar.com.br\/index.php\/wp-json\/wp\/v2\/tags?post=25561"}],"curies":[{"name":"wp","href":"https:\/\/api.w.org\/{rel}","templated":true}]}}