{"id":25523,"date":"2025-05-24T12:00:00","date_gmt":"2025-05-24T15:00:00","guid":{"rendered":"https:\/\/sgvaimudar.com.br\/?p=25523"},"modified":"2025-05-24T09:07:30","modified_gmt":"2025-05-24T12:07:30","slug":"assistencia-social-celebra-o-empreendedorismo-na-1a-edicao-do-encontro-para-jovens-empreendedores","status":"publish","type":"post","link":"https:\/\/sgvaimudar.com.br\/index.php\/2025\/05\/24\/assistencia-social-celebra-o-empreendedorismo-na-1a-edicao-do-encontro-para-jovens-empreendedores\/","title":{"rendered":"Assist\u00eancia Social celebra o empreendedorismo na 1\u00aa edi\u00e7\u00e3o do Encontro para Jovens Empreendedores"},"content":{"rendered":"\n<p><em>Evento reuniu dezenas de pessoas no Centro da cidade<\/em><\/p>\n\n\n\n<p>Dezenas de empreendedores do munic\u00edpio de S\u00e3o Gon\u00e7alo participaram, na noite da \u00faltima quinta-feira (22), da primeira edi\u00e7\u00e3o do Encontro para Jovens Empreendedores da cidade. Realizado pela Secretaria de Assist\u00eancia Social da Prefeitura de S\u00e3o Gon\u00e7alo, atrav\u00e9s da Coordenadoria da Juventude, em parceria com a Secretaria de Desenvolvimento Econ\u00f4mico, o evento aconteceu na Cafeteria Emp\u00f3rio V\u00edrgula, no Centro.<\/p>\n\n\n\n<p>O evento reuniu diversos jovens da cidade que est\u00e3o ingressando no empreendedorismo, dando oportunidade para que eles pudessem divulgar seus servi\u00e7os e criar uma rede de contatos. Al\u00e9m da troca de informa\u00e7\u00f5es e experi\u00eancias, empreendedores s de sucesso da cidade apresentaram pain\u00e9is falando sobre seus casos.<\/p>\n\n\n\n<figure class=\"wp-block-image size-full\"><img fetchpriority=\"high\" decoding=\"async\" width=\"1024\" height=\"681\" src=\"https:\/\/sgvaimudar.com.br\/wp-content\/uploads\/2025\/05\/unnamed-4-16.jpg\" alt=\"\" class=\"wp-image-25524\" srcset=\"https:\/\/sgvaimudar.com.br\/wp-content\/uploads\/2025\/05\/unnamed-4-16.jpg 1024w, https:\/\/sgvaimudar.com.br\/wp-content\/uploads\/2025\/05\/unnamed-4-16-300x200.jpg 300w, https:\/\/sgvaimudar.com.br\/wp-content\/uploads\/2025\/05\/unnamed-4-16-768x511.jpg 768w\" sizes=\"(max-width: 1024px) 100vw, 1024px\" \/><\/figure>\n\n\n\n<p>O evento come\u00e7ou por volta das 18h, com uma apresenta\u00e7\u00e3o da Camerata da Orquestra Municipal de S\u00e3o Gon\u00e7alo, que \u00e9 regida pelo maestro Paulo Guarany, tocando sucessos nacionais e internacionais. Depois disso, o coordenador da Coordenadoria da Juventude, Leonardo Le\u00e3o, e o secret\u00e1rio de Desenvolvimento Econ\u00f4mico, Evanildo Barreto, destacaram a import\u00e2ncia do evento.<\/p>\n\n\n\n<p>&#8220;S\u00e3o Gon\u00e7alo foi considerada uma cidade dormit\u00f3rio por muito tempo, ent\u00e3o, cada vez mais estamos buscando incentivar os empreendedores da cidade, gerando renda e qualidade de vida, incluindo os jovens empreendedores. Esses comerciantes trabalham na pr\u00f3pria cidade. Na gest\u00e3o do prefeito Capit\u00e3o Nelson, o governo conseguiu facilitar a abertura de MEIs e de alvar\u00e1s para os neg\u00f3cios. Ent\u00e3o, eu acredito que faltava um evento como esse para unirmos os jovens empreendedores da cidade para trocarmos ideias, parcerias e networking. \u00c9 apenas a primeira edi\u00e7\u00e3o, temos planos para fazer mais eventos como esse&#8221;, disse Leonardo Le\u00e3o.<\/p>\n\n\n\n<p>O secret\u00e1rio Evanildo Barreto, tamb\u00e9m refor\u00e7ou a for\u00e7a da juventude.<\/p>\n\n\n\n<p>&#8220;Empreendedorismo n\u00e3o tem idade. Para mim, esse tema tinha que ser ensinado desde cedo para todos. Empreendedorismo n\u00e3o \u00e9 f\u00e1cil, mas \u00e9 bom de se fazer. O jovem precisa ter acesso a essa informa\u00e7\u00e3o para que ele saiba como empreender, como fazer uma empresa crescer e durar por anos. Ter planejamento e orienta\u00e7\u00e3o \u00e9 fundamental para que esses jovens entendam se querem empreender e como fazer isso&#8221;, afirmou.<\/p>\n\n\n\n<p>O primeiro painel teve como tema o delivery como ferramenta para alavancar os neg\u00f3cios e foi comandado por Emanuelle Ferreira, dona da Hype Pizzaria, e Leonardo Abreu, dono do Monarca Burguers. O segundo painel foi apresentado por Rodrigo Franco, dono do Full House, rod\u00edzio de comida de festa, detalhando como extrair um segundo neg\u00f3cio de um primeiro empreendimento.<\/p>\n\n\n\n<p>Para Glaucia Quintanilha, uma das empreendedoras que estava presente no evento, a oportunidade foi muito importante para a troca de informa\u00e7\u00f5es e experi\u00eancias.<\/p>\n\n\n\n<p>&#8220;Tenho, h\u00e1 sete anos, meu pr\u00f3prio neg\u00f3cio de bolos e doces. Eu soube do evento pelas redes sociais, achei interessante porque se trata da troca de conhecimentos, e me inscrevi. Vou levar o que aprendi aqui para a minha empresa. Fora que conheci gente que \u00e9 do mesmo ramo que eu, trouxe empreendedoras amigas que s\u00e3o de outro ramo e \u00e9 \u00f3timo!&#8221;, disse ela, que mora no bairro Z\u00e9 Garoto.<\/p>\n\n\n\n<p>Ao final do evento, os empreendedores tiveram um momento no qual puderam conversar, trocar mais conhecimentos e tirar d\u00favidas. Tamb\u00e9m esteve presente Roosevelt de Souza, representante do Centro de Integra\u00e7\u00e3o Empresa-Escola (CIEE), respons\u00e1vel pelo programa Jovem Aprendiz.<\/p>\n\n\n\n<p><em>Foto: Julio Diniz<\/em><\/p>\n\n\n\n<p><strong><em>S\u00e3o Gon\u00e7alo vai mudar: Not\u00edcias de S\u00e3o Gon\u00e7alo e toda regi\u00e3o.<\/em><\/strong><\/p>\n\n\n\n<figure class=\"wp-block-image size-large\"><img decoding=\"async\" width=\"1024\" height=\"252\" src=\"https:\/\/sgvaimudar.com.br\/wp-content\/uploads\/2025\/03\/Anuncie-Aqui-Sao-Goncalo-vai-mudar-1024x252.jpg\" alt=\"\" class=\"wp-image-22693\" srcset=\"https:\/\/sgvaimudar.com.br\/wp-content\/uploads\/2025\/03\/Anuncie-Aqui-Sao-Goncalo-vai-mudar-1024x252.jpg 1024w, https:\/\/sgvaimudar.com.br\/wp-content\/uploads\/2025\/03\/Anuncie-Aqui-Sao-Goncalo-vai-mudar-300x74.jpg 300w, https:\/\/sgvaimudar.com.br\/wp-content\/uploads\/2025\/03\/Anuncie-Aqui-Sao-Goncalo-vai-mudar-768x189.jpg 768w, https:\/\/sgvaimudar.com.br\/wp-content\/uploads\/2025\/03\/Anuncie-Aqui-Sao-Goncalo-vai-mudar-1536x378.jpg 1536w, https:\/\/sgvaimudar.com.br\/wp-content\/uploads\/2025\/03\/Anuncie-Aqui-Sao-Goncalo-vai-mudar-2048x504.jpg 2048w\" sizes=\"(max-width: 1024px) 100vw, 1024px\" \/><\/figure>\n","protected":false},"excerpt":{"rendered":"<p>Evento reuniu dezenas de pessoas no Centro da cidade Dezenas de empreendedores do munic\u00edpio de S\u00e3o Gon\u00e7alo participaram, na noite&hellip;<\/p>\n","protected":false},"author":5,"featured_media":25525,"comment_status":"open","ping_status":"open","sticky":false,"template":"","format":"standard","meta":{"fifu_image_url":"","fifu_image_alt":"","footnotes":""},"categories":[3],"tags":[],"class_list":["post-25523","post","type-post","status-publish","format-standard","has-post-thumbnail","hentry","category-sao-goncalo"],"_links":{"self":[{"href":"https:\/\/sgvaimudar.com.br\/index.php\/wp-json\/wp\/v2\/posts\/25523","targetHints":{"allow":["GET"]}}],"collection":[{"href":"https:\/\/sgvaimudar.com.br\/index.php\/wp-json\/wp\/v2\/posts"}],"about":[{"href":"https:\/\/sgvaimudar.com.br\/index.php\/wp-json\/wp\/v2\/types\/post"}],"author":[{"embeddable":true,"href":"https:\/\/sgvaimudar.com.br\/index.php\/wp-json\/wp\/v2\/users\/5"}],"replies":[{"embeddable":true,"href":"https:\/\/sgvaimudar.com.br\/index.php\/wp-json\/wp\/v2\/comments?post=25523"}],"version-history":[{"count":1,"href":"https:\/\/sgvaimudar.com.br\/index.php\/wp-json\/wp\/v2\/posts\/25523\/revisions"}],"predecessor-version":[{"id":25526,"href":"https:\/\/sgvaimudar.com.br\/index.php\/wp-json\/wp\/v2\/posts\/25523\/revisions\/25526"}],"wp:featuredmedia":[{"embeddable":true,"href":"https:\/\/sgvaimudar.com.br\/index.php\/wp-json\/wp\/v2\/media\/25525"}],"wp:attachment":[{"href":"https:\/\/sgvaimudar.com.br\/index.php\/wp-json\/wp\/v2\/media?parent=25523"}],"wp:term":[{"taxonomy":"category","embeddable":true,"href":"https:\/\/sgvaimudar.com.br\/index.php\/wp-json\/wp\/v2\/categories?post=25523"},{"taxonomy":"post_tag","embeddable":true,"href":"https:\/\/sgvaimudar.com.br\/index.php\/wp-json\/wp\/v2\/tags?post=25523"}],"curies":[{"name":"wp","href":"https:\/\/api.w.org\/{rel}","templated":true}]}}