{"id":25516,"date":"2025-05-24T11:00:00","date_gmt":"2025-05-24T14:00:00","guid":{"rendered":"https:\/\/sgvaimudar.com.br\/?p=25516"},"modified":"2025-05-24T08:54:41","modified_gmt":"2025-05-24T11:54:41","slug":"obras-no-jardim-alcantara-seguem-em-andamento","status":"publish","type":"post","link":"https:\/\/sgvaimudar.com.br\/index.php\/2025\/05\/24\/obras-no-jardim-alcantara-seguem-em-andamento\/","title":{"rendered":"Obras no Jardim Alc\u00e2ntara seguem em andamento"},"content":{"rendered":"\n<p><em>Mais de 120 vagas de estacionamento j\u00e1 foram criadas no polo de autope\u00e7as<\/em><\/p>\n\n\n\n<p>As obras das novas vagas de estacionamento que est\u00e3o sendo criadas no Jardim Alc\u00e2ntara seguem a todo vapor. O projeto tem execu\u00e7\u00e3o da Secretaria de Desenvolvimento Urbano da Prefeitura de S\u00e3o Gon\u00e7alo, na Rua Capit\u00e3o Juvenal Figueiredo, onde est\u00e1 localizado um dos principais polos de autope\u00e7as do Estado do Rio de Janeiro.<\/p>\n\n\n\n<p>No momento, uma cal\u00e7ada est\u00e1 sendo finalizada e algumas baias do novo estacionamento j\u00e1 foram concretadas. O novo m\u00f3dulo de vagas contar\u00e1 ainda com uma via de acesso, que ser\u00e1 pavimentada e sinalizada. Vale destacar que j\u00e1 foram constru\u00eddas mais de 120 vagas em outros m\u00f3dulos do estacionamento no bairro.<\/p>\n\n\n\n<figure class=\"wp-block-image size-full\"><img fetchpriority=\"high\" decoding=\"async\" width=\"1024\" height=\"683\" src=\"https:\/\/sgvaimudar.com.br\/wp-content\/uploads\/2025\/05\/unnamed-2-20.jpg\" alt=\"\" class=\"wp-image-25517\" srcset=\"https:\/\/sgvaimudar.com.br\/wp-content\/uploads\/2025\/05\/unnamed-2-20.jpg 1024w, https:\/\/sgvaimudar.com.br\/wp-content\/uploads\/2025\/05\/unnamed-2-20-300x200.jpg 300w, https:\/\/sgvaimudar.com.br\/wp-content\/uploads\/2025\/05\/unnamed-2-20-768x512.jpg 768w\" sizes=\"(max-width: 1024px) 100vw, 1024px\" \/><\/figure>\n\n\n\n<p>As interven\u00e7\u00f5es est\u00e3o sendo realizadas com o apoio das Secretarias de Desenvolvimento Econ\u00f4mico, Transportes e Gest\u00e3o Integrada e Projeto Especiais.<\/p>\n\n\n\n<p>Para o empres\u00e1rio David Fernandes, de 57 anos, a obra est\u00e1 trazendo melhoria para todos.<\/p>\n\n\n\n<p>&#8220;Estou aqui h\u00e1 37 anos, o trabalho come\u00e7ou com o meu pai aqui e \u00e9 a primeira vez que vejo obras de estacionamento aqui, com essa magnitude. Todo mundo est\u00e1 gostando, comerciantes e clientes, inclusive com a reorganiza\u00e7\u00e3o do tr\u00e2nsito. Est\u00e1 trazendo muita melhoria para n\u00f3s!&#8221;, garantiu.<\/p>\n\n\n\n<p>O projeto do estacionamento prev\u00ea ainda faixas de pedestres, cria\u00e7\u00e3o de rampas de acessibilidade, regulariza\u00e7\u00e3o das cal\u00e7adas, manuten\u00e7\u00e3o da vegeta\u00e7\u00e3o existente, paisagismo e ilumina\u00e7\u00e3o p\u00fablica de LED.&nbsp;<\/p>\n\n\n\n<p><em>Fotos: Fabio Guimar\u00e3e<\/em>s<\/p>\n\n\n\n<p><strong><em>S\u00e3o Gon\u00e7alo vai mudar: Not\u00edcias de S\u00e3o Gon\u00e7alo e toda regi\u00e3o.<\/em><\/strong><\/p>\n\n\n\n<figure class=\"wp-block-image size-large\"><img decoding=\"async\" width=\"1024\" height=\"252\" src=\"https:\/\/sgvaimudar.com.br\/wp-content\/uploads\/2025\/03\/Anuncie-Aqui-Sao-Goncalo-vai-mudar-1024x252.jpg\" alt=\"\" class=\"wp-image-22693\" srcset=\"https:\/\/sgvaimudar.com.br\/wp-content\/uploads\/2025\/03\/Anuncie-Aqui-Sao-Goncalo-vai-mudar-1024x252.jpg 1024w, https:\/\/sgvaimudar.com.br\/wp-content\/uploads\/2025\/03\/Anuncie-Aqui-Sao-Goncalo-vai-mudar-300x74.jpg 300w, https:\/\/sgvaimudar.com.br\/wp-content\/uploads\/2025\/03\/Anuncie-Aqui-Sao-Goncalo-vai-mudar-768x189.jpg 768w, https:\/\/sgvaimudar.com.br\/wp-content\/uploads\/2025\/03\/Anuncie-Aqui-Sao-Goncalo-vai-mudar-1536x378.jpg 1536w, https:\/\/sgvaimudar.com.br\/wp-content\/uploads\/2025\/03\/Anuncie-Aqui-Sao-Goncalo-vai-mudar-2048x504.jpg 2048w\" sizes=\"(max-width: 1024px) 100vw, 1024px\" \/><\/figure>\n","protected":false},"excerpt":{"rendered":"<p>Mais de 120 vagas de estacionamento j\u00e1 foram criadas no polo de autope\u00e7as As obras das novas vagas de estacionamento&hellip;<\/p>\n","protected":false},"author":5,"featured_media":25518,"comment_status":"open","ping_status":"open","sticky":false,"template":"","format":"standard","meta":{"fifu_image_url":"","fifu_image_alt":"","footnotes":""},"categories":[3],"tags":[],"class_list":["post-25516","post","type-post","status-publish","format-standard","has-post-thumbnail","hentry","category-sao-goncalo"],"_links":{"self":[{"href":"https:\/\/sgvaimudar.com.br\/index.php\/wp-json\/wp\/v2\/posts\/25516","targetHints":{"allow":["GET"]}}],"collection":[{"href":"https:\/\/sgvaimudar.com.br\/index.php\/wp-json\/wp\/v2\/posts"}],"about":[{"href":"https:\/\/sgvaimudar.com.br\/index.php\/wp-json\/wp\/v2\/types\/post"}],"author":[{"embeddable":true,"href":"https:\/\/sgvaimudar.com.br\/index.php\/wp-json\/wp\/v2\/users\/5"}],"replies":[{"embeddable":true,"href":"https:\/\/sgvaimudar.com.br\/index.php\/wp-json\/wp\/v2\/comments?post=25516"}],"version-history":[{"count":1,"href":"https:\/\/sgvaimudar.com.br\/index.php\/wp-json\/wp\/v2\/posts\/25516\/revisions"}],"predecessor-version":[{"id":25519,"href":"https:\/\/sgvaimudar.com.br\/index.php\/wp-json\/wp\/v2\/posts\/25516\/revisions\/25519"}],"wp:featuredmedia":[{"embeddable":true,"href":"https:\/\/sgvaimudar.com.br\/index.php\/wp-json\/wp\/v2\/media\/25518"}],"wp:attachment":[{"href":"https:\/\/sgvaimudar.com.br\/index.php\/wp-json\/wp\/v2\/media?parent=25516"}],"wp:term":[{"taxonomy":"category","embeddable":true,"href":"https:\/\/sgvaimudar.com.br\/index.php\/wp-json\/wp\/v2\/categories?post=25516"},{"taxonomy":"post_tag","embeddable":true,"href":"https:\/\/sgvaimudar.com.br\/index.php\/wp-json\/wp\/v2\/tags?post=25516"}],"curies":[{"name":"wp","href":"https:\/\/api.w.org\/{rel}","templated":true}]}}