{"id":25489,"date":"2025-05-23T17:00:00","date_gmt":"2025-05-23T20:00:00","guid":{"rendered":"https:\/\/sgvaimudar.com.br\/?p=25489"},"modified":"2025-05-23T10:45:49","modified_gmt":"2025-05-23T13:45:49","slug":"itaborai-192-anos-menos-e-mais-embala-noite-de-festa-com-pagode-para-milhares-de-pessoas","status":"publish","type":"post","link":"https:\/\/sgvaimudar.com.br\/index.php\/2025\/05\/23\/itaborai-192-anos-menos-e-mais-embala-noite-de-festa-com-pagode-para-milhares-de-pessoas\/","title":{"rendered":"Itabora\u00ed 192 anos: Menos \u00e9 Mais embala noite de festa com pagode para milhares de pessoas"},"content":{"rendered":"\n<p><em>O palco principal recebeu grandes atra\u00e7\u00f5es locais e nacionais, destacando o grupo Menos \u00e9 Mais, que fechou a noite com chave de ouro<\/em><\/p>\n\n\n\n<p>A segunda noite de celebra\u00e7\u00e3o pelos 192 anos de emancipa\u00e7\u00e3o pol\u00edtico-administrativa de Itabora\u00ed foi marcada por muito pagode, emo\u00e7\u00e3o e uma multid\u00e3o empolgada que lotou a Avenida 22 de Maio, na altura do bairro Joaquim de Oliveira, nesta quinta-feira (22\/05). <\/p>\n\n\n\n<p>A programa\u00e7\u00e3o teve in\u00edcio com o grupo Devotos do Samba, que trouxe as participa\u00e7\u00f5es especiais de Bruninho do Cavaco e Kelly Valadares, seguido por Pagode do Adame e pelo set envolvente do DJ Tubar\u00e3o. O comando da apresenta\u00e7\u00e3o ficou por conta de Andr\u00e9 Gasparetty, garantindo o alto astral do in\u00edcio ao fim. O ponto alto da noite foi o show do grupo Menos \u00e9 Mais, que emocionou o p\u00fablico com seus sucessos do pagode.<\/p>\n\n\n\n<figure class=\"wp-block-image size-large\"><img fetchpriority=\"high\" decoding=\"async\" width=\"1024\" height=\"682\" src=\"https:\/\/sgvaimudar.com.br\/wp-content\/uploads\/2025\/05\/Itaborai-192-anos-Menos-e-Mais-embala-noite-de-festa-com-pagode-para-milhares-de-pessoas-2-1024x682.jpeg\" alt=\"\" class=\"wp-image-25491\" srcset=\"https:\/\/sgvaimudar.com.br\/wp-content\/uploads\/2025\/05\/Itaborai-192-anos-Menos-e-Mais-embala-noite-de-festa-com-pagode-para-milhares-de-pessoas-2-1024x682.jpeg 1024w, https:\/\/sgvaimudar.com.br\/wp-content\/uploads\/2025\/05\/Itaborai-192-anos-Menos-e-Mais-embala-noite-de-festa-com-pagode-para-milhares-de-pessoas-2-300x200.jpeg 300w, https:\/\/sgvaimudar.com.br\/wp-content\/uploads\/2025\/05\/Itaborai-192-anos-Menos-e-Mais-embala-noite-de-festa-com-pagode-para-milhares-de-pessoas-2-768x512.jpeg 768w, https:\/\/sgvaimudar.com.br\/wp-content\/uploads\/2025\/05\/Itaborai-192-anos-Menos-e-Mais-embala-noite-de-festa-com-pagode-para-milhares-de-pessoas-2-1536x1023.jpeg 1536w, https:\/\/sgvaimudar.com.br\/wp-content\/uploads\/2025\/05\/Itaborai-192-anos-Menos-e-Mais-embala-noite-de-festa-com-pagode-para-milhares-de-pessoas-2.jpeg 1600w\" sizes=\"(max-width: 1024px) 100vw, 1024px\" \/><\/figure>\n\n\n\n<p>A noite tamb\u00e9m foi marcada por um an\u00fancio hist\u00f3rico feito pelo prefeito Marcelo Delaroli, que esteve presente ao lado da primeira-dama P\u00e2mela Delaroli; do vice-prefeito Elber Corr\u00eaa; do presidente da C\u00e2mara Municipal de Vereadores de Itabora\u00ed, Jo\u00e3o Delaroli; do deputado estadual Guilherme Delaroli; do deputado federal Altineu C\u00f4rtes, vereadores e secret\u00e1rios municipais.<\/p>\n\n\n\n<p>\u201cForam quatro anos de muito trabalho e ora\u00e7\u00e3o, com joelho no ch\u00e3o e m\u00e3os \u00e0 obra. E hoje, com muita alegria, posso dar essa not\u00edcia, esse \u00e9 o presente da Prefeitura para o povo de Itabora\u00ed. A partir da meia-noite, ningu\u00e9m mais paga passagem de \u00f4nibus. Toda a nossa cidade passa a contar com transporte gratuito. \u00c9 um novo tempo para Itabora\u00ed!\u201d, afirmou o Marcelo Delaroli, com aplausos do p\u00fablico.<\/p>\n\n\n\n<p>Durante a apresenta\u00e7\u00e3o do grupo \u201cMenos \u00e9 Mais\u201d, os integrantes celebraram a oportunidade de cantar em Itabora\u00ed.<\/p>\n\n\n\n<p>\u201cEstamos muito animados e gratos a Deus por essa oportunidade de tocar aqui em Itabora\u00ed. Viver esse momento em um show gratuito e aberto ao p\u00fablico \u00e9 muito especial pra gente. Nossa miss\u00e3o \u00e9 continuar levando alegria, espalhando a mensagem do pagode. Obrigado por sempre nos receberem com tanto carinho\u201d, disse Gustavo Goes, percussionista do grupo.<\/p>\n\n\n\n<p>J\u00e1 entre o p\u00fablico, moradores de diversas partes do munic\u00edpio acompanharam animados cada momento da festa. Jaciara Cordeiro, de 48 anos, moradora de Venda das Pedras, comentou com entusiasmo.<\/p>\n\n\n\n<p>\u201cEstou curtindo demais o show! Vim hoje com o meu marido e vamos voltar amanh\u00e3 com nossa filha. Sempre marco presen\u00e7a nos eventos da Prefeitura\u201d, expressou a comerciante.<\/p>\n\n\n\n<p>Comprometida com a sustentabilidade, a Secretaria de Meio Ambiente e Urbanismo (Semau) trabalhou ao realizar a troca de 10 itens recicl\u00e1veis por copos reutiliz\u00e1veis, incentivando o descarte consciente. A celebra\u00e7\u00e3o conta com o apoio de todas as secretarias municipais, al\u00e9m de agentes do 35\u00ba Batalh\u00e3o de Pol\u00edcia Militar (BPM) e do programa Seguran\u00e7a Presente.<\/p>\n\n\n\n<p>A estrutura do evento ofereceu seguran\u00e7a e conforto, com quatro postos m\u00e9dicos, ambul\u00e2ncias, pra\u00e7a de alimenta\u00e7\u00e3o, banheiros qu\u00edmicos e tenda de brigadistas. Um Centro de Comando e Controle m\u00f3vel da Guarda Municipal garante a seguran\u00e7a do evento, com videomonitoramento em tempo e detector de metais nos acessos. <\/p>\n\n\n\n<p>O esquema refor\u00e7ado oferece mais prote\u00e7\u00e3o e tranquilidade ao p\u00fablico. Al\u00e9m disso, o evento conta com \u00e1rea de acessibilidade, pontos de hidrata\u00e7\u00e3o gratuitos e o Espa\u00e7o Azul, sala multissensorial dedicada a crian\u00e7as neurodivergentes.<\/p>\n\n\n\n<p>A festa segue e nesta sexta-feira (23\/05), \u00e9 a vez do romantismo tomar conta do palco com os shows de Dilsinho e Gustavo Mioto, prometendo mais uma noite inesquec\u00edvel para o povo itaboraiense. No s\u00e1bado (24\/05), a festa continua com a energia contagiante da boiadeira Ana Castela, levando ao palco o melhor do agronejo. <\/p>\n\n\n\n<p>J\u00e1 no domingo (25\/05), o encerramento fica por conta do romantismo e dos sucessos inesquec\u00edveis do cantor Belo. A condu\u00e7\u00e3o do evento est\u00e1 sob o comando de Andr\u00e9 Gasparetty, com a participa\u00e7\u00e3o especial de talentos locais que abrem os shows em todas as noites.<\/p>\n\n\n\n<p><strong><em>S\u00e3o Gon\u00e7alo vai mudar: Not\u00edcias de S\u00e3o Gon\u00e7alo e toda regi\u00e3o.<\/em><\/strong><\/p>\n\n\n\n<figure class=\"wp-block-image size-large\"><img decoding=\"async\" width=\"1024\" height=\"252\" src=\"https:\/\/sgvaimudar.com.br\/wp-content\/uploads\/2025\/03\/Anuncie-Aqui-Sao-Goncalo-vai-mudar-1024x252.jpg\" alt=\"\" class=\"wp-image-22693\" srcset=\"https:\/\/sgvaimudar.com.br\/wp-content\/uploads\/2025\/03\/Anuncie-Aqui-Sao-Goncalo-vai-mudar-1024x252.jpg 1024w, https:\/\/sgvaimudar.com.br\/wp-content\/uploads\/2025\/03\/Anuncie-Aqui-Sao-Goncalo-vai-mudar-300x74.jpg 300w, https:\/\/sgvaimudar.com.br\/wp-content\/uploads\/2025\/03\/Anuncie-Aqui-Sao-Goncalo-vai-mudar-768x189.jpg 768w, https:\/\/sgvaimudar.com.br\/wp-content\/uploads\/2025\/03\/Anuncie-Aqui-Sao-Goncalo-vai-mudar-1536x378.jpg 1536w, https:\/\/sgvaimudar.com.br\/wp-content\/uploads\/2025\/03\/Anuncie-Aqui-Sao-Goncalo-vai-mudar-2048x504.jpg 2048w\" sizes=\"(max-width: 1024px) 100vw, 1024px\" \/><\/figure>\n","protected":false},"excerpt":{"rendered":"<p>O palco principal recebeu grandes atra\u00e7\u00f5es locais e nacionais, destacando o grupo Menos \u00e9 Mais, que fechou a noite com&hellip;<\/p>\n","protected":false},"author":5,"featured_media":25490,"comment_status":"open","ping_status":"open","sticky":false,"template":"","format":"standard","meta":{"fifu_image_url":"","fifu_image_alt":"","footnotes":""},"categories":[6],"tags":[],"class_list":["post-25489","post","type-post","status-publish","format-standard","has-post-thumbnail","hentry","category-entretenimento"],"_links":{"self":[{"href":"https:\/\/sgvaimudar.com.br\/index.php\/wp-json\/wp\/v2\/posts\/25489","targetHints":{"allow":["GET"]}}],"collection":[{"href":"https:\/\/sgvaimudar.com.br\/index.php\/wp-json\/wp\/v2\/posts"}],"about":[{"href":"https:\/\/sgvaimudar.com.br\/index.php\/wp-json\/wp\/v2\/types\/post"}],"author":[{"embeddable":true,"href":"https:\/\/sgvaimudar.com.br\/index.php\/wp-json\/wp\/v2\/users\/5"}],"replies":[{"embeddable":true,"href":"https:\/\/sgvaimudar.com.br\/index.php\/wp-json\/wp\/v2\/comments?post=25489"}],"version-history":[{"count":1,"href":"https:\/\/sgvaimudar.com.br\/index.php\/wp-json\/wp\/v2\/posts\/25489\/revisions"}],"predecessor-version":[{"id":25492,"href":"https:\/\/sgvaimudar.com.br\/index.php\/wp-json\/wp\/v2\/posts\/25489\/revisions\/25492"}],"wp:featuredmedia":[{"embeddable":true,"href":"https:\/\/sgvaimudar.com.br\/index.php\/wp-json\/wp\/v2\/media\/25490"}],"wp:attachment":[{"href":"https:\/\/sgvaimudar.com.br\/index.php\/wp-json\/wp\/v2\/media?parent=25489"}],"wp:term":[{"taxonomy":"category","embeddable":true,"href":"https:\/\/sgvaimudar.com.br\/index.php\/wp-json\/wp\/v2\/categories?post=25489"},{"taxonomy":"post_tag","embeddable":true,"href":"https:\/\/sgvaimudar.com.br\/index.php\/wp-json\/wp\/v2\/tags?post=25489"}],"curies":[{"name":"wp","href":"https:\/\/api.w.org\/{rel}","templated":true}]}}