{"id":25474,"date":"2025-05-23T13:00:00","date_gmt":"2025-05-23T16:00:00","guid":{"rendered":"https:\/\/sgvaimudar.com.br\/?p=25474"},"modified":"2025-05-23T09:56:17","modified_gmt":"2025-05-23T12:56:17","slug":"policia-prende-autor-de-furto-na-secretaria-regional-de-icarai","status":"publish","type":"post","link":"https:\/\/sgvaimudar.com.br\/index.php\/2025\/05\/23\/policia-prende-autor-de-furto-na-secretaria-regional-de-icarai\/","title":{"rendered":"Pol\u00edcia prende autor de furto na Secretaria Regional de Icara\u00ed"},"content":{"rendered":"\n<p><em>Acusado entrou pela janela e furtou, entre outras coisas, torneira e chuveiro do local. Ele foi capturado ap\u00f3s a\u00e7\u00e3o conjunta das for\u00e7as de seguran\u00e7a da cidade<\/em><\/p>\n\n\n\n<p>Os policiais militares do 12\u00baBPM, e da Opera\u00e7\u00e3o Seguran\u00e7a Presente com o apoio da equipe da 77\u00aaDP (Icara\u00ed) prenderam em flagrante, na tarde desta quinta-feira (22\/5) Leonard Teixeira Santos acusado de furto qualificado na Secretaria Regional de Icara\u00ed. As for\u00e7as de seguran\u00e7a contaram tamb\u00e9m com o apoio da prefeitura de Niter\u00f3i<\/p>\n\n\n\n<p>O crime ocorreu por volta das 1h:00 da manh\u00e3 quando a Secretaria, localizada na Rua Ary Parreiras, n\u00famero 21, foi invadida e furtada o ladr\u00e3o levou uma torneira, chuveiro, rolo de fibra \u00f3tica e cabos do frigobar (<em>Veja no v\u00eddeo abaixo o momento da pris\u00e3o<\/em>).<\/p>\n\n\n\n<figure class=\"wp-block-video\"><video height=\"850\" style=\"aspect-ratio: 474 \/ 850;\" width=\"474\" controls src=\"https:\/\/sgvaimudar.com.br\/wp-content\/uploads\/2025\/05\/WhatsApp-Video-2025-05-22-at-22.09.24.mp4\"><\/video><\/figure>\n\n\n\n<p>O secret\u00e1rio Regional de Icara\u00ed, Rafael Costa, foi pe\u00e7a fundamental na pris\u00e3o e contou que perseguiu o criminoso por cerca de 20 minutos por volta das 19h, o abordou, o identificou e acionou a pol\u00edcia que o prendeu.<\/p>\n\n\n\n<p>Segundo o secret\u00e1rio e vereador, o mesmo criminoso j\u00e1 invadiu e furtou tr\u00eas vezes a sede da Regional em menos de sete dias e nos outros epis\u00f3dios ele levou dois notebooks, tr\u00eas microfones, um celular, cabos, inclusive do ar-condicionado e fia\u00e7\u00e3o el\u00e9trica.<\/p>\n\n\n\n<p>Leonard j\u00e1 tem v\u00e1rias anota\u00e7\u00f5es criminais. Entre elas: seis anota\u00e7\u00f5es por furto; duas por recepta\u00e7\u00e3o; uma por les\u00e3o corporal; tr\u00e1fico de drogas e porte ilegal de arma de fogo.<\/p>\n\n\n\n<p>Uma guarni\u00e7\u00e3o abordou ele na Rua Miguel de Frias e o conduziu para \u00e0 77\u00aa DP, onde foi autuado em flagrante pelo crime de furto (art. 155 \u2013 CP).<\/p>\n\n\n\n<p><strong>ASSALTOS CONSTANTES NO BAIRRO <\/strong>&#8211; No in\u00edcio da semana (segunda, 19\/5), os policiais, com ajuda do Centro Integrado de Seguran\u00e7a P\u00fablica (Cisp) e do 12\u00ba Batalh\u00e3o da Pol\u00edcia Militar, com apoio do programa Seguran\u00e7a Presente, prederam dois homens e uma mulher\u00a0suspeitos de praticarem roubos no bairro de Icara\u00ed.<\/p>\n\n\n\n<figure class=\"wp-block-image size-full\"><img fetchpriority=\"high\" decoding=\"async\" width=\"1024\" height=\"682\" src=\"https:\/\/sgvaimudar.com.br\/wp-content\/uploads\/2025\/05\/WhatsApp-Image-2025-05-19-at-21.25.48-1024x682-1.jpeg\" alt=\"\" class=\"wp-image-25477\" srcset=\"https:\/\/sgvaimudar.com.br\/wp-content\/uploads\/2025\/05\/WhatsApp-Image-2025-05-19-at-21.25.48-1024x682-1.jpeg 1024w, https:\/\/sgvaimudar.com.br\/wp-content\/uploads\/2025\/05\/WhatsApp-Image-2025-05-19-at-21.25.48-1024x682-1-300x200.jpeg 300w, https:\/\/sgvaimudar.com.br\/wp-content\/uploads\/2025\/05\/WhatsApp-Image-2025-05-19-at-21.25.48-1024x682-1-768x512.jpeg 768w\" sizes=\"(max-width: 1024px) 100vw, 1024px\" \/><\/figure>\n\n\n\n<p>Eles foram presos na Alameda S\u00e3o Boaventura, no Fonseca. A a\u00e7\u00e3o ocorreu de forma r\u00e1pida ap\u00f3s a identifica\u00e7\u00e3o da placa do carro, um Corsa, ao entrar no sistema do Cercamento Eletr\u00f4nico. Os suspeitos foram levados para a 77\u00aa DP (Icara\u00ed).<\/p>\n\n\n\n<p><strong><em>Fa\u00e7a sua den\u00fancia pelo nosso WhatsApp: (21) <\/em><\/strong><strong><em>99744 5345<\/em><\/strong><strong><em><\/em><\/strong><\/p>\n\n\n\n<p><strong><em>S\u00e3o Gon\u00e7alo vai mudar: Not\u00edcias de S\u00e3o Gon\u00e7alo e toda regi\u00e3o.<\/em><\/strong><\/p>\n\n\n\n<figure class=\"wp-block-image size-large\"><img decoding=\"async\" width=\"1024\" height=\"252\" src=\"https:\/\/sgvaimudar.com.br\/wp-content\/uploads\/2025\/03\/Anuncie-Aqui-Sao-Goncalo-vai-mudar-1024x252.jpg\" alt=\"\" class=\"wp-image-22693\" srcset=\"https:\/\/sgvaimudar.com.br\/wp-content\/uploads\/2025\/03\/Anuncie-Aqui-Sao-Goncalo-vai-mudar-1024x252.jpg 1024w, https:\/\/sgvaimudar.com.br\/wp-content\/uploads\/2025\/03\/Anuncie-Aqui-Sao-Goncalo-vai-mudar-300x74.jpg 300w, https:\/\/sgvaimudar.com.br\/wp-content\/uploads\/2025\/03\/Anuncie-Aqui-Sao-Goncalo-vai-mudar-768x189.jpg 768w, https:\/\/sgvaimudar.com.br\/wp-content\/uploads\/2025\/03\/Anuncie-Aqui-Sao-Goncalo-vai-mudar-1536x378.jpg 1536w, https:\/\/sgvaimudar.com.br\/wp-content\/uploads\/2025\/03\/Anuncie-Aqui-Sao-Goncalo-vai-mudar-2048x504.jpg 2048w\" sizes=\"(max-width: 1024px) 100vw, 1024px\" \/><\/figure>\n","protected":false},"excerpt":{"rendered":"<p>Acusado entrou pela janela e furtou, entre outras coisas, torneira e chuveiro do local. Ele foi capturado ap\u00f3s a\u00e7\u00e3o conjunta&hellip;<\/p>\n","protected":false},"author":5,"featured_media":25475,"comment_status":"open","ping_status":"open","sticky":false,"template":"","format":"standard","meta":{"fifu_image_url":"","fifu_image_alt":"","footnotes":""},"categories":[32],"tags":[],"class_list":["post-25474","post","type-post","status-publish","format-standard","has-post-thumbnail","hentry","category-casos-de-policia"],"_links":{"self":[{"href":"https:\/\/sgvaimudar.com.br\/index.php\/wp-json\/wp\/v2\/posts\/25474","targetHints":{"allow":["GET"]}}],"collection":[{"href":"https:\/\/sgvaimudar.com.br\/index.php\/wp-json\/wp\/v2\/posts"}],"about":[{"href":"https:\/\/sgvaimudar.com.br\/index.php\/wp-json\/wp\/v2\/types\/post"}],"author":[{"embeddable":true,"href":"https:\/\/sgvaimudar.com.br\/index.php\/wp-json\/wp\/v2\/users\/5"}],"replies":[{"embeddable":true,"href":"https:\/\/sgvaimudar.com.br\/index.php\/wp-json\/wp\/v2\/comments?post=25474"}],"version-history":[{"count":1,"href":"https:\/\/sgvaimudar.com.br\/index.php\/wp-json\/wp\/v2\/posts\/25474\/revisions"}],"predecessor-version":[{"id":25478,"href":"https:\/\/sgvaimudar.com.br\/index.php\/wp-json\/wp\/v2\/posts\/25474\/revisions\/25478"}],"wp:featuredmedia":[{"embeddable":true,"href":"https:\/\/sgvaimudar.com.br\/index.php\/wp-json\/wp\/v2\/media\/25475"}],"wp:attachment":[{"href":"https:\/\/sgvaimudar.com.br\/index.php\/wp-json\/wp\/v2\/media?parent=25474"}],"wp:term":[{"taxonomy":"category","embeddable":true,"href":"https:\/\/sgvaimudar.com.br\/index.php\/wp-json\/wp\/v2\/categories?post=25474"},{"taxonomy":"post_tag","embeddable":true,"href":"https:\/\/sgvaimudar.com.br\/index.php\/wp-json\/wp\/v2\/tags?post=25474"}],"curies":[{"name":"wp","href":"https:\/\/api.w.org\/{rel}","templated":true}]}}