{"id":25435,"date":"2025-05-23T06:57:31","date_gmt":"2025-05-23T09:57:31","guid":{"rendered":"https:\/\/sgvaimudar.com.br\/?p=25435"},"modified":"2025-05-23T06:57:31","modified_gmt":"2025-05-23T09:57:31","slug":"ruas-no-porto-do-rosa-ganham-pavimentacao-para-alegria-dos-moradores","status":"publish","type":"post","link":"https:\/\/sgvaimudar.com.br\/index.php\/2025\/05\/23\/ruas-no-porto-do-rosa-ganham-pavimentacao-para-alegria-dos-moradores\/","title":{"rendered":"Ruas no Porto do Rosa ganham pavimenta\u00e7\u00e3o para alegria dos moradores"},"content":{"rendered":"\n<p><em>Mais de 20 vias est\u00e3o sendo beneficiadas por obras de infraestrutura<\/em><\/p>\n\n\n\n<p>Os moradores do Mutu\u00e1, Mutuagua\u00e7u e Porto do Rosa est\u00e3o rindo \u00e0 toa. Eles est\u00e3o vendo as obras que incluem mais de 20 ruas da regi\u00e3o chegando na reta final. Nesta quinta-feira (22), trechos das ruas Padre Nicolau Luiz, onde a Prefeitura est\u00e1 finalizando a constru\u00e7\u00e3o de uma unidade de educa\u00e7\u00e3o infantil, e Cust\u00f3dio Duarte foram pavimentados. Al\u00e9m dessas, outras ruas do projeto j\u00e1 receberam asfalto, al\u00e9m de meio-fio e macrodrenagem.<\/p>\n\n\n\n<p>As interven\u00e7\u00f5es, que v\u00eam sendo feitas pela Prefeitura de S\u00e3o Gon\u00e7alo, est\u00e3o recebendo um investimento de R$ 38 milh\u00f5es e j\u00e1 est\u00e3o beneficiando mais de 10 mil gon\u00e7alenses, entre moradores e pessoas que circulam pela regi\u00e3o.<\/p>\n\n\n\n<figure class=\"wp-block-image size-full\"><img fetchpriority=\"high\" decoding=\"async\" width=\"800\" height=\"532\" src=\"https:\/\/sgvaimudar.com.br\/wp-content\/uploads\/2025\/05\/unnamed-1-19.jpg\" alt=\"\" class=\"wp-image-25436\" srcset=\"https:\/\/sgvaimudar.com.br\/wp-content\/uploads\/2025\/05\/unnamed-1-19.jpg 800w, https:\/\/sgvaimudar.com.br\/wp-content\/uploads\/2025\/05\/unnamed-1-19-300x200.jpg 300w, https:\/\/sgvaimudar.com.br\/wp-content\/uploads\/2025\/05\/unnamed-1-19-768x511.jpg 768w\" sizes=\"(max-width: 800px) 100vw, 800px\" \/><\/figure>\n\n\n\n<p>\u00c9 o que afirmam os moradores, como o bombeiro aposentado Ant\u00f4nio Jos\u00e9 Marinho, de 72 anos, que mora na regi\u00e3o h\u00e1 42 anos.<\/p>\n\n\n\n<p>&#8220;Nunca teve uma obra do tipo aqui e muita gente da minha idade, que cresceu comigo, hoje n\u00e3o est\u00e1 mais viva para ver como o novo bairro est\u00e1 ficando. J\u00e1 eu tenho esse privil\u00e9gio. Valorizou muito o nosso bairro, sem contar a nova creche que vamos ter aqui para as crian\u00e7as. Onde eu passo pela cidade, eu vejo que ela est\u00e1 sendo transformada. Aqui era um local que alagava muito e agora esse problema acabou. Com as \u00faltimas chuvas, n\u00e3o vimos mais alagamento aqui&#8221;, disse o aposentado.<\/p>\n\n\n\n<figure class=\"wp-block-image size-full\"><img decoding=\"async\" width=\"1024\" height=\"681\" src=\"https:\/\/sgvaimudar.com.br\/wp-content\/uploads\/2025\/05\/unnamed-2-19.jpg\" alt=\"\" class=\"wp-image-25438\" srcset=\"https:\/\/sgvaimudar.com.br\/wp-content\/uploads\/2025\/05\/unnamed-2-19.jpg 1024w, https:\/\/sgvaimudar.com.br\/wp-content\/uploads\/2025\/05\/unnamed-2-19-300x200.jpg 300w, https:\/\/sgvaimudar.com.br\/wp-content\/uploads\/2025\/05\/unnamed-2-19-768x511.jpg 768w\" sizes=\"(max-width: 1024px) 100vw, 1024px\" \/><\/figure>\n\n\n\n<p>Ant\u00f4nio utiliza muletas para a locomo\u00e7\u00e3o h\u00e1 cinco anos. Ele amputou uma das pernas devido a quest\u00f5es de sa\u00fade e agora afirma que ir\u00e1 transitar por um bairro melhor, em uma rua de asfalto e n\u00e3o mais de lama como era antes.<\/p>\n\n\n\n<p>&#8220;Voc\u00ea tinha que ver como era aqui antes. A gente nem conseguia andar direito. Era um ch\u00e3o de terra! Agora vai melhorar at\u00e9 para eu transitar com o asfalto e os carros tamb\u00e9m. Vai ser \u00f3timo! J\u00e1 est\u00e1 mudando e vai ficar \u00f3timo agora com o asfalto&#8221;, afirmou.<\/p>\n\n\n\n<p>A interven\u00e7\u00e3o, que ir\u00e1 englobar mais de 3,8 quil\u00f4metros de extens\u00e3o, integra o eixo Cidade Bem Cuidada e Organizada do Plano Estrat\u00e9gico Novos Rumos, elaborado pela Secretaria de Gest\u00e3o Integrada e Projetos Especiais (Semgipe).<\/p>\n\n\n\n<p><em>Fotos: Julio Diniz<\/em><\/p>\n\n\n\n<p><strong><em>S\u00e3o Gon\u00e7alo vai mudar: Not\u00edcias de S\u00e3o Gon\u00e7alo e toda regi\u00e3o.<\/em><\/strong><\/p>\n\n\n\n<figure class=\"wp-block-image size-large\"><img decoding=\"async\" width=\"1024\" height=\"46\" src=\"https:\/\/sgvaimudar.com.br\/wp-content\/uploads\/2023\/08\/Anuncie-Aqui-Sao-Goncalo-vai-mudar-1024x46.png\" alt=\"\" class=\"wp-image-2740\" srcset=\"https:\/\/sgvaimudar.com.br\/wp-content\/uploads\/2023\/08\/Anuncie-Aqui-Sao-Goncalo-vai-mudar-1024x46.png 1024w, https:\/\/sgvaimudar.com.br\/wp-content\/uploads\/2023\/08\/Anuncie-Aqui-Sao-Goncalo-vai-mudar-300x13.png 300w, https:\/\/sgvaimudar.com.br\/wp-content\/uploads\/2023\/08\/Anuncie-Aqui-Sao-Goncalo-vai-mudar-768x35.png 768w, https:\/\/sgvaimudar.com.br\/wp-content\/uploads\/2023\/08\/Anuncie-Aqui-Sao-Goncalo-vai-mudar-1536x69.png 1536w, https:\/\/sgvaimudar.com.br\/wp-content\/uploads\/2023\/08\/Anuncie-Aqui-Sao-Goncalo-vai-mudar.png 2002w\" sizes=\"(max-width: 1024px) 100vw, 1024px\" \/><\/figure>\n","protected":false},"excerpt":{"rendered":"<p>Mais de 20 vias est\u00e3o sendo beneficiadas por obras de infraestrutura Os moradores do Mutu\u00e1, Mutuagua\u00e7u e Porto do Rosa&hellip;<\/p>\n","protected":false},"author":5,"featured_media":25437,"comment_status":"open","ping_status":"open","sticky":false,"template":"","format":"standard","meta":{"fifu_image_url":"","fifu_image_alt":"","footnotes":""},"categories":[3],"tags":[],"class_list":["post-25435","post","type-post","status-publish","format-standard","has-post-thumbnail","hentry","category-sao-goncalo"],"_links":{"self":[{"href":"https:\/\/sgvaimudar.com.br\/index.php\/wp-json\/wp\/v2\/posts\/25435","targetHints":{"allow":["GET"]}}],"collection":[{"href":"https:\/\/sgvaimudar.com.br\/index.php\/wp-json\/wp\/v2\/posts"}],"about":[{"href":"https:\/\/sgvaimudar.com.br\/index.php\/wp-json\/wp\/v2\/types\/post"}],"author":[{"embeddable":true,"href":"https:\/\/sgvaimudar.com.br\/index.php\/wp-json\/wp\/v2\/users\/5"}],"replies":[{"embeddable":true,"href":"https:\/\/sgvaimudar.com.br\/index.php\/wp-json\/wp\/v2\/comments?post=25435"}],"version-history":[{"count":1,"href":"https:\/\/sgvaimudar.com.br\/index.php\/wp-json\/wp\/v2\/posts\/25435\/revisions"}],"predecessor-version":[{"id":25439,"href":"https:\/\/sgvaimudar.com.br\/index.php\/wp-json\/wp\/v2\/posts\/25435\/revisions\/25439"}],"wp:featuredmedia":[{"embeddable":true,"href":"https:\/\/sgvaimudar.com.br\/index.php\/wp-json\/wp\/v2\/media\/25437"}],"wp:attachment":[{"href":"https:\/\/sgvaimudar.com.br\/index.php\/wp-json\/wp\/v2\/media?parent=25435"}],"wp:term":[{"taxonomy":"category","embeddable":true,"href":"https:\/\/sgvaimudar.com.br\/index.php\/wp-json\/wp\/v2\/categories?post=25435"},{"taxonomy":"post_tag","embeddable":true,"href":"https:\/\/sgvaimudar.com.br\/index.php\/wp-json\/wp\/v2\/tags?post=25435"}],"curies":[{"name":"wp","href":"https:\/\/api.w.org\/{rel}","templated":true}]}}