{"id":25417,"date":"2025-05-22T19:00:00","date_gmt":"2025-05-22T22:00:00","guid":{"rendered":"https:\/\/sgvaimudar.com.br\/?p=25417"},"modified":"2025-05-22T10:26:08","modified_gmt":"2025-05-22T13:26:08","slug":"vice-governador-do-rio-deixa-cargo-para-assumir-vaga-no-tce","status":"publish","type":"post","link":"https:\/\/sgvaimudar.com.br\/index.php\/2025\/05\/22\/vice-governador-do-rio-deixa-cargo-para-assumir-vaga-no-tce\/","title":{"rendered":"Vice-governador do Rio deixa cargo para assumir vaga no TCE"},"content":{"rendered":"\n<p><em>Indica\u00e7\u00e3o de Thiago Pampolha foi aprovada pela Assembleia Legislativa<\/em><\/p>\n\n\n\n<p>A Assembleia Legislativa do Rio de Janeiro (Alerj) aprovou, nessa quarta-feira (21), a indica\u00e7\u00e3o do vice-governador Thiago Pampolha para assumir o cargo de conselheiro do Tribunal de Contas do Estado (TCE). O resultado da vota\u00e7\u00e3o ser\u00e1 publicado em Di\u00e1rio Oficial e comunicado ao governador Cl\u00e1udio Castro, respons\u00e1vel pela indica\u00e7\u00e3o.\u00a0A medida foi aprovada por 57 votos favor\u00e1veis, cinco contr\u00e1rios e sete absten\u00e7\u00f5es.<\/p>\n\n\n\n<p>O presidente da Alerj, deputado Rodrigo Bacellar (Uni\u00e3o), que presidiu a sess\u00e3o, elogiou a indica\u00e7\u00e3o de Pampolha e pediu aten\u00e7\u00e3o \u00e0s prefeituras do interior.<\/p>\n\n\n\n<p>&#8220;N\u00e3o tenho d\u00favidas quanto aos requisitos t\u00e9cnicos do Pampolha para ocupar a vaga. Ele j\u00e1 foi reconhecido pelo voto popular e espero que sua ida ao TCE ajude a mudar a m\u00e1xima de puni\u00e7\u00e3o de prefeitos do interior, que muitas vezes n\u00e3o conseguem ter quadro t\u00e9cnico adequado&#8221;.<\/p>\n\n\n\n<p>Pampolha destacou seus tr\u00eas mandatos como deputado na Alerj e sua atua\u00e7\u00e3o em comiss\u00f5es importantes da Casa, como a de Constitui\u00e7\u00e3o e Justi\u00e7a (CCJ), a de Or\u00e7amento, e a de Tributa\u00e7\u00e3o.<\/p>\n\n\n\n<p>\u201cNo intenso trabalho desses colegiados, consegui uma bagagem das quest\u00f5es or\u00e7ament\u00e1rias, com a apresenta\u00e7\u00e3o de pareceres aos projetos de lei. Tamb\u00e9m atuei em quest\u00f5es relativas \u00e0 sonega\u00e7\u00e3o fiscal. Acredito que o cargo no TCE ser\u00e1 uma grande experi\u00eancia no meu curr\u00edculo, uma mudan\u00e7a de vida que decidi em conjunto com a minha fam\u00edlia\u201d, declarou.<\/p>\n\n\n\n<h2 class=\"wp-block-heading\">Ren\u00fancia&nbsp;<\/h2>\n\n\n\n<p>Com a aprova\u00e7\u00e3o do seu nome ao TCE, Pampolha encaminhou comunicado oficializando a ren\u00fancia ao cargo de vice-governador.<\/p>\n\n\n\n<h2 class=\"wp-block-heading\">Trajet\u00f3ria&nbsp;<\/h2>\n\n\n\n<p>Com 38 anos de idade, Thiago Pampolha foi eleito deputado estadual pela primeira vez em 2010, sendo reeleito para mais\u00a0dois mandatos. No Executivo, atuou como secret\u00e1rio de Esporte, Lazer e Juventude e do Ambiente e Sustentabilidade, al\u00e9m de ter assumido o cargo de vice-governador do Rio, em janeiro de 2023. Ele substituir\u00e1 o conselheiro Jos\u00e9 Maur\u00edcio Nolasco, que teve a aposentadoria compuls\u00f3ria publicada no Di\u00e1rio Oficial da \u00faltima segunda-feira (19).<\/p>\n\n\n\n<p><strong><em>S\u00e3o Gon\u00e7alo vai mudar: Not\u00edcias de S\u00e3o Gon\u00e7alo e toda regi\u00e3o.<\/em><\/strong><\/p>\n\n\n\n<figure class=\"wp-block-image size-large\"><img fetchpriority=\"high\" decoding=\"async\" width=\"1024\" height=\"252\" src=\"https:\/\/sgvaimudar.com.br\/wp-content\/uploads\/2025\/03\/Anuncie-Aqui-Sao-Goncalo-vai-mudar-1024x252.jpg\" alt=\"\" class=\"wp-image-22693\" srcset=\"https:\/\/sgvaimudar.com.br\/wp-content\/uploads\/2025\/03\/Anuncie-Aqui-Sao-Goncalo-vai-mudar-1024x252.jpg 1024w, https:\/\/sgvaimudar.com.br\/wp-content\/uploads\/2025\/03\/Anuncie-Aqui-Sao-Goncalo-vai-mudar-300x74.jpg 300w, https:\/\/sgvaimudar.com.br\/wp-content\/uploads\/2025\/03\/Anuncie-Aqui-Sao-Goncalo-vai-mudar-768x189.jpg 768w, https:\/\/sgvaimudar.com.br\/wp-content\/uploads\/2025\/03\/Anuncie-Aqui-Sao-Goncalo-vai-mudar-1536x378.jpg 1536w, https:\/\/sgvaimudar.com.br\/wp-content\/uploads\/2025\/03\/Anuncie-Aqui-Sao-Goncalo-vai-mudar-2048x504.jpg 2048w\" sizes=\"(max-width: 1024px) 100vw, 1024px\" \/><\/figure>\n","protected":false},"excerpt":{"rendered":"<p>Indica\u00e7\u00e3o de Thiago Pampolha foi aprovada pela Assembleia Legislativa A Assembleia Legislativa do Rio de Janeiro (Alerj) aprovou, nessa quarta-feira&hellip;<\/p>\n","protected":false},"author":5,"featured_media":25418,"comment_status":"open","ping_status":"open","sticky":false,"template":"","format":"standard","meta":{"fifu_image_url":"","fifu_image_alt":"","footnotes":""},"categories":[4],"tags":[],"class_list":["post-25417","post","type-post","status-publish","format-standard","has-post-thumbnail","hentry","category-brasil"],"_links":{"self":[{"href":"https:\/\/sgvaimudar.com.br\/index.php\/wp-json\/wp\/v2\/posts\/25417","targetHints":{"allow":["GET"]}}],"collection":[{"href":"https:\/\/sgvaimudar.com.br\/index.php\/wp-json\/wp\/v2\/posts"}],"about":[{"href":"https:\/\/sgvaimudar.com.br\/index.php\/wp-json\/wp\/v2\/types\/post"}],"author":[{"embeddable":true,"href":"https:\/\/sgvaimudar.com.br\/index.php\/wp-json\/wp\/v2\/users\/5"}],"replies":[{"embeddable":true,"href":"https:\/\/sgvaimudar.com.br\/index.php\/wp-json\/wp\/v2\/comments?post=25417"}],"version-history":[{"count":1,"href":"https:\/\/sgvaimudar.com.br\/index.php\/wp-json\/wp\/v2\/posts\/25417\/revisions"}],"predecessor-version":[{"id":25419,"href":"https:\/\/sgvaimudar.com.br\/index.php\/wp-json\/wp\/v2\/posts\/25417\/revisions\/25419"}],"wp:featuredmedia":[{"embeddable":true,"href":"https:\/\/sgvaimudar.com.br\/index.php\/wp-json\/wp\/v2\/media\/25418"}],"wp:attachment":[{"href":"https:\/\/sgvaimudar.com.br\/index.php\/wp-json\/wp\/v2\/media?parent=25417"}],"wp:term":[{"taxonomy":"category","embeddable":true,"href":"https:\/\/sgvaimudar.com.br\/index.php\/wp-json\/wp\/v2\/categories?post=25417"},{"taxonomy":"post_tag","embeddable":true,"href":"https:\/\/sgvaimudar.com.br\/index.php\/wp-json\/wp\/v2\/tags?post=25417"}],"curies":[{"name":"wp","href":"https:\/\/api.w.org\/{rel}","templated":true}]}}