{"id":25414,"date":"2025-05-22T17:00:00","date_gmt":"2025-05-22T20:00:00","guid":{"rendered":"https:\/\/sgvaimudar.com.br\/?p=25414"},"modified":"2025-05-22T10:08:12","modified_gmt":"2025-05-22T13:08:12","slug":"maricaenses-celebram-211-anos-da-cidade-com-primeira-meia-maratona-internacional-na-orla-de-itaipuacu","status":"publish","type":"post","link":"https:\/\/sgvaimudar.com.br\/index.php\/2025\/05\/22\/maricaenses-celebram-211-anos-da-cidade-com-primeira-meia-maratona-internacional-na-orla-de-itaipuacu\/","title":{"rendered":"Maricaenses celebram 211 anos da cidade com primeira Meia Maratona Internacional na Orla de Itaipua\u00e7u"},"content":{"rendered":"\n<p><em>Evento vai reunir 5 mil atletas e refor\u00e7a voca\u00e7\u00e3o esportiva da cidade<\/em><\/p>\n\n\n\n<p>Os maricaenses v\u00e3o participar da primeira edi\u00e7\u00e3o da Meia Maratona Internacional da cidade, em comemora\u00e7\u00e3o aos 211 anos de Maric\u00e1. A iniciativa vai reunir 5 mil atletas na Orla de Itaipua\u00e7u, um dos cen\u00e1rios mais encantadores da regi\u00e3o, no s\u00e1bado 24 e domingo (25\/05), com direito a premia\u00e7\u00f5es para os melhores colocados.<\/p>\n\n\n\n<p>De acordo com o secret\u00e1rio municipal de Esportes, Filipe Bittencourt, o evento refor\u00e7a a identidade esportiva no munic\u00edpio. \u201cAqui, em Maric\u00e1, as pessoas amam correr. Os espa\u00e7os p\u00fablicos e orlas s\u00e3o constantemente ocupados por grupos de corredores. Promover uma competi\u00e7\u00e3o do porte da Meia Maratona Internacional confirma essa voca\u00e7\u00e3o da cidade, a prova disso foi o tempo recorde em que as inscri\u00e7\u00f5es foram esgotadas\u201d, disse o secret\u00e1rio.<\/p>\n\n\n\n<p>Mais do que uma competi\u00e7\u00e3o, a Meia Maratona Internacional \u00e9 um convite \u00e0 celebra\u00e7\u00e3o da sa\u00fade, do bem-estar e da natureza exuberante de Maric\u00e1, munic\u00edpio marcado por praias, lagoas, ilhas, cachoeiras e trilhas. O nome da cidade vem do tupi-guarani e significa \u201cplanta de espinho\u201d. Maric\u00e1 tamb\u00e9m se destaca por sua miscigena\u00e7\u00e3o cultural, com ra\u00edzes ind\u00edgenas, portuguesas e angolanas, al\u00e9m de ser uma das cidades brasileiras com mais obras assinadas por Oscar Niemeyer.<\/p>\n\n\n\n<p>A programa\u00e7\u00e3o come\u00e7a no s\u00e1bado (24\/05) com a Corrida Infantil, dedicada a crian\u00e7as de 2 a 14 anos, refor\u00e7ando a integra\u00e7\u00e3o entre esporte e fam\u00edlia desde a inf\u00e2ncia.<\/p>\n\n\n\n<p>No domingo (25\/05), a Orla de Itaipua\u00e7u recebe os percursos de 21 km, 10 km e 5 km em um trajeto r\u00e1pido e inspirador, moldado por paisagens naturais e com estrutura de excel\u00eancia. A proposta \u00e9 democratizar a corrida, incentivando a participa\u00e7\u00e3o de atletas experientes, iniciantes e caminhantes.<\/p>\n\n\n\n<p>&nbsp;Influenciadores e nomes de peso nas pistas<\/p>\n\n\n\n<p>A primeira edi\u00e7\u00e3o da Meia Maratona Internacional tamb\u00e9m contar\u00e1 com a presen\u00e7a de influenciadores que se destacam no universo das corridas, como Musser, Aliny Glaser, Lucas Vitoriano e Daniel Rangel, atleta do esporte adaptado que compete em cadeira de rodas. Outro destaque \u00e9 a participa\u00e7\u00e3o de Luciete Souza, primeira mulher a conquistar o lugar mais alto do p\u00f3dio na estreia da tradicional Corrida da Ponte, em 1981, quando cruzou a linha de chegada descal\u00e7a.<\/p>\n\n\n\n<p>Al\u00e9m disso, a prova refor\u00e7a seu car\u00e1ter internacional ao atrair atletas de diferentes partes do mundo, como Qu\u00eania, Estados Unidos e outros pa\u00edses, consolidando-se como um dos principais eventos do calend\u00e1rio esportivo da regi\u00e3o.<\/p>\n\n\n\n<p>&nbsp;Movimenta\u00e7\u00e3o econ\u00f4mica e impacto social<\/p>\n\n\n\n<p>A estimativa \u00e9 de que o evento movimente cerca de 15 mil pessoas na cidade. \u201cTemos 38% dos inscritos moradores de Maric\u00e1 e 62% de outras regi\u00f5es do Brasil. Isso aquece a economia local, fomenta o turismo e gera empregos. Estimamos um impacto financeiro de aproximadamente R$ 2 milh\u00f5es\u201d, afirma Rafael Prefeitinho, diretor de prova da Meia Maratona Internacional de Maric\u00e1.<\/p>\n\n\n\n<p>Segundo ele, o sucesso da prova j\u00e1 inspira planos ambiciosos. \u201cQueremos transformar o evento em uma maratona completa em 2026. Tivemos 5 mil inscri\u00e7\u00f5es esgotadas em apenas quatro minutos. Isso mostra o potencial da corrida. J\u00e1 estamos trabalhando na segunda edi\u00e7\u00e3o com a inten\u00e7\u00e3o de torn\u00e1-la parte permanente do calend\u00e1rio oficial de eventos da cidade\u201d, completa.<\/p>\n\n\n\n<p>A Meia Maratona Internacional de Maric\u00e1 vai al\u00e9m do esporte: \u00e9 uma manifesta\u00e7\u00e3o de amor pela cidade, por sua cultura e pela busca de uma vida mais saud\u00e1vel.<\/p>\n\n\n\n<p>&nbsp;Servi\u00e7o<\/p>\n\n\n\n<p>Corrida Infantil (2 a 14 anos)<br>Data: 24 de maio (s\u00e1bado)<br>Hor\u00e1rio: 8h \u00e0s 11h<\/p>\n\n\n\n<p>Percursos 21 km, 10 km e 5 km<br>Data: 25 de maio (domingo)<br>Largadas:<br>* Meia Maratona (21 km): 5h20<br>* Corrida 10 km: 7h30<br>* Corrida 5 km: 8h30<\/p>\n\n\n\n<p>Local: Orla de Itaipua\u00e7u \u2013 Maric\u00e1 (RJ).<\/p>\n\n\n\n<p><strong><em>S\u00e3o Gon\u00e7alo vai mudar: Not\u00edcias de S\u00e3o Gon\u00e7alo e toda regi\u00e3o.<\/em><\/strong><\/p>\n\n\n\n<figure class=\"wp-block-image size-large\"><img fetchpriority=\"high\" decoding=\"async\" width=\"1024\" height=\"252\" src=\"https:\/\/sgvaimudar.com.br\/wp-content\/uploads\/2025\/03\/Anuncie-Aqui-Sao-Goncalo-vai-mudar-1024x252.jpg\" alt=\"\" class=\"wp-image-22693\" srcset=\"https:\/\/sgvaimudar.com.br\/wp-content\/uploads\/2025\/03\/Anuncie-Aqui-Sao-Goncalo-vai-mudar-1024x252.jpg 1024w, https:\/\/sgvaimudar.com.br\/wp-content\/uploads\/2025\/03\/Anuncie-Aqui-Sao-Goncalo-vai-mudar-300x74.jpg 300w, https:\/\/sgvaimudar.com.br\/wp-content\/uploads\/2025\/03\/Anuncie-Aqui-Sao-Goncalo-vai-mudar-768x189.jpg 768w, https:\/\/sgvaimudar.com.br\/wp-content\/uploads\/2025\/03\/Anuncie-Aqui-Sao-Goncalo-vai-mudar-1536x378.jpg 1536w, https:\/\/sgvaimudar.com.br\/wp-content\/uploads\/2025\/03\/Anuncie-Aqui-Sao-Goncalo-vai-mudar-2048x504.jpg 2048w\" sizes=\"(max-width: 1024px) 100vw, 1024px\" \/><\/figure>\n","protected":false},"excerpt":{"rendered":"<p>Evento vai reunir 5 mil atletas e refor\u00e7a voca\u00e7\u00e3o esportiva da cidade Os maricaenses v\u00e3o participar da primeira edi\u00e7\u00e3o da&hellip;<\/p>\n","protected":false},"author":5,"featured_media":25415,"comment_status":"open","ping_status":"open","sticky":false,"template":"","format":"standard","meta":{"fifu_image_url":"","fifu_image_alt":"","footnotes":""},"categories":[6],"tags":[],"class_list":["post-25414","post","type-post","status-publish","format-standard","has-post-thumbnail","hentry","category-entretenimento"],"_links":{"self":[{"href":"https:\/\/sgvaimudar.com.br\/index.php\/wp-json\/wp\/v2\/posts\/25414","targetHints":{"allow":["GET"]}}],"collection":[{"href":"https:\/\/sgvaimudar.com.br\/index.php\/wp-json\/wp\/v2\/posts"}],"about":[{"href":"https:\/\/sgvaimudar.com.br\/index.php\/wp-json\/wp\/v2\/types\/post"}],"author":[{"embeddable":true,"href":"https:\/\/sgvaimudar.com.br\/index.php\/wp-json\/wp\/v2\/users\/5"}],"replies":[{"embeddable":true,"href":"https:\/\/sgvaimudar.com.br\/index.php\/wp-json\/wp\/v2\/comments?post=25414"}],"version-history":[{"count":1,"href":"https:\/\/sgvaimudar.com.br\/index.php\/wp-json\/wp\/v2\/posts\/25414\/revisions"}],"predecessor-version":[{"id":25416,"href":"https:\/\/sgvaimudar.com.br\/index.php\/wp-json\/wp\/v2\/posts\/25414\/revisions\/25416"}],"wp:featuredmedia":[{"embeddable":true,"href":"https:\/\/sgvaimudar.com.br\/index.php\/wp-json\/wp\/v2\/media\/25415"}],"wp:attachment":[{"href":"https:\/\/sgvaimudar.com.br\/index.php\/wp-json\/wp\/v2\/media?parent=25414"}],"wp:term":[{"taxonomy":"category","embeddable":true,"href":"https:\/\/sgvaimudar.com.br\/index.php\/wp-json\/wp\/v2\/categories?post=25414"},{"taxonomy":"post_tag","embeddable":true,"href":"https:\/\/sgvaimudar.com.br\/index.php\/wp-json\/wp\/v2\/tags?post=25414"}],"curies":[{"name":"wp","href":"https:\/\/api.w.org\/{rel}","templated":true}]}}