{"id":25412,"date":"2025-05-22T15:00:00","date_gmt":"2025-05-22T18:00:00","guid":{"rendered":"https:\/\/sgvaimudar.com.br\/?p=25412"},"modified":"2025-05-22T09:58:37","modified_gmt":"2025-05-22T12:58:37","slug":"justica-obtem-vitoria-no-tse-mantendo-indeferimento-de-candidatura-de-acusado-de-homicidio-em-niteroi","status":"publish","type":"post","link":"https:\/\/sgvaimudar.com.br\/index.php\/2025\/05\/22\/justica-obtem-vitoria-no-tse-mantendo-indeferimento-de-candidatura-de-acusado-de-homicidio-em-niteroi\/","title":{"rendered":"Justi\u00e7a obt\u00e9m vit\u00f3ria no TSE mantendo indeferimento de candidatura de acusado de homic\u00eddio em Niter\u00f3i"},"content":{"rendered":"\n<p><em>Para a 72\u00aa Promotoria Eleitoral o crime teria sido motivado pela possibilidade de Mac\u00eado assumir a vaga da v\u00edtima na C\u00e2mara de Vereadores<\/em><\/p>\n\n\n\n<p>O Tribunal Superior Eleitoral (TSE) manteve, em decis\u00e3o definitiva, o indeferimento do registro de candidatura de Carlos Alberto de Mac\u00eado, acusado de ser o mandante do homic\u00eddio de outro vereador em Niter\u00f3i. <\/p>\n\n\n\n<p>A 72\u00aa Promotoria Eleitoral de Niter\u00f3i, ao representar o Minist\u00e9rio P\u00fablico Eleitoral (MPE), sustentou que, apesar da aus\u00eancia de condena\u00e7\u00e3o por \u00f3rg\u00e3o colegiado, o caso apresenta elementos probat\u00f3rios robustos que fundamentaram a decis\u00e3o de pron\u00fancia e o consequente encaminhamento para julgamento pelo Tribunal do J\u00fari.\u00a0<\/p>\n\n\n\n<p>De acordo com as investiga\u00e7\u00f5es, o crime teria sido motivado pela possibilidade de Mac\u00eado assumir a vaga da v\u00edtima na C\u00e2mara Municipal. O MPE destacou que a acusa\u00e7\u00e3o se refere a crime hediondo diretamente relacionado ao cargo pretendido pelo candidato, o que constitui impedimento ao registro para preservar a moralidade, princ\u00edpio protegido pela Constitui\u00e7\u00e3o Federal.&nbsp;<\/p>\n\n\n\n<p>O pedido de indeferimento foi inicialmente acolhido pela ju\u00edza eleitoral em primeira inst\u00e2ncia e posteriormente confirmado pelo Tribunal Regional Eleitoral (TRE). Com a decis\u00e3o do TSE, esgotam-se as possibilidades de recurso no caso. <\/p>\n\n\n\n<p>Em seu voto, o ministro relator ressaltou: &#8220;Como visto, no caso em exame, o recorrente j\u00e1 tem em seu desfavor senten\u00e7a de pron\u00fancia por crime doloso contra a vida (homic\u00eddio qualificado) e tamb\u00e9m a imputa\u00e7\u00e3o do crime de quadrilha ou bando (segundo norma penal incriminadora vigente \u00e0 \u00e9poca dos fatos), havendo de ser reconhecida sua inabilita\u00e7\u00e3o para participar, como candidato, da disputa por uma das vagas na C\u00e2mara Municipal de Niter\u00f3i no pleito do corrente ano&#8221;.<\/p>\n\n\n\n<p><strong><em>Fa\u00e7a sua den\u00fancia pelo nosso WhatsApp: (21) <\/em><\/strong><strong><em>99744 5345<\/em><\/strong><strong><em><\/em><\/strong><\/p>\n\n\n\n<p><strong><em>S\u00e3o Gon\u00e7alo vai mudar: Not\u00edcias de S\u00e3o Gon\u00e7alo e toda regi\u00e3o.<\/em><\/strong><\/p>\n\n\n\n<figure class=\"wp-block-image size-large\"><img fetchpriority=\"high\" decoding=\"async\" width=\"1024\" height=\"252\" src=\"https:\/\/sgvaimudar.com.br\/wp-content\/uploads\/2023\/10\/Anuncie-Aqui-Sao-Goncalo-vai-mudar-2-1024x252.jpg\" alt=\"\" class=\"wp-image-3625\" srcset=\"https:\/\/sgvaimudar.com.br\/wp-content\/uploads\/2023\/10\/Anuncie-Aqui-Sao-Goncalo-vai-mudar-2-1024x252.jpg 1024w, https:\/\/sgvaimudar.com.br\/wp-content\/uploads\/2023\/10\/Anuncie-Aqui-Sao-Goncalo-vai-mudar-2-300x74.jpg 300w, https:\/\/sgvaimudar.com.br\/wp-content\/uploads\/2023\/10\/Anuncie-Aqui-Sao-Goncalo-vai-mudar-2-768x189.jpg 768w, https:\/\/sgvaimudar.com.br\/wp-content\/uploads\/2023\/10\/Anuncie-Aqui-Sao-Goncalo-vai-mudar-2-1536x378.jpg 1536w, https:\/\/sgvaimudar.com.br\/wp-content\/uploads\/2023\/10\/Anuncie-Aqui-Sao-Goncalo-vai-mudar-2-2048x504.jpg 2048w\" sizes=\"(max-width: 1024px) 100vw, 1024px\" \/><\/figure>\n","protected":false},"excerpt":{"rendered":"<p>Para a 72\u00aa Promotoria Eleitoral o crime teria sido motivado pela possibilidade de Mac\u00eado assumir a vaga da v\u00edtima na&hellip;<\/p>\n","protected":false},"author":5,"featured_media":10258,"comment_status":"open","ping_status":"open","sticky":false,"template":"","format":"standard","meta":{"fifu_image_url":"","fifu_image_alt":"","footnotes":""},"categories":[32],"tags":[],"class_list":["post-25412","post","type-post","status-publish","format-standard","has-post-thumbnail","hentry","category-casos-de-policia"],"_links":{"self":[{"href":"https:\/\/sgvaimudar.com.br\/index.php\/wp-json\/wp\/v2\/posts\/25412","targetHints":{"allow":["GET"]}}],"collection":[{"href":"https:\/\/sgvaimudar.com.br\/index.php\/wp-json\/wp\/v2\/posts"}],"about":[{"href":"https:\/\/sgvaimudar.com.br\/index.php\/wp-json\/wp\/v2\/types\/post"}],"author":[{"embeddable":true,"href":"https:\/\/sgvaimudar.com.br\/index.php\/wp-json\/wp\/v2\/users\/5"}],"replies":[{"embeddable":true,"href":"https:\/\/sgvaimudar.com.br\/index.php\/wp-json\/wp\/v2\/comments?post=25412"}],"version-history":[{"count":1,"href":"https:\/\/sgvaimudar.com.br\/index.php\/wp-json\/wp\/v2\/posts\/25412\/revisions"}],"predecessor-version":[{"id":25413,"href":"https:\/\/sgvaimudar.com.br\/index.php\/wp-json\/wp\/v2\/posts\/25412\/revisions\/25413"}],"wp:featuredmedia":[{"embeddable":true,"href":"https:\/\/sgvaimudar.com.br\/index.php\/wp-json\/wp\/v2\/media\/10258"}],"wp:attachment":[{"href":"https:\/\/sgvaimudar.com.br\/index.php\/wp-json\/wp\/v2\/media?parent=25412"}],"wp:term":[{"taxonomy":"category","embeddable":true,"href":"https:\/\/sgvaimudar.com.br\/index.php\/wp-json\/wp\/v2\/categories?post=25412"},{"taxonomy":"post_tag","embeddable":true,"href":"https:\/\/sgvaimudar.com.br\/index.php\/wp-json\/wp\/v2\/tags?post=25412"}],"curies":[{"name":"wp","href":"https:\/\/api.w.org\/{rel}","templated":true}]}}