{"id":25408,"date":"2025-05-22T14:00:00","date_gmt":"2025-05-22T17:00:00","guid":{"rendered":"https:\/\/sgvaimudar.com.br\/?p=25408"},"modified":"2025-05-22T09:40:09","modified_gmt":"2025-05-22T12:40:09","slug":"itaborai-192-anos-musica-gospel-da-inicio-aos-shows-em-celebracao-ao-aniversario-da-cidade","status":"publish","type":"post","link":"https:\/\/sgvaimudar.com.br\/index.php\/2025\/05\/22\/itaborai-192-anos-musica-gospel-da-inicio-aos-shows-em-celebracao-ao-aniversario-da-cidade\/","title":{"rendered":"Itabora\u00ed 192 anos: M\u00fasica gospel d\u00e1 in\u00edcio aos shows em celebra\u00e7\u00e3o ao anivers\u00e1rio da cidade"},"content":{"rendered":"\n<p><em>A primeira das cinco noites de espet\u00e1culo reuniu centenas de pessoas <\/em><\/p>\n\n\n\n<p>A primeira noite de shows em celebra\u00e7\u00e3o aos 192 anos de emancipa\u00e7\u00e3o pol\u00edtico-administrativa do munic\u00edpio de Itabora\u00ed, que teve in\u00edcio nesta quarta-feira (21\/05), em uma estrutura montada na Avenida 22 de Maio na altura do n\u00ba 3126, no bairro S\u00e3o Joaquim, foi marcada por louvor, adora\u00e7\u00e3o e muita emo\u00e7\u00e3o.<\/p>\n\n\n\n<p>A apresenta\u00e7\u00e3o do evento ficou sob o comando de Malta J\u00fanior que deu in\u00edcio \u00e0 programa\u00e7\u00e3o com a cantora mirim, Maria Pita, em seguida, DJ Moth\u00e9 e o cantor Weslei agitaram a multid\u00e3o presente. Acompanhado da primeira-dama do munic\u00edpio, o prefeito de Itabora\u00ed, Marcelo Delaroli, destacou a felicidade de celebrar mais um ano de hist\u00f3ria da cidade.<\/p>\n\n\n\n<figure class=\"wp-block-image size-large\"><img fetchpriority=\"high\" decoding=\"async\" width=\"1024\" height=\"682\" src=\"https:\/\/sgvaimudar.com.br\/wp-content\/uploads\/2025\/05\/Itaborai-192-anos-Musica-gospel-da-inicio-a-maratona-de-shows-em-celebracao-ao-aniversario-da-cidade-2-1024x682.jpeg\" alt=\"\" class=\"wp-image-25409\" srcset=\"https:\/\/sgvaimudar.com.br\/wp-content\/uploads\/2025\/05\/Itaborai-192-anos-Musica-gospel-da-inicio-a-maratona-de-shows-em-celebracao-ao-aniversario-da-cidade-2-1024x682.jpeg 1024w, https:\/\/sgvaimudar.com.br\/wp-content\/uploads\/2025\/05\/Itaborai-192-anos-Musica-gospel-da-inicio-a-maratona-de-shows-em-celebracao-ao-aniversario-da-cidade-2-300x200.jpeg 300w, https:\/\/sgvaimudar.com.br\/wp-content\/uploads\/2025\/05\/Itaborai-192-anos-Musica-gospel-da-inicio-a-maratona-de-shows-em-celebracao-ao-aniversario-da-cidade-2-768x512.jpeg 768w, https:\/\/sgvaimudar.com.br\/wp-content\/uploads\/2025\/05\/Itaborai-192-anos-Musica-gospel-da-inicio-a-maratona-de-shows-em-celebracao-ao-aniversario-da-cidade-2-1536x1023.jpeg 1536w, https:\/\/sgvaimudar.com.br\/wp-content\/uploads\/2025\/05\/Itaborai-192-anos-Musica-gospel-da-inicio-a-maratona-de-shows-em-celebracao-ao-aniversario-da-cidade-2.jpeg 1600w\" sizes=\"(max-width: 1024px) 100vw, 1024px\" \/><\/figure>\n\n\n\n<p>\u201cA alegria \u00e9 muito grande por estar aqui hoje. Primeira noite de festividade come\u00e7ando com o p\u00e9 direito. Que Deus aben\u00e7oe a nossa cidade, que Deus aben\u00e7oe a nossa popula\u00e7\u00e3o. Itabora\u00ed est\u00e1 prosperando e \u00e9 o nome do Senhor Jesus que precisa ser exaltado, a ele toda a honra e toda a gl\u00f3ria\u201d, expressou Marcelo Delaroli.<\/p>\n\n\n\n<p>Tamb\u00e9m estiveram presentes o deputado estadual Guilherme Delaroli: o presidente da C\u00e2mara dos Vereadores de Itabora\u00ed, Jo\u00e3o Delaroli; o vice-prefeito, Elber Corr\u00eaa, al\u00e9m de secret\u00e1rios municipais e vereadores.<\/p>\n\n\n\n<p>Atra\u00e7\u00e3o mais aguardada da noite, o cantor Thalles Roberto falou sobre a experi\u00eancia de cantar para o povo itaboraiense.<\/p>\n\n\n\n<p>\u201cO pessoal daqui de Itabora\u00ed \u00e9 super feliz, energia gloriosa. Feliz por essa troca de amor entre a gente. E eu acredito que esse \u00e9 um ambiente muito favor\u00e1vel para a presen\u00e7a de Deus. Creio que as pessoas sa\u00edram felizes daqui, o Senhor saiu feliz tamb\u00e9m\u201d, disse Thalles Roberto.<\/p>\n\n\n\n<p>Para garantir mais seguran\u00e7a para o p\u00fablico presente, o evento conta com quatro Postos M\u00e9dicos instalados em pontos estrat\u00e9gicos para atender a popula\u00e7\u00e3o com conforto e, ainda, ambul\u00e2ncias que est\u00e3o \u00e0 disposi\u00e7\u00e3o para atender qualquer ocorr\u00eancia. Al\u00e9m de banheiros qu\u00edmicos, pra\u00e7a de alimenta\u00e7\u00e3o e tenda de brigadistas, prontos para prestarem os primeiros socorros.<\/p>\n\n\n\n<p>Durante a celebra\u00e7\u00e3o acontece a identifica\u00e7\u00e3o de menores, por meio de pulseiras que registram o nome e telefone dos respons\u00e1veis.&nbsp;Uma \u00e1rea exclusiva com acessibilidade e pontos de hidrata\u00e7\u00e3o gratuitos, oferecem bem-estar para os espectadores. Pensado para todos os p\u00fablicos, o evento tem \u00e0 disposi\u00e7\u00e3o uma sala multissensorial para atender crian\u00e7as neurodivergentes.<\/p>\n\n\n\n<p>Um Centro de Comando e Controle m\u00f3vel est\u00e1 instalado no local do evento, sendo um micro-\u00f4nibus da Guarda Municipal, que conta com monitores, espelhando em mosaico, as c\u00e2meras de videomonitoramento instaladas na cidade, com conex\u00e3o de internet e esta\u00e7\u00f5es de trabalho, operadas pelos guardas municipais. <\/p>\n\n\n\n<p>&#8220;Vale destacar que foi montado um esquema de seguran\u00e7a refor\u00e7ado, com detector de metais em todos os acessos ao evento. Um dos diferenciais deste ano \u00e9 o sistema de controle e monitoramento, que conta com 80 c\u00e2meras convencionais e com tecnologia speed dome, proporcionando mais seguran\u00e7a para o p\u00fablico&#8221;, disse o poder p\u00fablico no texto.<\/p>\n\n\n\n<p>A Secretaria Municipal de Meio Ambiente e Urbanismo (Semau) promove uma a\u00e7\u00e3o de sustentabilidade que seguir\u00e1 durante todas as noites de shows: quem levar 10 itens de material recicl\u00e1vel poder\u00e1 trocar por um copo reutiliz\u00e1vel personalizado do evento. <\/p>\n\n\n\n<p>&#8220;A iniciativa tem como objetivo reduzir o uso de copos descart\u00e1veis e o descarte irregular de res\u00edduos durante a programa\u00e7\u00e3o de anivers\u00e1rio da cidade&#8221;, disse a Prefeitura na nota.<\/p>\n\n\n\n<p>O evento conta ainda com apoio de diversas Secretarias Municipais, al\u00e9m de agentes do 35\u00ba Batalh\u00e3o de Pol\u00edcia Militar (BPM) e do programa Seguran\u00e7a Presente.<\/p>\n\n\n\n<p>Segundo a moradora Bairro Apolo II, Joaci dos Santos, a festa est\u00e1 imperd\u00edvel. Ela aguardava animada para ver de perto o cantor Thalles Roberto.<\/p>\n\n\n\n<p>\u201cCheguei cedo para pegar um bom lugar e conseguir ver de perto o Thalles Roberto. Est\u00e1 tudo muito lindo e estou me divertindo demais e o melhor de tudo \u00e9 na presen\u00e7a de Deus. Estou muito feliz por poder viver esse momento na minha cidade, que est\u00e1 vivendo um novo momento\u201d, finalizou a dona de casa.<\/p>\n\n\n\n<p>A festa continua nesta quinta-feira (22\/05), a partir das 19h, com diversos shows, sendo o grupo Menos \u00e9 Mais a atra\u00e7\u00e3o principal. Na sexta-feira (23\/05), o p\u00fablico se diverte ao som do pagode com o cantor Dilsinho e o sertanejo fica no comando de Gustavo Mioto. <\/p>\n\n\n\n<p>J\u00e1 no s\u00e1bado (24\/05), ser\u00e1 a vez da boiadeira, Ana Castela. E no domingo (25\/05), o cantor Belo embala a noite com grandes cl\u00e1ssicos do pagode. Todos os dias a apresenta\u00e7\u00e3o ficar\u00e1 por conta de Andr\u00e9 Gasparetty, al\u00e9m da apresenta\u00e7\u00e3o de artistas locais.<\/p>\n\n\n\n<p><strong><em>S\u00e3o Gon\u00e7alo vai mudar: Not\u00edcias de S\u00e3o Gon\u00e7alo e toda regi\u00e3o.<\/em><\/strong><\/p>\n\n\n\n<figure class=\"wp-block-image size-large\"><img decoding=\"async\" width=\"1024\" height=\"252\" src=\"https:\/\/sgvaimudar.com.br\/wp-content\/uploads\/2025\/03\/Anuncie-Aqui-Sao-Goncalo-vai-mudar-1024x252.jpg\" alt=\"\" class=\"wp-image-22693\" srcset=\"https:\/\/sgvaimudar.com.br\/wp-content\/uploads\/2025\/03\/Anuncie-Aqui-Sao-Goncalo-vai-mudar-1024x252.jpg 1024w, https:\/\/sgvaimudar.com.br\/wp-content\/uploads\/2025\/03\/Anuncie-Aqui-Sao-Goncalo-vai-mudar-300x74.jpg 300w, https:\/\/sgvaimudar.com.br\/wp-content\/uploads\/2025\/03\/Anuncie-Aqui-Sao-Goncalo-vai-mudar-768x189.jpg 768w, https:\/\/sgvaimudar.com.br\/wp-content\/uploads\/2025\/03\/Anuncie-Aqui-Sao-Goncalo-vai-mudar-1536x378.jpg 1536w, https:\/\/sgvaimudar.com.br\/wp-content\/uploads\/2025\/03\/Anuncie-Aqui-Sao-Goncalo-vai-mudar-2048x504.jpg 2048w\" sizes=\"(max-width: 1024px) 100vw, 1024px\" \/><\/figure>\n","protected":false},"excerpt":{"rendered":"<p>A primeira das cinco noites de espet\u00e1culo reuniu centenas de pessoas A primeira noite de shows em celebra\u00e7\u00e3o aos 192&hellip;<\/p>\n","protected":false},"author":5,"featured_media":25410,"comment_status":"open","ping_status":"open","sticky":false,"template":"","format":"standard","meta":{"fifu_image_url":"","fifu_image_alt":"","footnotes":""},"categories":[6],"tags":[],"class_list":["post-25408","post","type-post","status-publish","format-standard","has-post-thumbnail","hentry","category-entretenimento"],"_links":{"self":[{"href":"https:\/\/sgvaimudar.com.br\/index.php\/wp-json\/wp\/v2\/posts\/25408","targetHints":{"allow":["GET"]}}],"collection":[{"href":"https:\/\/sgvaimudar.com.br\/index.php\/wp-json\/wp\/v2\/posts"}],"about":[{"href":"https:\/\/sgvaimudar.com.br\/index.php\/wp-json\/wp\/v2\/types\/post"}],"author":[{"embeddable":true,"href":"https:\/\/sgvaimudar.com.br\/index.php\/wp-json\/wp\/v2\/users\/5"}],"replies":[{"embeddable":true,"href":"https:\/\/sgvaimudar.com.br\/index.php\/wp-json\/wp\/v2\/comments?post=25408"}],"version-history":[{"count":1,"href":"https:\/\/sgvaimudar.com.br\/index.php\/wp-json\/wp\/v2\/posts\/25408\/revisions"}],"predecessor-version":[{"id":25411,"href":"https:\/\/sgvaimudar.com.br\/index.php\/wp-json\/wp\/v2\/posts\/25408\/revisions\/25411"}],"wp:featuredmedia":[{"embeddable":true,"href":"https:\/\/sgvaimudar.com.br\/index.php\/wp-json\/wp\/v2\/media\/25410"}],"wp:attachment":[{"href":"https:\/\/sgvaimudar.com.br\/index.php\/wp-json\/wp\/v2\/media?parent=25408"}],"wp:term":[{"taxonomy":"category","embeddable":true,"href":"https:\/\/sgvaimudar.com.br\/index.php\/wp-json\/wp\/v2\/categories?post=25408"},{"taxonomy":"post_tag","embeddable":true,"href":"https:\/\/sgvaimudar.com.br\/index.php\/wp-json\/wp\/v2\/tags?post=25408"}],"curies":[{"name":"wp","href":"https:\/\/api.w.org\/{rel}","templated":true}]}}