{"id":25405,"date":"2025-05-22T13:00:00","date_gmt":"2025-05-22T16:00:00","guid":{"rendered":"https:\/\/sgvaimudar.com.br\/?p=25405"},"modified":"2025-05-22T09:30:11","modified_gmt":"2025-05-22T12:30:11","slug":"claudio-castro-celebra-os-30-anos-do-riosolidario-em-missa-no-cristo-redentor","status":"publish","type":"post","link":"https:\/\/sgvaimudar.com.br\/index.php\/2025\/05\/22\/claudio-castro-celebra-os-30-anos-do-riosolidario-em-missa-no-cristo-redentor\/","title":{"rendered":"Cl\u00e1udio Castro celebra os 30 anos do RioSolidario em missa no Cristo Redentor"},"content":{"rendered":"\n<p><em>Cerim\u00f4nia reuniu autoridades e convidados para celebrar a trajet\u00f3ria da institui\u00e7\u00e3o que promove inclus\u00e3o social e oportunidades para a popula\u00e7\u00e3o em vulnerabilidade social<\/em><\/p>\n\n\n\n<p>O governador Cl\u00e1udio Castro participou, nesta quarta-feira (21\/05), da missa em A\u00e7\u00e3o de Gra\u00e7as pelos 30 anos do RioSolidario, obra social do Estado, realizada no Santu\u00e1rio Cristo Redentor. A cerim\u00f4nia reuniu autoridades, representantes de institui\u00e7\u00f5es, parceiros e colaboradores, em um momento de celebra\u00e7\u00e3o, reconhecimento e renova\u00e7\u00e3o do compromisso com a promo\u00e7\u00e3o da inclus\u00e3o social no estado.<\/p>\n\n\n\n<p>-O RioSolidario \u00e9 uma refer\u00eancia de como a solidariedade e a uni\u00e3o podem transformar vidas e construir um futuro mais justo e inclusivo para todos. \u00c9 a prova de que quem quer fazer o bem s\u00f3 precisa de amor e compromisso. S\u00e3o 30 anos de uma miss\u00e3o silenciosa, mas profundamente transformadora, que tira as pessoas do conforto e as move a cuidar do outro com dedica\u00e7\u00e3o e entrega- afirmou o governador Cl\u00e1udio Castro.<\/p>\n\n\n\n<p>A missa foi presidida pelo padre Victor Hugo, do pr\u00f3prio Santu\u00e1rio, e contou com apresenta\u00e7\u00e3o da banda Em Nome do Pai. A primeira-dama e presidente de honra do RioSolidario, Analine Castro, refor\u00e7ou o papel da institui\u00e7\u00e3o na garantia de oportunidades para quem mais precisa.<\/p>\n\n\n\n<p>-O RioSolidario transformou a minha vida, assim como transforma a vida de milhares de crian\u00e7as, jovens e mulheres h\u00e1 30 anos. \u00c9 uma miss\u00e3o que abra\u00e7amos com amor e compromisso, sempre com o olhar voltado para o outro. Sou profundamente grata a Deus e a todos que acreditam e fazem esse trabalho acontecer, levando esperan\u00e7a e acolhimento a quem mais precisa &#8211; disse a primeira-dama e presidente de honra do RioSolidario, Analine Castro.<\/p>\n\n\n\n<p>Ao final da celebra\u00e7\u00e3o, &nbsp;parceiros do RioSolidario foram homenagedos e destacaram a trajet\u00f3ria da organiza\u00e7\u00e3o, que ao longo de tr\u00eas d\u00e9cadas j\u00e1 beneficiou milhares de crian\u00e7as, jovens e mulheres em situa\u00e7\u00e3o de vulnerabilidade social. A missa foi encerrada com foto oficial nas escadarias do Santu\u00e1rio Cristo Redentor.<\/p>\n\n\n\n<p>-Esse \u00e9 o momento de reconhecermos o valor de todos que caminharam conosco. A for\u00e7a do RioSolidario est\u00e1 em cada parceiro, volunt\u00e1rio e colaborador que acredita no poder da transforma\u00e7\u00e3o social. \u00c9 um trabalho que \u00e9 feito com muito amor pensando na solidariedade\u2013 pontuou a presidente do RioSolidario, Paola Figueiredo.<\/p>\n\n\n\n<p><strong>Sobre o RioSolidario<\/strong><\/p>\n\n\n\n<p>Criado em 1995, o RioSolidario atua com foco na promo\u00e7\u00e3o da inclus\u00e3o social, capacita\u00e7\u00e3o e acolhimento. Entre as principais iniciativas da institui\u00e7\u00e3o est\u00e3o o \u201cLar da Mulher\u201d, que acolhe mulheres v\u00edtimas de viol\u00eancia, os Espa\u00e7os de Educa\u00e7\u00e3o Infantil, que atendem mais de 670 crian\u00e7as; cursos profissionalizantes como o Profi-San, em Itatiaia, e programas que fortalecem organiza\u00e7\u00f5es sociais em todo o estado.<\/p>\n\n\n\n<p><strong><em>S\u00e3o Gon\u00e7alo vai mudar: Not\u00edcias de S\u00e3o Gon\u00e7alo e toda regi\u00e3o.<\/em><\/strong><\/p>\n\n\n\n<figure class=\"wp-block-image size-large\"><img fetchpriority=\"high\" decoding=\"async\" width=\"1024\" height=\"252\" src=\"https:\/\/sgvaimudar.com.br\/wp-content\/uploads\/2025\/03\/Anuncie-Aqui-Sao-Goncalo-vai-mudar-1024x252.jpg\" alt=\"\" class=\"wp-image-22693\" srcset=\"https:\/\/sgvaimudar.com.br\/wp-content\/uploads\/2025\/03\/Anuncie-Aqui-Sao-Goncalo-vai-mudar-1024x252.jpg 1024w, https:\/\/sgvaimudar.com.br\/wp-content\/uploads\/2025\/03\/Anuncie-Aqui-Sao-Goncalo-vai-mudar-300x74.jpg 300w, https:\/\/sgvaimudar.com.br\/wp-content\/uploads\/2025\/03\/Anuncie-Aqui-Sao-Goncalo-vai-mudar-768x189.jpg 768w, https:\/\/sgvaimudar.com.br\/wp-content\/uploads\/2025\/03\/Anuncie-Aqui-Sao-Goncalo-vai-mudar-1536x378.jpg 1536w, https:\/\/sgvaimudar.com.br\/wp-content\/uploads\/2025\/03\/Anuncie-Aqui-Sao-Goncalo-vai-mudar-2048x504.jpg 2048w\" sizes=\"(max-width: 1024px) 100vw, 1024px\" \/><\/figure>\n","protected":false},"excerpt":{"rendered":"<p>Cerim\u00f4nia reuniu autoridades e convidados para celebrar a trajet\u00f3ria da institui\u00e7\u00e3o que promove inclus\u00e3o social e oportunidades para a popula\u00e7\u00e3o&hellip;<\/p>\n","protected":false},"author":5,"featured_media":25406,"comment_status":"open","ping_status":"open","sticky":false,"template":"","format":"standard","meta":{"fifu_image_url":"","fifu_image_alt":"","footnotes":""},"categories":[36],"tags":[],"class_list":["post-25405","post","type-post","status-publish","format-standard","has-post-thumbnail","hentry","category-bem-estar"],"_links":{"self":[{"href":"https:\/\/sgvaimudar.com.br\/index.php\/wp-json\/wp\/v2\/posts\/25405","targetHints":{"allow":["GET"]}}],"collection":[{"href":"https:\/\/sgvaimudar.com.br\/index.php\/wp-json\/wp\/v2\/posts"}],"about":[{"href":"https:\/\/sgvaimudar.com.br\/index.php\/wp-json\/wp\/v2\/types\/post"}],"author":[{"embeddable":true,"href":"https:\/\/sgvaimudar.com.br\/index.php\/wp-json\/wp\/v2\/users\/5"}],"replies":[{"embeddable":true,"href":"https:\/\/sgvaimudar.com.br\/index.php\/wp-json\/wp\/v2\/comments?post=25405"}],"version-history":[{"count":1,"href":"https:\/\/sgvaimudar.com.br\/index.php\/wp-json\/wp\/v2\/posts\/25405\/revisions"}],"predecessor-version":[{"id":25407,"href":"https:\/\/sgvaimudar.com.br\/index.php\/wp-json\/wp\/v2\/posts\/25405\/revisions\/25407"}],"wp:featuredmedia":[{"embeddable":true,"href":"https:\/\/sgvaimudar.com.br\/index.php\/wp-json\/wp\/v2\/media\/25406"}],"wp:attachment":[{"href":"https:\/\/sgvaimudar.com.br\/index.php\/wp-json\/wp\/v2\/media?parent=25405"}],"wp:term":[{"taxonomy":"category","embeddable":true,"href":"https:\/\/sgvaimudar.com.br\/index.php\/wp-json\/wp\/v2\/categories?post=25405"},{"taxonomy":"post_tag","embeddable":true,"href":"https:\/\/sgvaimudar.com.br\/index.php\/wp-json\/wp\/v2\/tags?post=25405"}],"curies":[{"name":"wp","href":"https:\/\/api.w.org\/{rel}","templated":true}]}}