{"id":25394,"date":"2025-05-22T11:00:00","date_gmt":"2025-05-22T14:00:00","guid":{"rendered":"https:\/\/sgvaimudar.com.br\/?p=25394"},"modified":"2025-05-22T09:03:23","modified_gmt":"2025-05-22T12:03:23","slug":"assistencia-social-reforca-protecao-a-crianca-e-ao-adolescente-em-seminario","status":"publish","type":"post","link":"https:\/\/sgvaimudar.com.br\/index.php\/2025\/05\/22\/assistencia-social-reforca-protecao-a-crianca-e-ao-adolescente-em-seminario\/","title":{"rendered":"Assist\u00eancia Social refor\u00e7a prote\u00e7\u00e3o \u00e0 crian\u00e7a e ao adolescente em semin\u00e1rio"},"content":{"rendered":"\n<p><em>Evento foi alusivo ao Dia Nacional de Combate ao Abuso e \u00e0 Explora\u00e7\u00e3o Sexual de Crian\u00e7as e Adolescentes<\/em><\/p>\n\n\n\n<p>O semin\u00e1rio \u201cFortalecendo a\u00e7\u00f5es estrat\u00e9gicas de preven\u00e7\u00e3o das viol\u00eancias e viola\u00e7\u00f5es no Sistema de Garantia de Direitos&#8221; aconteceu, na tarde desta quarta-feira (21), no Sest Senat, em Tribob\u00f3, em S\u00e3o Gon\u00e7alo. O evento foi realizado pela Secretaria Municipal de Assist\u00eancia Social da Prefeitura, atrav\u00e9s da Subsecretaria da Inf\u00e2ncia e Adolesc\u00eancia, em parceria com o Sest Senat.<\/p>\n\n\n\n<p>O semin\u00e1rio foi em alus\u00e3o ao Dia Nacional de Combate ao Abuso e \u00e0 Explora\u00e7\u00e3o Sexual de Crian\u00e7as e Adolescentes, comemorado no dia 18 de maio, e teve como objetivo refor\u00e7ar a import\u00e2ncia de tra\u00e7ar estrat\u00e9gias para garantia de direitos da crian\u00e7a e do adolescente, entre diversos profissionais da \u00e1rea, membros da rede de prote\u00e7\u00e3o e a popula\u00e7\u00e3o.<\/p>\n\n\n\n<figure class=\"wp-block-image size-large\"><img fetchpriority=\"high\" decoding=\"async\" width=\"1024\" height=\"684\" src=\"https:\/\/sgvaimudar.com.br\/wp-content\/uploads\/2025\/05\/unnamed-8-11-1024x684.jpg\" alt=\"\" class=\"wp-image-25395\" srcset=\"https:\/\/sgvaimudar.com.br\/wp-content\/uploads\/2025\/05\/unnamed-8-11-1024x684.jpg 1024w, https:\/\/sgvaimudar.com.br\/wp-content\/uploads\/2025\/05\/unnamed-8-11-300x200.jpg 300w, https:\/\/sgvaimudar.com.br\/wp-content\/uploads\/2025\/05\/unnamed-8-11-768x513.jpg 768w, https:\/\/sgvaimudar.com.br\/wp-content\/uploads\/2025\/05\/unnamed-8-11-1536x1027.jpg 1536w, https:\/\/sgvaimudar.com.br\/wp-content\/uploads\/2025\/05\/unnamed-8-11.jpg 1616w\" sizes=\"(max-width: 1024px) 100vw, 1024px\" \/><\/figure>\n\n\n\n<p>\u201c\u00c9 uma satisfa\u00e7\u00e3o estar aqui e quero parabenizar toda a equipe pela organiza\u00e7\u00e3o deste evento. Espero que todos saiam daqui entendendo que essa garantia de direitos n\u00e3o \u00e9 s\u00f3 uma tarefa do poder p\u00fablico, mas tamb\u00e9m \u00e9 um papel meu e seu como indiv\u00edduo\u201d, afirmou o subsecret\u00e1rio de Gest\u00e3o da Assist\u00eancia Social, \u00c2ngelo Marins.<\/p>\n\n\n\n<p>Durante a tarde, o p\u00fablico interagiu e debateu sobre a tem\u00e1tica, al\u00e9m de participar das palestras \u201cEstrat\u00e9gias, Metodologias de Trabalho de Enfrentamento a Viol\u00eancia e Educa\u00e7\u00e3o Positiva\u201d, com a palestrante da Rede N\u00e3o Bata, Eduque, Soraia Melo, e \u201cEscuta Especializada &#8211; Novos Olhares e Questionamentos\u201d, com a palestrante Rafaela Santos, da 32\u00aa Delegacia de Pol\u00edcia.<\/p>\n\n\n\n<p>\u201c\u00c9 muito importante realizarmos um evento como esse, \u00e9 um grande avan\u00e7o lutar ativamente pelos direitos das nossas crian\u00e7as e adolescentes. Refor\u00e7o aqui o nosso compromisso para continuar evoluindo no trabalho contra todo tipo de viol\u00eancia contra esses grupos\u201d, destacou a assistente social, Let\u00edcia Ribeiro, superintendente da Subsecretaria da Inf\u00e2ncia e Adolesc\u00eancia.<\/p>\n\n\n\n<p>O evento teve a participa\u00e7\u00e3o do Conselho Municipal de Direitos da Crian\u00e7a e do Adolescente (CMDCA), do Conselho Estadual de Defesa da Crian\u00e7a e do Adolescente (CEDCA\/RJ) e da Funda\u00e7\u00e3o para a Inf\u00e2ncia e Adolesc\u00eancia (FIA\/RJ).<\/p>\n\n\n\n<p><em>Foto: Renan Otto<\/em><\/p>\n\n\n\n<p><strong><em>S\u00e3o Gon\u00e7alo vai mudar: Not\u00edcias de S\u00e3o Gon\u00e7alo e toda regi\u00e3o.<\/em><\/strong><\/p>\n\n\n\n<figure class=\"wp-block-image size-large\"><img decoding=\"async\" width=\"1024\" height=\"252\" src=\"https:\/\/sgvaimudar.com.br\/wp-content\/uploads\/2025\/03\/Anuncie-Aqui-Sao-Goncalo-vai-mudar-1024x252.jpg\" alt=\"\" class=\"wp-image-22693\" srcset=\"https:\/\/sgvaimudar.com.br\/wp-content\/uploads\/2025\/03\/Anuncie-Aqui-Sao-Goncalo-vai-mudar-1024x252.jpg 1024w, https:\/\/sgvaimudar.com.br\/wp-content\/uploads\/2025\/03\/Anuncie-Aqui-Sao-Goncalo-vai-mudar-300x74.jpg 300w, https:\/\/sgvaimudar.com.br\/wp-content\/uploads\/2025\/03\/Anuncie-Aqui-Sao-Goncalo-vai-mudar-768x189.jpg 768w, https:\/\/sgvaimudar.com.br\/wp-content\/uploads\/2025\/03\/Anuncie-Aqui-Sao-Goncalo-vai-mudar-1536x378.jpg 1536w, https:\/\/sgvaimudar.com.br\/wp-content\/uploads\/2025\/03\/Anuncie-Aqui-Sao-Goncalo-vai-mudar-2048x504.jpg 2048w\" sizes=\"(max-width: 1024px) 100vw, 1024px\" \/><\/figure>\n","protected":false},"excerpt":{"rendered":"<p>Evento foi alusivo ao Dia Nacional de Combate ao Abuso e \u00e0 Explora\u00e7\u00e3o Sexual de Crian\u00e7as e Adolescentes O semin\u00e1rio&hellip;<\/p>\n","protected":false},"author":5,"featured_media":25396,"comment_status":"open","ping_status":"open","sticky":false,"template":"","format":"standard","meta":{"fifu_image_url":"","fifu_image_alt":"","footnotes":""},"categories":[3],"tags":[],"class_list":["post-25394","post","type-post","status-publish","format-standard","has-post-thumbnail","hentry","category-sao-goncalo"],"_links":{"self":[{"href":"https:\/\/sgvaimudar.com.br\/index.php\/wp-json\/wp\/v2\/posts\/25394","targetHints":{"allow":["GET"]}}],"collection":[{"href":"https:\/\/sgvaimudar.com.br\/index.php\/wp-json\/wp\/v2\/posts"}],"about":[{"href":"https:\/\/sgvaimudar.com.br\/index.php\/wp-json\/wp\/v2\/types\/post"}],"author":[{"embeddable":true,"href":"https:\/\/sgvaimudar.com.br\/index.php\/wp-json\/wp\/v2\/users\/5"}],"replies":[{"embeddable":true,"href":"https:\/\/sgvaimudar.com.br\/index.php\/wp-json\/wp\/v2\/comments?post=25394"}],"version-history":[{"count":1,"href":"https:\/\/sgvaimudar.com.br\/index.php\/wp-json\/wp\/v2\/posts\/25394\/revisions"}],"predecessor-version":[{"id":25397,"href":"https:\/\/sgvaimudar.com.br\/index.php\/wp-json\/wp\/v2\/posts\/25394\/revisions\/25397"}],"wp:featuredmedia":[{"embeddable":true,"href":"https:\/\/sgvaimudar.com.br\/index.php\/wp-json\/wp\/v2\/media\/25396"}],"wp:attachment":[{"href":"https:\/\/sgvaimudar.com.br\/index.php\/wp-json\/wp\/v2\/media?parent=25394"}],"wp:term":[{"taxonomy":"category","embeddable":true,"href":"https:\/\/sgvaimudar.com.br\/index.php\/wp-json\/wp\/v2\/categories?post=25394"},{"taxonomy":"post_tag","embeddable":true,"href":"https:\/\/sgvaimudar.com.br\/index.php\/wp-json\/wp\/v2\/tags?post=25394"}],"curies":[{"name":"wp","href":"https:\/\/api.w.org\/{rel}","templated":true}]}}