{"id":25390,"date":"2025-05-22T10:59:00","date_gmt":"2025-05-22T13:59:00","guid":{"rendered":"https:\/\/sgvaimudar.com.br\/?p=25390"},"modified":"2025-05-22T08:54:56","modified_gmt":"2025-05-22T11:54:56","slug":"tres-homens-sao-presos-por-picharem-a-fachada-de-um-predio-na-joao-brasil-no-fonseca-em-niteroi","status":"publish","type":"post","link":"https:\/\/sgvaimudar.com.br\/index.php\/2025\/05\/22\/tres-homens-sao-presos-por-picharem-a-fachada-de-um-predio-na-joao-brasil-no-fonseca-em-niteroi\/","title":{"rendered":"Tr\u00eas homens s\u00e3o presos por picharem a fachada de um pr\u00e9dio na Jo\u00e3o Brasil, no Fonseca, em Niter\u00f3i"},"content":{"rendered":"\n<p><em>Durante a abordagem, eles foram pegos com seis frascos de tinta spray e admitiram a pr\u00e1tica<\/em><\/p>\n\n\n\n<p>Tr\u00eas homens, identificados como Bruno de Arruda Rodrigues, de 33 anos, Ramom Ariel Braga Flores, de 36 anos, e Renan dos Santos Figueira da Silva, de 34 anos, foram detidos ap\u00f3s picharem a fachada de um pr\u00e9dio na Avenida Jo\u00e3o Brasil, no Fonseca, em Niter\u00f3i. Segundo informa\u00e7\u00f5es da PM, as pris\u00f5es aconteceram na madrugada desta quinta-feira (22\/5).<\/p>\n\n\n\n<p><strong>DIN\u00c2MICA<\/strong>: De acordo com os militares, uma viatura em patrulhamento nas redondezas foi acionada via Mar\u00e9 12, e se deslocou-se at\u00e9 o local, onde abordou os acusados flagrados, por meio de monitoramento, pichando a fachada de um pr\u00e9dio.<\/p>\n\n\n\n<figure class=\"wp-block-image size-large\"><img fetchpriority=\"high\" decoding=\"async\" width=\"1024\" height=\"768\" src=\"https:\/\/sgvaimudar.com.br\/wp-content\/uploads\/2025\/05\/WhatsApp-Image-2025-05-22-at-08.13.36-1-1024x768.jpeg\" alt=\"\" class=\"wp-image-25391\" srcset=\"https:\/\/sgvaimudar.com.br\/wp-content\/uploads\/2025\/05\/WhatsApp-Image-2025-05-22-at-08.13.36-1-1024x768.jpeg 1024w, https:\/\/sgvaimudar.com.br\/wp-content\/uploads\/2025\/05\/WhatsApp-Image-2025-05-22-at-08.13.36-1-300x225.jpeg 300w, https:\/\/sgvaimudar.com.br\/wp-content\/uploads\/2025\/05\/WhatsApp-Image-2025-05-22-at-08.13.36-1-768x576.jpeg 768w, https:\/\/sgvaimudar.com.br\/wp-content\/uploads\/2025\/05\/WhatsApp-Image-2025-05-22-at-08.13.36-1-1536x1152.jpeg 1536w, https:\/\/sgvaimudar.com.br\/wp-content\/uploads\/2025\/05\/WhatsApp-Image-2025-05-22-at-08.13.36-1.jpeg 1600w\" sizes=\"(max-width: 1024px) 100vw, 1024px\" \/><\/figure>\n\n\n\n<p>Durante a abordagem, eles admitiram a pr\u00e1tica, alegando tratar-se de um v\u00edcio. Os indiv\u00edduos foram revistados e n\u00e3o foram encontradas armas ou subst\u00e2ncias entorpecentes com os abordados, por\u00e9m, no interior do ve\u00edculo Voyage Preto \u2013 Placa: KVG4E08 utilizado por eles, foram localizados seis frascos de tinta spray utilizados no ato.<\/p>\n\n\n\n<p>Diante dos fatos, foi dada voz de pris\u00e3o aos indiv\u00edduos, que foram conduzidos \u00e0 delegacia com o apoio do setor \u00cdndia, onde ap\u00f3s aprecia\u00e7\u00e3o do delegado os mesmos foram autuados no artigo 65 da Lei 9.605\/98 (Lei de Crimes Ambientais) e posterior liberados.<\/p>\n\n\n\n<p><strong><em>Fa\u00e7a sua den\u00fancia pelo nosso WhatsApp: (21) <\/em><\/strong><strong><em>99744 5345<\/em><\/strong><strong><em><\/em><\/strong><\/p>\n\n\n\n<p><strong><em>S\u00e3o Gon\u00e7alo vai mudar: Not\u00edcias de S\u00e3o Gon\u00e7alo e toda regi\u00e3o.<\/em><\/strong><\/p>\n\n\n\n<figure class=\"wp-block-image size-large\"><img decoding=\"async\" width=\"1024\" height=\"252\" src=\"https:\/\/sgvaimudar.com.br\/wp-content\/uploads\/2025\/03\/Anuncie-Aqui-Sao-Goncalo-vai-mudar-1024x252.jpg\" alt=\"\" class=\"wp-image-22693\" srcset=\"https:\/\/sgvaimudar.com.br\/wp-content\/uploads\/2025\/03\/Anuncie-Aqui-Sao-Goncalo-vai-mudar-1024x252.jpg 1024w, https:\/\/sgvaimudar.com.br\/wp-content\/uploads\/2025\/03\/Anuncie-Aqui-Sao-Goncalo-vai-mudar-300x74.jpg 300w, https:\/\/sgvaimudar.com.br\/wp-content\/uploads\/2025\/03\/Anuncie-Aqui-Sao-Goncalo-vai-mudar-768x189.jpg 768w, https:\/\/sgvaimudar.com.br\/wp-content\/uploads\/2025\/03\/Anuncie-Aqui-Sao-Goncalo-vai-mudar-1536x378.jpg 1536w, https:\/\/sgvaimudar.com.br\/wp-content\/uploads\/2025\/03\/Anuncie-Aqui-Sao-Goncalo-vai-mudar-2048x504.jpg 2048w\" sizes=\"(max-width: 1024px) 100vw, 1024px\" \/><\/figure>\n","protected":false},"excerpt":{"rendered":"<p>Durante a abordagem, eles foram pegos com seis frascos de tinta spray e admitiram a pr\u00e1tica Tr\u00eas homens, identificados como&hellip;<\/p>\n","protected":false},"author":5,"featured_media":25392,"comment_status":"open","ping_status":"open","sticky":false,"template":"","format":"standard","meta":{"fifu_image_url":"","fifu_image_alt":"","footnotes":""},"categories":[32],"tags":[],"class_list":["post-25390","post","type-post","status-publish","format-standard","has-post-thumbnail","hentry","category-casos-de-policia"],"_links":{"self":[{"href":"https:\/\/sgvaimudar.com.br\/index.php\/wp-json\/wp\/v2\/posts\/25390","targetHints":{"allow":["GET"]}}],"collection":[{"href":"https:\/\/sgvaimudar.com.br\/index.php\/wp-json\/wp\/v2\/posts"}],"about":[{"href":"https:\/\/sgvaimudar.com.br\/index.php\/wp-json\/wp\/v2\/types\/post"}],"author":[{"embeddable":true,"href":"https:\/\/sgvaimudar.com.br\/index.php\/wp-json\/wp\/v2\/users\/5"}],"replies":[{"embeddable":true,"href":"https:\/\/sgvaimudar.com.br\/index.php\/wp-json\/wp\/v2\/comments?post=25390"}],"version-history":[{"count":1,"href":"https:\/\/sgvaimudar.com.br\/index.php\/wp-json\/wp\/v2\/posts\/25390\/revisions"}],"predecessor-version":[{"id":25393,"href":"https:\/\/sgvaimudar.com.br\/index.php\/wp-json\/wp\/v2\/posts\/25390\/revisions\/25393"}],"wp:featuredmedia":[{"embeddable":true,"href":"https:\/\/sgvaimudar.com.br\/index.php\/wp-json\/wp\/v2\/media\/25392"}],"wp:attachment":[{"href":"https:\/\/sgvaimudar.com.br\/index.php\/wp-json\/wp\/v2\/media?parent=25390"}],"wp:term":[{"taxonomy":"category","embeddable":true,"href":"https:\/\/sgvaimudar.com.br\/index.php\/wp-json\/wp\/v2\/categories?post=25390"},{"taxonomy":"post_tag","embeddable":true,"href":"https:\/\/sgvaimudar.com.br\/index.php\/wp-json\/wp\/v2\/tags?post=25390"}],"curies":[{"name":"wp","href":"https:\/\/api.w.org\/{rel}","templated":true}]}}