{"id":25386,"date":"2025-05-22T09:59:00","date_gmt":"2025-05-22T12:59:00","guid":{"rendered":"https:\/\/sgvaimudar.com.br\/?p=25386"},"modified":"2025-05-22T08:32:43","modified_gmt":"2025-05-22T11:32:43","slug":"operacao-em-sao-goncalo-apreende-motos-com-escapamentos-irregulares-video","status":"publish","type":"post","link":"https:\/\/sgvaimudar.com.br\/index.php\/2025\/05\/22\/operacao-em-sao-goncalo-apreende-motos-com-escapamentos-irregulares-video\/","title":{"rendered":"Opera\u00e7\u00e3o em S\u00e3o Gon\u00e7alo apreende motos com escapamentos irregulares; V\u00eddeo"},"content":{"rendered":"\n<p><em>A\u00e7\u00e3o para combater a polui\u00e7\u00e3o sonora voltou a acontecer na noite desta quarta-feira (21)<\/em><\/p>\n\n\n\n<p>A Secretaria de Meio Ambiente e Transportes da Prefeitura de S\u00e3o Gon\u00e7alo voltou a realizar uma opera\u00e7\u00e3o de fiscaliza\u00e7\u00e3o voltada ao combate da polui\u00e7\u00e3o sonora causada por motocicletas com escapamentos irregulares. <\/p>\n\n\n\n<p>Desta vez a a\u00e7\u00e3o ocorreu na noite desta quarta-feira (21), no bairro Raul Veiga e contou com o apoio de policiais militares do programa Seguran\u00e7a Presente, agentes do 7\u00ba Batalh\u00e3o da Pol\u00edcia Militar, Guarda Municipal e integrantes da Ronda Ostensiva Municipal (Romu).<\/p>\n\n\n\n<figure class=\"wp-block-video\"><video height=\"850\" style=\"aspect-ratio: 478 \/ 850;\" width=\"478\" controls src=\"https:\/\/sgvaimudar.com.br\/wp-content\/uploads\/2025\/05\/WhatsApp-Video-2025-05-22-at-08.21.37.mp4\"><\/video><\/figure>\n\n\n\n<p>Durante a opera\u00e7\u00e3o, que aconteceu na Estrada Raul Veiga, pr\u00f3ximo a garagem da Via\u00e7\u00e3o ABC, foram realizadas diversas abordagens, resultando na remo\u00e7\u00e3o de motocicletas, por uso de canos de descarga irregulares e por estarem sem placa. Em um dos pontos de fiscaliza\u00e7\u00e3o, v\u00e1rias motocicletas foram apreendidas, algumas delas por emiss\u00e3o de barulho excessivo.<\/p>\n\n\n\n<p>Para identificar escapamentos fora dos padr\u00f5es permitidos, foi utilizado um decibel\u00edmetro \u2013 equipamento que mede a intensidade sonora em decib\u00e9is. O uso desse instrumento tem sido fundamental para refor\u00e7ar as a\u00e7\u00f5es de fiscaliza\u00e7\u00e3o e garantir que as motos estejam dentro dos limites estabelecidos pela legisla\u00e7\u00e3o ambiental e de tr\u00e2nsito.<\/p>\n\n\n\n<p>Segundo o secret\u00e1rio de Meio Ambiente e Transportes, F\u00e1bio Lemos, a a\u00e7\u00e3o tem como foco principal proteger o bem-estar da popula\u00e7\u00e3o. \u201cEssas opera\u00e7\u00f5es s\u00e3o fundamentais para acabar com essas pr\u00e1ticas que causam inc\u00f4modo e preju\u00edzos \u00e0 popula\u00e7\u00e3o. A polui\u00e7\u00e3o sonora afeta diretamente a qualidade de vida nas \u00e1reas urbanas. Vamos continuar intensificando essas a\u00e7\u00f5es em diversos bairros da cidade, sempre com o objetivo de garantir mais tranquilidade e seguran\u00e7a para todos os gon\u00e7alenses\u201d, afirmou o secret\u00e1rio.<\/p>\n\n\n\n<p>A Secretaria informou ainda que a\u00e7\u00f5es como essa ser\u00e3o realizadas com frequ\u00eancia em diferentes regi\u00f5es do munic\u00edpio, como parte de uma estrat\u00e9gia permanente de fiscaliza\u00e7\u00e3o e ordenamento urbano.<\/p>\n\n\n\n<p><strong><em>Fa\u00e7a sua den\u00fancia pelo nosso WhatsApp: (21) <\/em><\/strong><strong><em>99744 5345<\/em><\/strong><strong><em><\/em><\/strong><\/p>\n\n\n\n<p><strong><em>S\u00e3o Gon\u00e7alo vai mudar: Not\u00edcias de S\u00e3o Gon\u00e7alo e toda regi\u00e3o.<\/em><\/strong><\/p>\n\n\n\n<figure class=\"wp-block-image size-large\"><img fetchpriority=\"high\" decoding=\"async\" width=\"1024\" height=\"252\" src=\"https:\/\/sgvaimudar.com.br\/wp-content\/uploads\/2023\/10\/Anuncie-Aqui-Sao-Goncalo-vai-mudar-2-1024x252.jpg\" alt=\"\" class=\"wp-image-3625\" srcset=\"https:\/\/sgvaimudar.com.br\/wp-content\/uploads\/2023\/10\/Anuncie-Aqui-Sao-Goncalo-vai-mudar-2-1024x252.jpg 1024w, https:\/\/sgvaimudar.com.br\/wp-content\/uploads\/2023\/10\/Anuncie-Aqui-Sao-Goncalo-vai-mudar-2-300x74.jpg 300w, https:\/\/sgvaimudar.com.br\/wp-content\/uploads\/2023\/10\/Anuncie-Aqui-Sao-Goncalo-vai-mudar-2-768x189.jpg 768w, https:\/\/sgvaimudar.com.br\/wp-content\/uploads\/2023\/10\/Anuncie-Aqui-Sao-Goncalo-vai-mudar-2-1536x378.jpg 1536w, https:\/\/sgvaimudar.com.br\/wp-content\/uploads\/2023\/10\/Anuncie-Aqui-Sao-Goncalo-vai-mudar-2-2048x504.jpg 2048w\" sizes=\"(max-width: 1024px) 100vw, 1024px\" \/><\/figure>\n","protected":false},"excerpt":{"rendered":"<p>A\u00e7\u00e3o para combater a polui\u00e7\u00e3o sonora voltou a acontecer na noite desta quarta-feira (21) A Secretaria de Meio Ambiente e&hellip;<\/p>\n","protected":false},"author":5,"featured_media":25387,"comment_status":"open","ping_status":"open","sticky":false,"template":"","format":"standard","meta":{"fifu_image_url":"","fifu_image_alt":"","footnotes":""},"categories":[32],"tags":[],"class_list":["post-25386","post","type-post","status-publish","format-standard","has-post-thumbnail","hentry","category-casos-de-policia"],"_links":{"self":[{"href":"https:\/\/sgvaimudar.com.br\/index.php\/wp-json\/wp\/v2\/posts\/25386","targetHints":{"allow":["GET"]}}],"collection":[{"href":"https:\/\/sgvaimudar.com.br\/index.php\/wp-json\/wp\/v2\/posts"}],"about":[{"href":"https:\/\/sgvaimudar.com.br\/index.php\/wp-json\/wp\/v2\/types\/post"}],"author":[{"embeddable":true,"href":"https:\/\/sgvaimudar.com.br\/index.php\/wp-json\/wp\/v2\/users\/5"}],"replies":[{"embeddable":true,"href":"https:\/\/sgvaimudar.com.br\/index.php\/wp-json\/wp\/v2\/comments?post=25386"}],"version-history":[{"count":1,"href":"https:\/\/sgvaimudar.com.br\/index.php\/wp-json\/wp\/v2\/posts\/25386\/revisions"}],"predecessor-version":[{"id":25389,"href":"https:\/\/sgvaimudar.com.br\/index.php\/wp-json\/wp\/v2\/posts\/25386\/revisions\/25389"}],"wp:featuredmedia":[{"embeddable":true,"href":"https:\/\/sgvaimudar.com.br\/index.php\/wp-json\/wp\/v2\/media\/25387"}],"wp:attachment":[{"href":"https:\/\/sgvaimudar.com.br\/index.php\/wp-json\/wp\/v2\/media?parent=25386"}],"wp:term":[{"taxonomy":"category","embeddable":true,"href":"https:\/\/sgvaimudar.com.br\/index.php\/wp-json\/wp\/v2\/categories?post=25386"},{"taxonomy":"post_tag","embeddable":true,"href":"https:\/\/sgvaimudar.com.br\/index.php\/wp-json\/wp\/v2\/tags?post=25386"}],"curies":[{"name":"wp","href":"https:\/\/api.w.org\/{rel}","templated":true}]}}