{"id":25379,"date":"2025-05-22T10:00:00","date_gmt":"2025-05-22T13:00:00","guid":{"rendered":"https:\/\/sgvaimudar.com.br\/?p=25379"},"modified":"2025-05-22T07:45:16","modified_gmt":"2025-05-22T10:45:16","slug":"projeto-meu-ambiente-promove-atividade-especial-sobre-o-dia-da-conservacao-do-solo","status":"publish","type":"post","link":"https:\/\/sgvaimudar.com.br\/index.php\/2025\/05\/22\/projeto-meu-ambiente-promove-atividade-especial-sobre-o-dia-da-conservacao-do-solo\/","title":{"rendered":"\u201cProjeto Meu Ambiente\u201d promove atividade especial sobre o Dia da Conserva\u00e7\u00e3o do Solo"},"content":{"rendered":"\n<p><em>Alunos do CIEP 411 aprendem sobre a import\u00e2ncia do meio ambiente atrav\u00e9s da investiga\u00e7\u00e3o cient\u00edfica<\/em><\/p>\n\n\n\n<p>Em alus\u00e3o ao Dia da Conserva\u00e7\u00e3o do Solo, celebrado em 15 de abril, a Secretaria de Meio Ambiente e Transportes da Prefeitura de S\u00e3o Gon\u00e7alo, em parceria com a Secretaria de Educa\u00e7\u00e3o, promoveu nesta ter\u00e7a-feira (20) uma atividade especial no CIEP 411 \u2013 Dr. Armando Le\u00e3o Ferreira, no bairro Engenho Pequeno. A a\u00e7\u00e3o integra o \u201cProjeto Meu Ambiente\u201d e foi desenvolvida a partir da solicita\u00e7\u00e3o do professor Rafael \u00c2ngelo da Paix\u00e3o, da turma do 4\u00ba ano do ensino fundamental, que desejava abordar o tema \u201csolo\u201d com os alunos.<\/p>\n\n\n\n<p>A proposta pedag\u00f3gica envolveu a atividade \u201cMiss\u00e3o Solo e Natureza: Cientistas detetives do solo e do ambiente\u201d, na qual os estudantes se tornaram pequenos cientistas e realizaram uma investiga\u00e7\u00e3o pr\u00e1tica a partir da an\u00e1lise de tr\u00eas diferentes amostras de solo. Os alunos observaram as caracter\u00edsticas f\u00edsicas dos materiais, compararam suas propriedades e discutiram quais deles seriam mais adequados para a agricultura e tipos espec\u00edficos de cultivo.<\/p>\n\n\n\n<figure class=\"wp-block-image size-large\"><img fetchpriority=\"high\" decoding=\"async\" width=\"1024\" height=\"576\" src=\"https:\/\/sgvaimudar.com.br\/wp-content\/uploads\/2025\/05\/unnamed-5-14-1024x576.jpg\" alt=\"\" class=\"wp-image-25380\" srcset=\"https:\/\/sgvaimudar.com.br\/wp-content\/uploads\/2025\/05\/unnamed-5-14-1024x576.jpg 1024w, https:\/\/sgvaimudar.com.br\/wp-content\/uploads\/2025\/05\/unnamed-5-14-300x169.jpg 300w, https:\/\/sgvaimudar.com.br\/wp-content\/uploads\/2025\/05\/unnamed-5-14-768x432.jpg 768w, https:\/\/sgvaimudar.com.br\/wp-content\/uploads\/2025\/05\/unnamed-5-14.jpg 1200w\" sizes=\"(max-width: 1024px) 100vw, 1024px\" \/><\/figure>\n\n\n\n<p>A experi\u00eancia foi conduzida de forma l\u00fadica e investigativa, estimulando a curiosidade cient\u00edfica e, ao mesmo tempo, refor\u00e7ando a import\u00e2ncia ambiental da conserva\u00e7\u00e3o do solo. O objetivo foi demonstrar como a qualidade do solo est\u00e1 diretamente ligada \u00e0 produ\u00e7\u00e3o de alimentos saud\u00e1veis, \u00e0 preserva\u00e7\u00e3o da \u00e1gua e \u00e0 qualidade de vida das popula\u00e7\u00f5es que dependem da terra, como os agricultores.<\/p>\n\n\n\n<p>A educadora ambiental e coordenadora do \u201cProjeto Meu Ambiente\u201d, Glauce Batista Junior, destacou o valor do tema e a necessidade de ampliar o olhar da comunidade escolar sobre a quest\u00e3o.<\/p>\n\n\n\n<p>\u201cMuitas vezes, as pessoas n\u00e3o percebem a import\u00e2ncia do solo no nosso dia a dia. Se o solo est\u00e1 contaminado, isso se reflete diretamente na qualidade da \u00e1gua, dos alimentos e da nossa sa\u00fade. O solo \u00e9 uma base da vida, e sua conserva\u00e7\u00e3o \u00e9 essencial para manter o equil\u00edbrio ambiental e garantir um futuro sustent\u00e1vel. Trabalhar esse tema com os alunos \u00e9 fundamental para formar cidad\u00e3os mais conscientes\u201d, afirmou.<\/p>\n\n\n\n<p>\u201cEssa atividade \u00e9 importante, principalmente porque \u00e9 algo que j\u00e1 estamos trabalhando na escola. Isso \u00e9 essencial para o crescimento deles, a partir de uma atividade concreta, que permite compreender melhor o que estamos tentando ensinar. Agora falamos sobre o solo, mas poderia ser outra tem\u00e1tica ligada \u00e0 educa\u00e7\u00e3o ambiental. Acredito que, com isso, eles conseguem se relacionar com o que j\u00e1 foi conversado anteriormente e levar esse aprendizado com eles\u201d, completou o professor Rafael \u00c2ngelo.<\/p>\n\n\n\n<p>O secret\u00e1rio de Meio Ambiente e Transportes, Fabio Lemos, tamb\u00e9m ressaltou a relev\u00e2ncia da iniciativa para a forma\u00e7\u00e3o ambiental dos estudantes.<\/p>\n\n\n\n<p>\u201cA conserva\u00e7\u00e3o do solo \u00e9 um dos pilares da sustentabilidade. Ao promover esse tipo de atividade nas escolas, estamos n\u00e3o apenas levando conhecimento, mas plantando sementes de responsabilidade ambiental. Projetos como esse mostram que a educa\u00e7\u00e3o \u00e9 uma ferramenta poderosa na constru\u00e7\u00e3o de uma sociedade mais consciente e comprometida com o meio ambiente\u201d, destacou o secret\u00e1rio.<\/p>\n\n\n\n<p>O \u201cProjeto Meu Ambiente\u201d \u00e9 uma iniciativa da Prefeitura de S\u00e3o Gon\u00e7alo que tem como objetivo integrar a educa\u00e7\u00e3o ambiental ao cotidiano escolar. Atrav\u00e9s de um processo cont\u00ednuo de ensino-aprendizagem interdisciplinar, o projeto estimula a reflex\u00e3o sobre temas essenciais ao desenvolvimento sustent\u00e1vel. Ele est\u00e1 vinculado ao Programa Municipal de Educa\u00e7\u00e3o Ambiental (ProMEA S\u00e3o Gon\u00e7alo) e segue as diretrizes estabelecidas pela Resolu\u00e7\u00e3o Conjunta SEAS\/INEA n\u00ba 039\/2021.<\/p>\n\n\n\n<p><strong><em>S\u00e3o Gon\u00e7alo vai mudar: Not\u00edcias de S\u00e3o Gon\u00e7alo e toda regi\u00e3o.<\/em><\/strong><\/p>\n\n\n\n<figure class=\"wp-block-image size-large\"><img decoding=\"async\" width=\"1024\" height=\"252\" src=\"https:\/\/sgvaimudar.com.br\/wp-content\/uploads\/2025\/03\/Anuncie-Aqui-Sao-Goncalo-vai-mudar-1024x252.jpg\" alt=\"\" class=\"wp-image-22693\" srcset=\"https:\/\/sgvaimudar.com.br\/wp-content\/uploads\/2025\/03\/Anuncie-Aqui-Sao-Goncalo-vai-mudar-1024x252.jpg 1024w, https:\/\/sgvaimudar.com.br\/wp-content\/uploads\/2025\/03\/Anuncie-Aqui-Sao-Goncalo-vai-mudar-300x74.jpg 300w, https:\/\/sgvaimudar.com.br\/wp-content\/uploads\/2025\/03\/Anuncie-Aqui-Sao-Goncalo-vai-mudar-768x189.jpg 768w, https:\/\/sgvaimudar.com.br\/wp-content\/uploads\/2025\/03\/Anuncie-Aqui-Sao-Goncalo-vai-mudar-1536x378.jpg 1536w, https:\/\/sgvaimudar.com.br\/wp-content\/uploads\/2025\/03\/Anuncie-Aqui-Sao-Goncalo-vai-mudar-2048x504.jpg 2048w\" sizes=\"(max-width: 1024px) 100vw, 1024px\" \/><\/figure>\n","protected":false},"excerpt":{"rendered":"<p>Alunos do CIEP 411 aprendem sobre a import\u00e2ncia do meio ambiente atrav\u00e9s da investiga\u00e7\u00e3o cient\u00edfica Em alus\u00e3o ao Dia da&hellip;<\/p>\n","protected":false},"author":5,"featured_media":25381,"comment_status":"open","ping_status":"open","sticky":false,"template":"","format":"standard","meta":{"fifu_image_url":"","fifu_image_alt":"","footnotes":""},"categories":[3],"tags":[],"class_list":["post-25379","post","type-post","status-publish","format-standard","has-post-thumbnail","hentry","category-sao-goncalo"],"_links":{"self":[{"href":"https:\/\/sgvaimudar.com.br\/index.php\/wp-json\/wp\/v2\/posts\/25379","targetHints":{"allow":["GET"]}}],"collection":[{"href":"https:\/\/sgvaimudar.com.br\/index.php\/wp-json\/wp\/v2\/posts"}],"about":[{"href":"https:\/\/sgvaimudar.com.br\/index.php\/wp-json\/wp\/v2\/types\/post"}],"author":[{"embeddable":true,"href":"https:\/\/sgvaimudar.com.br\/index.php\/wp-json\/wp\/v2\/users\/5"}],"replies":[{"embeddable":true,"href":"https:\/\/sgvaimudar.com.br\/index.php\/wp-json\/wp\/v2\/comments?post=25379"}],"version-history":[{"count":1,"href":"https:\/\/sgvaimudar.com.br\/index.php\/wp-json\/wp\/v2\/posts\/25379\/revisions"}],"predecessor-version":[{"id":25382,"href":"https:\/\/sgvaimudar.com.br\/index.php\/wp-json\/wp\/v2\/posts\/25379\/revisions\/25382"}],"wp:featuredmedia":[{"embeddable":true,"href":"https:\/\/sgvaimudar.com.br\/index.php\/wp-json\/wp\/v2\/media\/25381"}],"wp:attachment":[{"href":"https:\/\/sgvaimudar.com.br\/index.php\/wp-json\/wp\/v2\/media?parent=25379"}],"wp:term":[{"taxonomy":"category","embeddable":true,"href":"https:\/\/sgvaimudar.com.br\/index.php\/wp-json\/wp\/v2\/categories?post=25379"},{"taxonomy":"post_tag","embeddable":true,"href":"https:\/\/sgvaimudar.com.br\/index.php\/wp-json\/wp\/v2\/tags?post=25379"}],"curies":[{"name":"wp","href":"https:\/\/api.w.org\/{rel}","templated":true}]}}