{"id":25371,"date":"2025-05-22T07:28:40","date_gmt":"2025-05-22T10:28:40","guid":{"rendered":"https:\/\/sgvaimudar.com.br\/?p=25371"},"modified":"2025-05-22T07:28:41","modified_gmt":"2025-05-22T10:28:41","slug":"transportes-realiza-reordenamento-viario-no-entorno-da-praia-das-pedrinhas","status":"publish","type":"post","link":"https:\/\/sgvaimudar.com.br\/index.php\/2025\/05\/22\/transportes-realiza-reordenamento-viario-no-entorno-da-praia-das-pedrinhas\/","title":{"rendered":"Transportes realiza reordenamento vi\u00e1rio no entorno da Praia das Pedrinhas"},"content":{"rendered":"\n<p><em>Entenda quais mudan\u00e7as est\u00e3o em vigor<\/em><\/p>\n\n\n\n<p>A Secretaria de Meio Ambiente e Transportes da Prefeitura de S\u00e3o Gon\u00e7alo est\u00e1 realizando um reordenamento vi\u00e1rio das vias do entorno da Praia das Pedrinhas, em S\u00e3o Gon\u00e7alo. As altera\u00e7\u00f5es t\u00eam como objetivo promover a seguran\u00e7a vi\u00e1ria, a mobilidade urbana e a organiza\u00e7\u00e3o do tr\u00e1fego local e tamb\u00e9m s\u00e3o uma consequ\u00eancia das obras de revitaliza\u00e7\u00e3o que est\u00e3o acontecendo na orla.<\/p>\n\n\n\n<figure class=\"wp-block-image size-full\"><img fetchpriority=\"high\" decoding=\"async\" width=\"1024\" height=\"683\" src=\"https:\/\/sgvaimudar.com.br\/wp-content\/uploads\/2025\/05\/unnamed-2-18.jpg\" alt=\"\" class=\"wp-image-25372\" srcset=\"https:\/\/sgvaimudar.com.br\/wp-content\/uploads\/2025\/05\/unnamed-2-18.jpg 1024w, https:\/\/sgvaimudar.com.br\/wp-content\/uploads\/2025\/05\/unnamed-2-18-300x200.jpg 300w, https:\/\/sgvaimudar.com.br\/wp-content\/uploads\/2025\/05\/unnamed-2-18-768x512.jpg 768w\" sizes=\"(max-width: 1024px) 100vw, 1024px\" \/><\/figure>\n\n\n\n<p>A partir de agora, os sentidos de circula\u00e7\u00e3o das vias situadas no entorno da orla da Praia das Pedrinhas passam a ser os seguintes:<\/p>\n\n\n\n<p>&#8211; A Rua Magalh\u00e3es Bastos ter\u00e1 sentido \u00fanico, em dire\u00e7\u00e3o \u00e0 Rua Ribeiro;<\/p>\n\n\n\n<p>&#8211; A Rua Nova Jersey ter\u00e1 sentido \u00fanico, em dire\u00e7\u00e3o \u00e0 Rua Ponta Grossa;<\/p>\n\n\n\n<p>&#8211; A Rua Tocantins ter\u00e1 duplo sentido de circula\u00e7\u00e3o;<\/p>\n\n\n\n<p>&#8211; A Rua Ponta Grossa ter\u00e1 sentido \u00fanico no trecho compreendido entre as ruas Nova Jersey e Magalh\u00e3es Bastos;<\/p>\n\n\n\n<p>&#8211; A Rua Ponta Grossa ter\u00e1 duplo sentido no trecho compreendido entre a Rua Nova Jersey e a interse\u00e7\u00e3o com a Rodovia M\u00e1rio Covas;<\/p>\n\n\n\n<p>&#8211; A Rua Ribeiro ter\u00e1 duplo sentido de circula\u00e7\u00e3o.<\/p>\n\n\n\n<p>A partir de agora, fica proibida a circula\u00e7\u00e3o de ve\u00edculos pesados (incluindo caminh\u00f5es, carretas e similares) na orla da Praia das Pedrinhas, exceto ve\u00edculos de emerg\u00eancia e de coleta de res\u00edduos urbanos, devidamente autorizados. J\u00e1 a circula\u00e7\u00e3o de ve\u00edculos leves na orla est\u00e1 permitida de segunda a sexta-feira, sendo proibida aos s\u00e1bados, domingos e feriados, com o objetivo de garantir a seguran\u00e7a dos frequentadores e pedestres locais.<\/p>\n\n\n\n<p>As carretas, \u00f4nibus e demais ve\u00edculos de grande porte dever\u00e3o, obrigatoriamente, converter na Rua Magalh\u00e3es Bastos, seguindo o novo sentido de circula\u00e7\u00e3o estabelecido.<\/p>\n\n\n\n<p>Ficam regulamentadas as \u00e1reas de estacionamento ao longo do lado esquerdo da Rua Magalh\u00e3es Bastos, conforme o novo sentido de circula\u00e7\u00e3o vi\u00e1ria. Fica regulamentada tamb\u00e9m uma \u00e1rea espec\u00edfica para opera\u00e7\u00e3o de carga e descarga destinada exclusivamente aos estabelecimentos comerciais da orla. Essa a\u00e7\u00e3o de carga e descarga s\u00f3 poder\u00e1 ser realizada por ve\u00edculos leves, em hor\u00e1rios predeterminados. Esta \u00e1rea fica localizada na Rua S\u00e9rgio Martins de Carvalho, no trecho compreendido entre o n\u00famero 610 e a Rua Ponta Grossa. J\u00e1 caminh\u00f5es pesados s\u00f3 poder\u00e3o descarregar em uma \u00e1rea, que ser\u00e1 determinada, pr\u00f3xima \u00e0 pra\u00e7a da via.<\/p>\n\n\n\n<p>Tamb\u00e9m foram regulamentados pontos de \u00f4nibus nos seguintes locais: na Rua Ponta Grossa, ap\u00f3s a Rua Tocantins; e na Rua Magalh\u00e3es Bastos, no trecho compreendido entre a Rua Tocantins e a Rua Nova Jersey. Os pontos de \u00f4nibus ser\u00e3o devidamente sinalizados com placas.<\/p>\n\n\n\n<p>Vale ressaltar que, durante o per\u00edodo de obras, podem ocorrer interdi\u00e7\u00f5es pontuais na Rua S\u00e9rgio Martins de Carvalho.&nbsp;<\/p>\n\n\n\n<p><em>Foto: Fabio Guimar\u00e3es<\/em><\/p>\n\n\n\n<p><strong><em>S\u00e3o Gon\u00e7alo vai mudar: Not\u00edcias de S\u00e3o Gon\u00e7alo e toda regi\u00e3o.<\/em><\/strong><\/p>\n\n\n\n<figure class=\"wp-block-image size-large\"><img decoding=\"async\" width=\"1024\" height=\"252\" src=\"https:\/\/sgvaimudar.com.br\/wp-content\/uploads\/2023\/10\/Anuncie-Aqui-Sao-Goncalo-vai-mudar-2-1024x252.jpg\" alt=\"\" class=\"wp-image-3625\" srcset=\"https:\/\/sgvaimudar.com.br\/wp-content\/uploads\/2023\/10\/Anuncie-Aqui-Sao-Goncalo-vai-mudar-2-1024x252.jpg 1024w, https:\/\/sgvaimudar.com.br\/wp-content\/uploads\/2023\/10\/Anuncie-Aqui-Sao-Goncalo-vai-mudar-2-300x74.jpg 300w, https:\/\/sgvaimudar.com.br\/wp-content\/uploads\/2023\/10\/Anuncie-Aqui-Sao-Goncalo-vai-mudar-2-768x189.jpg 768w, https:\/\/sgvaimudar.com.br\/wp-content\/uploads\/2023\/10\/Anuncie-Aqui-Sao-Goncalo-vai-mudar-2-1536x378.jpg 1536w, https:\/\/sgvaimudar.com.br\/wp-content\/uploads\/2023\/10\/Anuncie-Aqui-Sao-Goncalo-vai-mudar-2-2048x504.jpg 2048w\" sizes=\"(max-width: 1024px) 100vw, 1024px\" \/><\/figure>\n","protected":false},"excerpt":{"rendered":"<p>Entenda quais mudan\u00e7as est\u00e3o em vigor A Secretaria de Meio Ambiente e Transportes da Prefeitura de S\u00e3o Gon\u00e7alo est\u00e1 realizando&hellip;<\/p>\n","protected":false},"author":5,"featured_media":25373,"comment_status":"open","ping_status":"open","sticky":false,"template":"","format":"standard","meta":{"fifu_image_url":"","fifu_image_alt":"","footnotes":""},"categories":[3],"tags":[],"class_list":["post-25371","post","type-post","status-publish","format-standard","has-post-thumbnail","hentry","category-sao-goncalo"],"_links":{"self":[{"href":"https:\/\/sgvaimudar.com.br\/index.php\/wp-json\/wp\/v2\/posts\/25371","targetHints":{"allow":["GET"]}}],"collection":[{"href":"https:\/\/sgvaimudar.com.br\/index.php\/wp-json\/wp\/v2\/posts"}],"about":[{"href":"https:\/\/sgvaimudar.com.br\/index.php\/wp-json\/wp\/v2\/types\/post"}],"author":[{"embeddable":true,"href":"https:\/\/sgvaimudar.com.br\/index.php\/wp-json\/wp\/v2\/users\/5"}],"replies":[{"embeddable":true,"href":"https:\/\/sgvaimudar.com.br\/index.php\/wp-json\/wp\/v2\/comments?post=25371"}],"version-history":[{"count":1,"href":"https:\/\/sgvaimudar.com.br\/index.php\/wp-json\/wp\/v2\/posts\/25371\/revisions"}],"predecessor-version":[{"id":25374,"href":"https:\/\/sgvaimudar.com.br\/index.php\/wp-json\/wp\/v2\/posts\/25371\/revisions\/25374"}],"wp:featuredmedia":[{"embeddable":true,"href":"https:\/\/sgvaimudar.com.br\/index.php\/wp-json\/wp\/v2\/media\/25373"}],"wp:attachment":[{"href":"https:\/\/sgvaimudar.com.br\/index.php\/wp-json\/wp\/v2\/media?parent=25371"}],"wp:term":[{"taxonomy":"category","embeddable":true,"href":"https:\/\/sgvaimudar.com.br\/index.php\/wp-json\/wp\/v2\/categories?post=25371"},{"taxonomy":"post_tag","embeddable":true,"href":"https:\/\/sgvaimudar.com.br\/index.php\/wp-json\/wp\/v2\/tags?post=25371"}],"curies":[{"name":"wp","href":"https:\/\/api.w.org\/{rel}","templated":true}]}}