{"id":25350,"date":"2025-05-21T15:00:00","date_gmt":"2025-05-21T18:00:00","guid":{"rendered":"https:\/\/sgvaimudar.com.br\/?p=25350"},"modified":"2025-05-21T10:11:44","modified_gmt":"2025-05-21T13:11:44","slug":"quinze-estados-apresentam-sinal-de-crescimento-de-sindrome-respiratoria-aguda-grave","status":"publish","type":"post","link":"https:\/\/sgvaimudar.com.br\/index.php\/2025\/05\/21\/quinze-estados-apresentam-sinal-de-crescimento-de-sindrome-respiratoria-aguda-grave\/","title":{"rendered":"Quinze estados apresentam sinal de crescimento de S\u00edndrome Respirat\u00f3ria Aguda Grave"},"content":{"rendered":"\n<p><em>Minas Gerais, S\u00e3o Paulo e Rio de Janeiro est\u00e3o nesse grupo. Os dados constam em um levantamento da Fiocruz, que destacou a influenza A como a principal causa de mortes em idosos<\/em><\/p>\n\n\n\n<p>A influenza A \u00e9 a principal causa de mortalidade por S\u00edndrome Respirat\u00f3ria Aguda Grave em idosos e uma das tr\u00eas mais determinantes para a evolu\u00e7\u00e3o de \u00f3bitos entre as crian\u00e7as. As outras enfermidades que acometem mais o p\u00fablico infantil s\u00e3o o v\u00edrus sincicial respirat\u00f3rio e o rinov\u00edrus. A informa\u00e7\u00e3o consta no \u00faltimo boletim InfoGripe divulgado pela Fiocruz.<\/p>\n\n\n\n<p>Segundo a Funda\u00e7\u00e3o, o cen\u00e1rio tamb\u00e9m aponta aumento nas hospitaliza\u00e7\u00f5es por influenza A em diversas partes do pa\u00eds, com n\u00edveis moderados a altos de incid\u00eancia em estados das regi\u00f5es Centro-Sul, Norte e Nordeste. Os dados se referem ao per\u00edodo de 4 a 10 de maio.<\/p>\n\n\n\n<p>Quinze estados brasileiros apresentam incid\u00eancia de S\u00edndrome Respirat\u00f3ria Aguda Grave em n\u00edvel de alerta, risco ou alto risco, com sinal de crescimento na tend\u00eancia de longo prazo. Entre eles, est\u00e3o Minas Gerais, S\u00e3o Paulo e Rio de Janeiro.<\/p>\n\n\n\n<p>Segundo a pesquisadora do InfoGripe, Tatiana Portella, o momento \u00e9 de refor\u00e7o dos cuidados, principalmente nos locais com mais notifica\u00e7\u00f5es dessas doen\u00e7as.<\/p>\n\n\n\n<p>&#8220;A gente continua observando um crescimento dos casos de S\u00edndrome Respirat\u00f3ria Aguda Grave nas crian\u00e7as, associado ao v\u00edrus sincicial respirat\u00f3rio. Contudo, em alguns estados das regi\u00f5es Centro-Oeste e Sudeste do pa\u00eds, a gente j\u00e1 come\u00e7a a observar o sinal de desacelera\u00e7\u00e3o ou at\u00e9 mesmo revers\u00e3o desse crescimento. Por\u00e9m, ainda n\u00e3o \u00e9 hora de relaxar alguns cuidados nessas regi\u00f5es, j\u00e1 que a incid\u00eancia desses casos permanece moderada \u00e0 alta&#8221;, alerta a Funda\u00e7\u00e3o na nota.<\/p>\n\n\n\n<p>No recorte das capitais, 14 apresentam situa\u00e7\u00e3o mais delicada em rela\u00e7\u00e3o \u00e0 S\u00edndrome. Belo Horizonte, em Minas Gerais; Florian\u00f3polis, em Santa Catarina; Porto Alegre, no Rio Grande do Sul; e Curitiba, no Paran\u00e1, est\u00e3o nesse grupo.<\/p>\n\n\n\n<p>Referente ao ano epidemiol\u00f3gico 2025, j\u00e1 foram notificados no Brasil 56.749 casos de S\u00edndrome Respirat\u00f3ria Aguda.<\/p>\n\n\n\n<p><strong><em>S\u00e3o Gon\u00e7alo vai mudar: Not\u00edcias de S\u00e3o Gon\u00e7alo e toda regi\u00e3o.<\/em><\/strong><\/p>\n\n\n\n<figure class=\"wp-block-image size-large\"><img fetchpriority=\"high\" decoding=\"async\" width=\"1024\" height=\"252\" src=\"https:\/\/sgvaimudar.com.br\/wp-content\/uploads\/2025\/03\/Anuncie-Aqui-Sao-Goncalo-vai-mudar-1024x252.jpg\" alt=\"\" class=\"wp-image-22693\" srcset=\"https:\/\/sgvaimudar.com.br\/wp-content\/uploads\/2025\/03\/Anuncie-Aqui-Sao-Goncalo-vai-mudar-1024x252.jpg 1024w, https:\/\/sgvaimudar.com.br\/wp-content\/uploads\/2025\/03\/Anuncie-Aqui-Sao-Goncalo-vai-mudar-300x74.jpg 300w, https:\/\/sgvaimudar.com.br\/wp-content\/uploads\/2025\/03\/Anuncie-Aqui-Sao-Goncalo-vai-mudar-768x189.jpg 768w, https:\/\/sgvaimudar.com.br\/wp-content\/uploads\/2025\/03\/Anuncie-Aqui-Sao-Goncalo-vai-mudar-1536x378.jpg 1536w, https:\/\/sgvaimudar.com.br\/wp-content\/uploads\/2025\/03\/Anuncie-Aqui-Sao-Goncalo-vai-mudar-2048x504.jpg 2048w\" sizes=\"(max-width: 1024px) 100vw, 1024px\" \/><\/figure>\n\n\n\n<p><a href=\"https:\/\/cbn.globo.com\/saude\/noticia\/2025\/05\/18\/gripe-aviaria-ministerio-da-agricultura-rastreia-ovos-fornecidos-por-granja-afetada.ghtml\"><\/a><\/p>\n","protected":false},"excerpt":{"rendered":"<p>Minas Gerais, S\u00e3o Paulo e Rio de Janeiro est\u00e3o nesse grupo. Os dados constam em um levantamento da Fiocruz, que&hellip;<\/p>\n","protected":false},"author":5,"featured_media":25351,"comment_status":"open","ping_status":"open","sticky":false,"template":"","format":"standard","meta":{"fifu_image_url":"","fifu_image_alt":"","footnotes":""},"categories":[7],"tags":[],"class_list":["post-25350","post","type-post","status-publish","format-standard","has-post-thumbnail","hentry","category-saude"],"_links":{"self":[{"href":"https:\/\/sgvaimudar.com.br\/index.php\/wp-json\/wp\/v2\/posts\/25350","targetHints":{"allow":["GET"]}}],"collection":[{"href":"https:\/\/sgvaimudar.com.br\/index.php\/wp-json\/wp\/v2\/posts"}],"about":[{"href":"https:\/\/sgvaimudar.com.br\/index.php\/wp-json\/wp\/v2\/types\/post"}],"author":[{"embeddable":true,"href":"https:\/\/sgvaimudar.com.br\/index.php\/wp-json\/wp\/v2\/users\/5"}],"replies":[{"embeddable":true,"href":"https:\/\/sgvaimudar.com.br\/index.php\/wp-json\/wp\/v2\/comments?post=25350"}],"version-history":[{"count":2,"href":"https:\/\/sgvaimudar.com.br\/index.php\/wp-json\/wp\/v2\/posts\/25350\/revisions"}],"predecessor-version":[{"id":25354,"href":"https:\/\/sgvaimudar.com.br\/index.php\/wp-json\/wp\/v2\/posts\/25350\/revisions\/25354"}],"wp:featuredmedia":[{"embeddable":true,"href":"https:\/\/sgvaimudar.com.br\/index.php\/wp-json\/wp\/v2\/media\/25351"}],"wp:attachment":[{"href":"https:\/\/sgvaimudar.com.br\/index.php\/wp-json\/wp\/v2\/media?parent=25350"}],"wp:term":[{"taxonomy":"category","embeddable":true,"href":"https:\/\/sgvaimudar.com.br\/index.php\/wp-json\/wp\/v2\/categories?post=25350"},{"taxonomy":"post_tag","embeddable":true,"href":"https:\/\/sgvaimudar.com.br\/index.php\/wp-json\/wp\/v2\/tags?post=25350"}],"curies":[{"name":"wp","href":"https:\/\/api.w.org\/{rel}","templated":true}]}}