{"id":25338,"date":"2025-05-21T14:00:00","date_gmt":"2025-05-21T17:00:00","guid":{"rendered":"https:\/\/sgvaimudar.com.br\/?p=25338"},"modified":"2025-05-21T08:25:47","modified_gmt":"2025-05-21T11:25:47","slug":"vitoria-historica-no-rj-apos-anos-de-luta-obra-do-trevo-de-manilha-vai-sair-do-papel","status":"publish","type":"post","link":"https:\/\/sgvaimudar.com.br\/index.php\/2025\/05\/21\/vitoria-historica-no-rj-apos-anos-de-luta-obra-do-trevo-de-manilha-vai-sair-do-papel\/","title":{"rendered":"Vit\u00f3ria hist\u00f3rica no RJ: ap\u00f3s anos de luta, obra do Trevo de Manilha vai sair do papel"},"content":{"rendered":"\n<p>A semana come\u00e7ou com uma grande vit\u00f3ria para Itabora\u00ed. Ap\u00f3s quatro anos de intensa mobiliza\u00e7\u00e3o e articula\u00e7\u00e3o pol\u00edtica, finalmente foi firmado o acordo que garante o in\u00edcio das obras de desafogamento do tr\u00e2nsito no Trevo de Manilha, um dos maiores gargalos rodovi\u00e1rios do estado do Rio de Janeiro. <\/p>\n\n\n\n<p>No in\u00edcio da semana (segunda-feira, 19\/05), o prefeito Marcelo Delaroli, acompanhado do secret\u00e1rio municipal de Transporte, Marcelo Figueiredo; do deputado estadual Guilherme Delaroli; do deputado federal Altineu C\u00f4rtes e demais secret\u00e1rios municipais, participou de uma reuni\u00e3o decisiva com representantes das concession\u00e1rias Eco Rio Minas e Arteris Fluminense, do Minist\u00e9rio dos Transportes, da Ag\u00eancia Nacional de Transportes Terrestres (ANTT) e do Departamento Nacional de Infraestrutura de Transportes (DNIT). <\/p>\n\n\n\n<p>O encontro, realizado no Enterprise City Center, selou um acordo que destrava definitivamente o projeto e assegura que a obra ser\u00e1 executada.<\/p>\n\n\n\n<p>A Prefeitura de Itabora\u00ed destacou que h\u00e1 anos luta para garantir que a constru\u00e7\u00e3o da al\u00e7a entre a BR-101 e a BR-493 seja inclu\u00edda na licita\u00e7\u00e3o da BR-493. <\/p>\n\n\n\n<p>&#8220;Al\u00e9m dos esfor\u00e7os para impedir que esse trecho fosse retirado do contrato de concess\u00e3o durante o processo da BR-101. A visita recente do prefeito de Itabora\u00ed Marcelo Delaroli \u00e0 Bras\u00edlia foi crucial para destravar os impasses e consolidar o entendimento com os \u00f3rg\u00e3os federais e as empresas respons\u00e1veis&#8221;, disse o poder p\u00fablico no texto.<\/p>\n\n\n\n<p>&#8220;O povo de Itabora\u00ed sofreu por d\u00e9cadas com esse gargalo. Esse acordo \u00e9 mais do que uma obra: \u00e9 a resposta concreta a uma luta antiga e justa. Agrade\u00e7o de cora\u00e7\u00e3o ao Minist\u00e9rio dos Transportes, \u00e0 ANTT, ao DNIT e \u00e0s concession\u00e1rias por finalmente resolverem esse impasse. A obra come\u00e7a agora, e quem ganha \u00e9 toda a regi\u00e3o&#8221;, afirmou Marcelo Delaroli.<\/p>\n\n\n\n<p>A obra prev\u00ea a constru\u00e7\u00e3o de uma al\u00e7a que ligar\u00e1 diretamente a BR-101 \u00e0 BR-493, solu\u00e7\u00e3o fundamental para aumentar a fluidez e a seguran\u00e7a do tr\u00e1fego na regi\u00e3o. Apesar da conquista, ainda ser\u00e1 necess\u00e1rio enfrentar desafios como a desapropria\u00e7\u00e3o de \u00e1reas \u00e0s margens da rodovia, o que exigir\u00e1 ajustes no cronograma. A Eco Rio Minas ficar\u00e1 respons\u00e1vel pela execu\u00e7\u00e3o da obra e, posteriormente, a Arteris Fluminense far\u00e1 as adequa\u00e7\u00f5es complementares.<\/p>\n\n\n\n<p>&#8220;Hoje \u00e9 um marco. Lutamos muito para manter essa al\u00e7a no contrato e garantir que a obra fosse executada. Agora, com uni\u00e3o e compromisso, vamos ver esse sonho sair do papel&#8221;, comemorou o deputado Guilherme Delaroli.<\/p>\n\n\n\n<p>A conquista foi poss\u00edvel gra\u00e7as ao di\u00e1logo, \u00e0 persist\u00eancia pol\u00edtica e \u00e0 mobiliza\u00e7\u00e3o conjunta entre munic\u00edpio, estado, bancada federal e \u00f3rg\u00e3os reguladores. Agora, a cidade come\u00e7a a escrever um novo cap\u00edtulo em sua hist\u00f3ria, com mais mobilidade, dignidade e respeito para quem vive e circula por Itabora\u00ed.<\/p>\n\n\n\n<p>&#8220;Estamos falando de uma solu\u00e7\u00e3o que vai beneficiar n\u00e3o s\u00f3 Itabora\u00ed, mas milhares de motoristas que passam pela regi\u00e3o todos os dias, rumo a Mag\u00e9, Guapimirim, S\u00e3o Gon\u00e7alo e outros munic\u00edpios. Essa \u00e9 uma vit\u00f3ria coletiva do povo fluminense&#8221;, destacou o deputado federal Altineu C\u00f4rtes.<\/p>\n\n\n\n<p><strong><em>S\u00e3o Gon\u00e7alo vai mudar: Not\u00edcias de S\u00e3o Gon\u00e7alo e toda regi\u00e3o.<\/em><\/strong><\/p>\n\n\n\n<figure class=\"wp-block-image size-large\"><img decoding=\"async\" width=\"1024\" height=\"46\" src=\"https:\/\/sgvaimudar.com.br\/wp-content\/uploads\/2023\/08\/Anuncie-Aqui-Sao-Goncalo-vai-mudar-1024x46.png\" alt=\"\" class=\"wp-image-2740\" srcset=\"https:\/\/sgvaimudar.com.br\/wp-content\/uploads\/2023\/08\/Anuncie-Aqui-Sao-Goncalo-vai-mudar-1024x46.png 1024w, https:\/\/sgvaimudar.com.br\/wp-content\/uploads\/2023\/08\/Anuncie-Aqui-Sao-Goncalo-vai-mudar-300x13.png 300w, https:\/\/sgvaimudar.com.br\/wp-content\/uploads\/2023\/08\/Anuncie-Aqui-Sao-Goncalo-vai-mudar-768x35.png 768w, https:\/\/sgvaimudar.com.br\/wp-content\/uploads\/2023\/08\/Anuncie-Aqui-Sao-Goncalo-vai-mudar-1536x69.png 1536w, https:\/\/sgvaimudar.com.br\/wp-content\/uploads\/2023\/08\/Anuncie-Aqui-Sao-Goncalo-vai-mudar.png 2002w\" sizes=\"(max-width: 1024px) 100vw, 1024px\" \/><\/figure>\n","protected":false},"excerpt":{"rendered":"<p>A semana come\u00e7ou com uma grande vit\u00f3ria para Itabora\u00ed. Ap\u00f3s quatro anos de intensa mobiliza\u00e7\u00e3o e articula\u00e7\u00e3o pol\u00edtica, finalmente foi&hellip;<\/p>\n","protected":false},"author":5,"featured_media":25339,"comment_status":"open","ping_status":"open","sticky":false,"template":"","format":"standard","meta":{"fifu_image_url":"","fifu_image_alt":"","footnotes":""},"categories":[4],"tags":[],"class_list":["post-25338","post","type-post","status-publish","format-standard","has-post-thumbnail","hentry","category-brasil"],"_links":{"self":[{"href":"https:\/\/sgvaimudar.com.br\/index.php\/wp-json\/wp\/v2\/posts\/25338","targetHints":{"allow":["GET"]}}],"collection":[{"href":"https:\/\/sgvaimudar.com.br\/index.php\/wp-json\/wp\/v2\/posts"}],"about":[{"href":"https:\/\/sgvaimudar.com.br\/index.php\/wp-json\/wp\/v2\/types\/post"}],"author":[{"embeddable":true,"href":"https:\/\/sgvaimudar.com.br\/index.php\/wp-json\/wp\/v2\/users\/5"}],"replies":[{"embeddable":true,"href":"https:\/\/sgvaimudar.com.br\/index.php\/wp-json\/wp\/v2\/comments?post=25338"}],"version-history":[{"count":1,"href":"https:\/\/sgvaimudar.com.br\/index.php\/wp-json\/wp\/v2\/posts\/25338\/revisions"}],"predecessor-version":[{"id":25340,"href":"https:\/\/sgvaimudar.com.br\/index.php\/wp-json\/wp\/v2\/posts\/25338\/revisions\/25340"}],"wp:featuredmedia":[{"embeddable":true,"href":"https:\/\/sgvaimudar.com.br\/index.php\/wp-json\/wp\/v2\/media\/25339"}],"wp:attachment":[{"href":"https:\/\/sgvaimudar.com.br\/index.php\/wp-json\/wp\/v2\/media?parent=25338"}],"wp:term":[{"taxonomy":"category","embeddable":true,"href":"https:\/\/sgvaimudar.com.br\/index.php\/wp-json\/wp\/v2\/categories?post=25338"},{"taxonomy":"post_tag","embeddable":true,"href":"https:\/\/sgvaimudar.com.br\/index.php\/wp-json\/wp\/v2\/tags?post=25338"}],"curies":[{"name":"wp","href":"https:\/\/api.w.org\/{rel}","templated":true}]}}