{"id":25299,"date":"2025-05-20T17:00:00","date_gmt":"2025-05-20T20:00:00","guid":{"rendered":"https:\/\/sgvaimudar.com.br\/?p=25299"},"modified":"2025-05-20T09:56:27","modified_gmt":"2025-05-20T12:56:27","slug":"corpo-de-bombeiros-combate-incendio-em-estaleiro-em-niteroi","status":"publish","type":"post","link":"https:\/\/sgvaimudar.com.br\/index.php\/2025\/05\/20\/corpo-de-bombeiros-combate-incendio-em-estaleiro-em-niteroi\/","title":{"rendered":"Corpo de Bombeiros combate inc\u00eandio em estaleiro em Niter\u00f3i"},"content":{"rendered":"\n<p><em>A\u00e7\u00e3o n\u00e3o teve registro de feridos<\/em><\/p>\n\n\n\n<p>O Governo do Rio, por meio do Corpo de Bombeiros Militar do Estado do Rio de Janeiro (CBMERJ), realizou no fim de semana uma opera\u00e7\u00e3o de combate a inc\u00eandio em um estaleiro localizado na Rua Mario Trilha, na Ilha da Concei\u00e7\u00e3o, em Niter\u00f3i. <\/p>\n\n\n\n<p>A a\u00e7\u00e3o mobilizou 90 militares dos quart\u00e9is de Niter\u00f3i, Charitas, S\u00e3o Gon\u00e7alo, Guadalupe, Teres\u00f3polis, S\u00e3o Crist\u00f3v\u00e3o, do 1\u00b0 Grupamento Mar\u00edtimo e da Diretoria Geral de Socorro Emergencial. N\u00e3o h\u00e1 feridos.<\/p>\n\n\n\n<p>&#8211;\u00a0 A rapidez e agilidade no atendimento do Corpo de Bombeiros fazem toda a diferen\u00e7a no desfecho de inc\u00eandios de grandes propor\u00e7\u00f5es, como este no estaleiro. Al\u00e9m disso, nosso investimento para refor\u00e7o do efetivo e compra de equipamentos contribui ainda mais para o trabalho de excel\u00eancia realizado pelos militares \u2013 afirmou o governador Cl\u00e1udio Castro.<\/p>\n\n\n\n<p>A estrat\u00e9gia inicial utilizada pelos bombeiros exigia alto n\u00edvel de habilidade t\u00e9cnica e foram utilizadas ferramentas espec\u00edficas, como o reboque de ar comprimido (RAC), que auxilia o carregamento dos cilindros de respira\u00e7\u00e3o aut\u00f4noma. <\/p>\n\n\n\n<p>Para evitar qualquer tipo de amea\u00e7a \u00e0 sa\u00fade das pessoas, o Grupamento de Opera\u00e7\u00f5es com Produtos Perigosos (GOPP) atuou no local. Drones com c\u00e2meras t\u00e9rmicas para mapear os pontos de calor tamb\u00e9m foram usados pelos militares.<\/p>\n\n\n\n<p><strong>Atualiza\u00e7\u00e3o<\/strong><\/p>\n\n\n\n<p>Nesta segunda-feira (19\/05), 15 militares do quartel de Niter\u00f3i realizam o trabalho de resfriamento.<\/p>\n\n\n\n<p>-Desde o primeiro momento, os nossos militares atuaram com cautela e precis\u00e3o, utilizando tecnologia de ponta e estrat\u00e9gias especializadas para controlar as chamas nesta ocorr\u00eancia complexa, que exige conhecimento t\u00e9cnico e trabalho em equipe. Nosso compromisso \u00e9 proteger vidas e bens &#8211; disse o secret\u00e1rio de Estado de Defesa Civil e comandante-geral do CBMERJ, coronel Tarciso Salles.<\/p>\n\n\n\n<p><strong><em>Fa\u00e7a sua den\u00fancia pelo nosso WhatsApp: (21) <\/em><\/strong><strong><em>99744 5345<\/em><\/strong><strong><em><\/em><\/strong><\/p>\n\n\n\n<p><strong><em>S\u00e3o Gon\u00e7alo vai mudar: Not\u00edcias de S\u00e3o Gon\u00e7alo e toda regi\u00e3o.<\/em><\/strong><\/p>\n\n\n\n<figure class=\"wp-block-image size-large\"><img fetchpriority=\"high\" decoding=\"async\" width=\"1024\" height=\"252\" src=\"https:\/\/sgvaimudar.com.br\/wp-content\/uploads\/2025\/03\/Anuncie-Aqui-Sao-Goncalo-vai-mudar-1024x252.jpg\" alt=\"\" class=\"wp-image-22693\" srcset=\"https:\/\/sgvaimudar.com.br\/wp-content\/uploads\/2025\/03\/Anuncie-Aqui-Sao-Goncalo-vai-mudar-1024x252.jpg 1024w, https:\/\/sgvaimudar.com.br\/wp-content\/uploads\/2025\/03\/Anuncie-Aqui-Sao-Goncalo-vai-mudar-300x74.jpg 300w, https:\/\/sgvaimudar.com.br\/wp-content\/uploads\/2025\/03\/Anuncie-Aqui-Sao-Goncalo-vai-mudar-768x189.jpg 768w, https:\/\/sgvaimudar.com.br\/wp-content\/uploads\/2025\/03\/Anuncie-Aqui-Sao-Goncalo-vai-mudar-1536x378.jpg 1536w, https:\/\/sgvaimudar.com.br\/wp-content\/uploads\/2025\/03\/Anuncie-Aqui-Sao-Goncalo-vai-mudar-2048x504.jpg 2048w\" sizes=\"(max-width: 1024px) 100vw, 1024px\" \/><\/figure>\n","protected":false},"excerpt":{"rendered":"<p>A\u00e7\u00e3o n\u00e3o teve registro de feridos O Governo do Rio, por meio do Corpo de Bombeiros Militar do Estado do&hellip;<\/p>\n","protected":false},"author":5,"featured_media":25300,"comment_status":"open","ping_status":"open","sticky":false,"template":"","format":"standard","meta":{"fifu_image_url":"","fifu_image_alt":"","footnotes":""},"categories":[32],"tags":[],"class_list":["post-25299","post","type-post","status-publish","format-standard","has-post-thumbnail","hentry","category-casos-de-policia"],"_links":{"self":[{"href":"https:\/\/sgvaimudar.com.br\/index.php\/wp-json\/wp\/v2\/posts\/25299","targetHints":{"allow":["GET"]}}],"collection":[{"href":"https:\/\/sgvaimudar.com.br\/index.php\/wp-json\/wp\/v2\/posts"}],"about":[{"href":"https:\/\/sgvaimudar.com.br\/index.php\/wp-json\/wp\/v2\/types\/post"}],"author":[{"embeddable":true,"href":"https:\/\/sgvaimudar.com.br\/index.php\/wp-json\/wp\/v2\/users\/5"}],"replies":[{"embeddable":true,"href":"https:\/\/sgvaimudar.com.br\/index.php\/wp-json\/wp\/v2\/comments?post=25299"}],"version-history":[{"count":1,"href":"https:\/\/sgvaimudar.com.br\/index.php\/wp-json\/wp\/v2\/posts\/25299\/revisions"}],"predecessor-version":[{"id":25301,"href":"https:\/\/sgvaimudar.com.br\/index.php\/wp-json\/wp\/v2\/posts\/25299\/revisions\/25301"}],"wp:featuredmedia":[{"embeddable":true,"href":"https:\/\/sgvaimudar.com.br\/index.php\/wp-json\/wp\/v2\/media\/25300"}],"wp:attachment":[{"href":"https:\/\/sgvaimudar.com.br\/index.php\/wp-json\/wp\/v2\/media?parent=25299"}],"wp:term":[{"taxonomy":"category","embeddable":true,"href":"https:\/\/sgvaimudar.com.br\/index.php\/wp-json\/wp\/v2\/categories?post=25299"},{"taxonomy":"post_tag","embeddable":true,"href":"https:\/\/sgvaimudar.com.br\/index.php\/wp-json\/wp\/v2\/tags?post=25299"}],"curies":[{"name":"wp","href":"https:\/\/api.w.org\/{rel}","templated":true}]}}