{"id":25291,"date":"2025-05-20T14:00:00","date_gmt":"2025-05-20T17:00:00","guid":{"rendered":"https:\/\/sgvaimudar.com.br\/?p=25291"},"modified":"2025-05-20T09:42:29","modified_gmt":"2025-05-20T12:42:29","slug":"marica-realiza-campanha-de-incentivo-a-doacao-de-leite-materno","status":"publish","type":"post","link":"https:\/\/sgvaimudar.com.br\/index.php\/2025\/05\/20\/marica-realiza-campanha-de-incentivo-a-doacao-de-leite-materno\/","title":{"rendered":"Maric\u00e1 realiza campanha de incentivo \u00e0 doa\u00e7\u00e3o de leite materno"},"content":{"rendered":"\n<p><em>Atividade no Centro Materno Infantil reuniu lactantes e gestantes com palestras e orienta\u00e7\u00f5es sobre amamenta\u00e7\u00e3o<\/em><\/p>\n\n\n\n<p>As m\u00e3es maricaenses est\u00e3o aproveitando uma s\u00e9rie de atividades que est\u00e3o sendo feitas para marcar o Dia Mundial de Doa\u00e7\u00e3o de Leite Humano no Centro Materno Infantil, localizado na Rua Cl\u00edmaco Pereira, n\u00ba 375, na regi\u00e3o central da cidade.<\/p>\n\n\n\n<p>A mobiliza\u00e7\u00e3o incluiu a aplica\u00e7\u00e3o da vacina BCG (contra a tuberculose) e a triagem neonatal nos rec\u00e9m-nascidos, al\u00e9m de di\u00e1logos sobre quest\u00f5es ligadas \u00e0 import\u00e2ncia do aleitamento materno e seus benef\u00edcios para o desenvolvimento infantil.<\/p>\n\n\n\n<figure class=\"wp-block-image size-large\"><img fetchpriority=\"high\" decoding=\"async\" width=\"1024\" height=\"682\" src=\"https:\/\/sgvaimudar.com.br\/wp-content\/uploads\/2025\/05\/WhatsApp-Image-2025-05-19-at-12.45.55-1-1024x682.jpeg\" alt=\"\" class=\"wp-image-25292\" srcset=\"https:\/\/sgvaimudar.com.br\/wp-content\/uploads\/2025\/05\/WhatsApp-Image-2025-05-19-at-12.45.55-1-1024x682.jpeg 1024w, https:\/\/sgvaimudar.com.br\/wp-content\/uploads\/2025\/05\/WhatsApp-Image-2025-05-19-at-12.45.55-1-300x200.jpeg 300w, https:\/\/sgvaimudar.com.br\/wp-content\/uploads\/2025\/05\/WhatsApp-Image-2025-05-19-at-12.45.55-1-768x512.jpeg 768w, https:\/\/sgvaimudar.com.br\/wp-content\/uploads\/2025\/05\/WhatsApp-Image-2025-05-19-at-12.45.55-1-1536x1024.jpeg 1536w, https:\/\/sgvaimudar.com.br\/wp-content\/uploads\/2025\/05\/WhatsApp-Image-2025-05-19-at-12.45.55-1-2048x1365.jpeg 2048w\" sizes=\"(max-width: 1024px) 100vw, 1024px\" \/><\/figure>\n\n\n\n<p>Ap\u00f3s a abertura da atividade, foi realizada uma palestra com o tema \u201cImport\u00e2ncia do aleitamento materno no desenvolvimento da crian\u00e7a\u201d, ministrada pela nutricionista Jaqueline Gomes. Em seguida, os di\u00e1logos foram sobre a tem\u00e1tica \u201cImport\u00e2ncia da doa\u00e7\u00e3o de leite para beb\u00eas prematuros\u201d, conduzidos pela pediatra Claudia Paiva Gon\u00e7alves.<\/p>\n\n\n\n<p>O secret\u00e1rio de Sa\u00fade, Marcelo Velho, ressaltou o impacto do leite materno para o bem-estar dos beb\u00eas e o empenho para promover a amamenta\u00e7\u00e3o no munic\u00edpio.<\/p>\n\n\n\n<p>&#8220;O apoio e incentivo ao aleitamento materno \u00e9 um foco da nossa gest\u00e3o, contribuindo com esse ato t\u00e3o importante, que oferece nutrientes essenciais aos beb\u00eas, al\u00e9m de fortalecer o la\u00e7o entre a crian\u00e7a e a m\u00e3e. O evento do Dia de Doa\u00e7\u00e3o de Leite Humano representa esse cuidado e incentivamos que a popula\u00e7\u00e3o se una a essa corrente, doando e fortalecendo a vida dos pequenos e pequenas internadas em UTIs neonatais da regi\u00e3o&#8221;, afirmou o secret\u00e1rio.<\/p>\n\n\n\n<p>\u201cDoar leite materno \u00e9 um ato de amor que salva vidas. O leite materno favorece o desenvolvimento f\u00edsico e emocional dos beb\u00eas, protege os rec\u00e9m-nascidos de infec\u00e7\u00f5es e previne o c\u00e2ncer de \u00fatero e ov\u00e1rio nas m\u00e3es. O aleitamento \u00e9 recomendado at\u00e9 os seis meses exclusivamente, mas a m\u00e3e pode amamentar at\u00e9 os dois anos ou mais. Al\u00e9m disso, a amamenta\u00e7\u00e3o tamb\u00e9m promove um v\u00ednculo afetivo entre a m\u00e3e e o beb\u00ea\u201d, refor\u00e7ou a nutricionista Jaqueline Gomes.<\/p>\n\n\n\n<p><strong>Sala de apoio \u00e0 amamenta\u00e7\u00e3o<br><\/strong>Para fortalecer o suporte ao desenvolvimento infantil, o munic\u00edpio possui uma sala de coleta de leite humano e apoio \u00e0 amamenta\u00e7\u00e3o no Centro Materno Infantil. O material coletado \u00e9 direcionado ao Banco de Leite do Hospital Universit\u00e1rio Ant\u00f4nio Pedro (Huap), em Niter\u00f3i, ao qual o servi\u00e7o \u00e9 vinculado. <\/p>\n\n\n\n<p>O leite arrecadado contribui para o bem-estar de beb\u00eas internados em UTIs neonatais, especialmente os prematuros e rec\u00e9m-nascidos de baixo peso, que dependem desse alimento para sobreviver e se desenvolver de forma saud\u00e1vel.<\/p>\n\n\n\n<p>A coleta \u00e9 feita atrav\u00e9s de agendamento pr\u00e9vio por mensagens no WhatsApp (21) 2637-3395. Vale destacar que o espa\u00e7o tamb\u00e9m oferece diversas orienta\u00e7\u00f5es \u00e0s m\u00e3es que possuem dificuldades relacionadas \u00e0 amamenta\u00e7\u00e3o, como problemas na \u201cpega\u201d do beb\u00ea ou produ\u00e7\u00e3o insuficiente de leite.<\/p>\n\n\n\n<p><em>Foto: Thamyris Mello<\/em><\/p>\n\n\n\n<p><strong><em>S\u00e3o Gon\u00e7alo vai mudar: Not\u00edcias de S\u00e3o Gon\u00e7alo e toda regi\u00e3o.<\/em><\/strong><\/p>\n\n\n\n<figure class=\"wp-block-image size-large\"><img decoding=\"async\" width=\"1024\" height=\"252\" src=\"https:\/\/sgvaimudar.com.br\/wp-content\/uploads\/2025\/03\/Anuncie-Aqui-Sao-Goncalo-vai-mudar-1024x252.jpg\" alt=\"\" class=\"wp-image-22693\" srcset=\"https:\/\/sgvaimudar.com.br\/wp-content\/uploads\/2025\/03\/Anuncie-Aqui-Sao-Goncalo-vai-mudar-1024x252.jpg 1024w, https:\/\/sgvaimudar.com.br\/wp-content\/uploads\/2025\/03\/Anuncie-Aqui-Sao-Goncalo-vai-mudar-300x74.jpg 300w, https:\/\/sgvaimudar.com.br\/wp-content\/uploads\/2025\/03\/Anuncie-Aqui-Sao-Goncalo-vai-mudar-768x189.jpg 768w, https:\/\/sgvaimudar.com.br\/wp-content\/uploads\/2025\/03\/Anuncie-Aqui-Sao-Goncalo-vai-mudar-1536x378.jpg 1536w, https:\/\/sgvaimudar.com.br\/wp-content\/uploads\/2025\/03\/Anuncie-Aqui-Sao-Goncalo-vai-mudar-2048x504.jpg 2048w\" sizes=\"(max-width: 1024px) 100vw, 1024px\" \/><\/figure>\n","protected":false},"excerpt":{"rendered":"<p>Atividade no Centro Materno Infantil reuniu lactantes e gestantes com palestras e orienta\u00e7\u00f5es sobre amamenta\u00e7\u00e3o As m\u00e3es maricaenses est\u00e3o aproveitando&hellip;<\/p>\n","protected":false},"author":5,"featured_media":25293,"comment_status":"open","ping_status":"open","sticky":false,"template":"","format":"standard","meta":{"fifu_image_url":"","fifu_image_alt":"","footnotes":""},"categories":[7],"tags":[],"class_list":["post-25291","post","type-post","status-publish","format-standard","has-post-thumbnail","hentry","category-saude"],"_links":{"self":[{"href":"https:\/\/sgvaimudar.com.br\/index.php\/wp-json\/wp\/v2\/posts\/25291","targetHints":{"allow":["GET"]}}],"collection":[{"href":"https:\/\/sgvaimudar.com.br\/index.php\/wp-json\/wp\/v2\/posts"}],"about":[{"href":"https:\/\/sgvaimudar.com.br\/index.php\/wp-json\/wp\/v2\/types\/post"}],"author":[{"embeddable":true,"href":"https:\/\/sgvaimudar.com.br\/index.php\/wp-json\/wp\/v2\/users\/5"}],"replies":[{"embeddable":true,"href":"https:\/\/sgvaimudar.com.br\/index.php\/wp-json\/wp\/v2\/comments?post=25291"}],"version-history":[{"count":1,"href":"https:\/\/sgvaimudar.com.br\/index.php\/wp-json\/wp\/v2\/posts\/25291\/revisions"}],"predecessor-version":[{"id":25294,"href":"https:\/\/sgvaimudar.com.br\/index.php\/wp-json\/wp\/v2\/posts\/25291\/revisions\/25294"}],"wp:featuredmedia":[{"embeddable":true,"href":"https:\/\/sgvaimudar.com.br\/index.php\/wp-json\/wp\/v2\/media\/25293"}],"wp:attachment":[{"href":"https:\/\/sgvaimudar.com.br\/index.php\/wp-json\/wp\/v2\/media?parent=25291"}],"wp:term":[{"taxonomy":"category","embeddable":true,"href":"https:\/\/sgvaimudar.com.br\/index.php\/wp-json\/wp\/v2\/categories?post=25291"},{"taxonomy":"post_tag","embeddable":true,"href":"https:\/\/sgvaimudar.com.br\/index.php\/wp-json\/wp\/v2\/tags?post=25291"}],"curies":[{"name":"wp","href":"https:\/\/api.w.org\/{rel}","templated":true}]}}