{"id":25268,"date":"2025-05-20T10:00:00","date_gmt":"2025-05-20T13:00:00","guid":{"rendered":"https:\/\/sgvaimudar.com.br\/?p=25268"},"modified":"2025-05-20T08:57:10","modified_gmt":"2025-05-20T11:57:10","slug":"atencao-moradores-obras-de-requalificacao-da-praca-do-vila-lage-tiveram-inicio","status":"publish","type":"post","link":"https:\/\/sgvaimudar.com.br\/index.php\/2025\/05\/20\/atencao-moradores-obras-de-requalificacao-da-praca-do-vila-lage-tiveram-inicio\/","title":{"rendered":"Aten\u00e7\u00e3o moradores! Obras de requalifica\u00e7\u00e3o da Pra\u00e7a do Vila Lage tiveram in\u00edcio"},"content":{"rendered":"\n<p><em>Secretaria de Meio Ambiente e Transportes faz altera\u00e7\u00e3o no tr\u00e2nsito do local<\/em><\/p>\n\n\n\n<p>A obra de reparo na geometria da Rua Doutor Alberto Torres e requalifica\u00e7\u00e3o da Pra\u00e7a do Vila Lage, que fica na Rua Doutor Alberto Torres, teve in\u00edcio nesta manh\u00e3 de segunda-feira (19). A Secretaria de Meio Ambiente e Transportes do munic\u00edpio de S\u00e3o Gon\u00e7alo, respons\u00e1vel pelas interven\u00e7\u00f5es, determinou o fechamento do retorno no local, durante o dia, para que as m\u00e1quinas possam operar.<\/p>\n\n\n\n<p>O projeto, desenvolvido pela Secretaria Municipal de Gest\u00e3o Integrada e Projetos Especiais (Semgipe), prev\u00ea o reordenamento vi\u00e1rio, que foi necess\u00e1rio ap\u00f3s a cria\u00e7\u00e3o de vagas de estacionamento pr\u00f3ximo \u00e0 pra\u00e7a, dentro do projeto do novo corredor vi\u00e1rio da cidade, o Muvi (Mobilidade Urbana Verde Integrada).<\/p>\n\n\n\n<figure class=\"wp-block-image size-full\"><img fetchpriority=\"high\" decoding=\"async\" width=\"1024\" height=\"683\" src=\"https:\/\/sgvaimudar.com.br\/wp-content\/uploads\/2025\/05\/unnamed-1-16.jpg\" alt=\"\" class=\"wp-image-25269\" srcset=\"https:\/\/sgvaimudar.com.br\/wp-content\/uploads\/2025\/05\/unnamed-1-16.jpg 1024w, https:\/\/sgvaimudar.com.br\/wp-content\/uploads\/2025\/05\/unnamed-1-16-300x200.jpg 300w, https:\/\/sgvaimudar.com.br\/wp-content\/uploads\/2025\/05\/unnamed-1-16-768x512.jpg 768w\" sizes=\"(max-width: 1024px) 100vw, 1024px\" \/><\/figure>\n\n\n\n<p>Al\u00e9m do ajuste vi\u00e1rio, existe o projeto da nova pra\u00e7a, que inclui bancos e mesas de concreto, lixeira, biciclet\u00e1rio, novos brinquedos (como gangorra tripla, casa do Tarzan, balan\u00e7o duplo) e equipamentos de academia, al\u00e9m do paisagismo, pavimenta\u00e7\u00e3o da pra\u00e7a com piso emborrachado e piso intertravado, rampas de acessibilidade e grama.<\/p>\n\n\n\n<p>&#8220;Houve uma readequa\u00e7\u00e3o da geometria da via, com as novas vagas de estacionamento que fornecem apoio aos comerciantes que ficam pr\u00f3ximos \u00e0 pra\u00e7a. Por isso, o reordenamento vi\u00e1rio se faz necess\u00e1rio. O bairro sofreu uma verdadeira transforma\u00e7\u00e3o com o Muvi e estamos seguindo com essas mudan\u00e7as. Essa \u00e9 a segunda pra\u00e7a que fazemos, a primeira foi a nova pra\u00e7a do Coluband\u00ea, que tamb\u00e9m passou por reordenamento vi\u00e1rio&#8221;, explicou o secret\u00e1rio de Meio Ambiente e Transportes, F\u00e1bio Lemos.<\/p>\n\n\n\n<p>Durante as obras de requalifica\u00e7\u00e3o da pra\u00e7a, a \u00e1rea de retorno no local ficar\u00e1 interditada das 8h \u00e0s 17h. O trecho ser\u00e1 liberado para o tr\u00e1fego de ve\u00edculos durante o per\u00edodo da noite. As obras t\u00eam previs\u00e3o de dura\u00e7\u00e3o de seis meses.<\/p>\n\n\n\n<p>C\u00edcero Freitas J\u00fanior, de 35 anos, \u00e9 morador do bairro h\u00e1 30 anos e acompanhou esse primeiro dia das obras da nova pra\u00e7a.<\/p>\n\n\n\n<p>&#8220;A obra do Muvi melhorou o bairro e o tr\u00e1fego de ve\u00edculos. Ent\u00e3o, se acompanhar essa obra, vai ser bom. A pra\u00e7a estava precisando de reforma. Estamos animados para ver como vai ficar&#8221;, disse o empres\u00e1rio.<\/p>\n\n\n\n<p><em>Fotos: Fabio Guimar\u00e3e<\/em>s<\/p>\n\n\n\n<p><strong><em>S\u00e3o Gon\u00e7alo vai mudar: Not\u00edcias de S\u00e3o Gon\u00e7alo e toda regi\u00e3o.<\/em><\/strong><\/p>\n\n\n\n<figure class=\"wp-block-image size-large\"><img decoding=\"async\" width=\"1024\" height=\"252\" src=\"https:\/\/sgvaimudar.com.br\/wp-content\/uploads\/2025\/03\/Anuncie-Aqui-Sao-Goncalo-vai-mudar-1024x252.jpg\" alt=\"\" class=\"wp-image-22693\" srcset=\"https:\/\/sgvaimudar.com.br\/wp-content\/uploads\/2025\/03\/Anuncie-Aqui-Sao-Goncalo-vai-mudar-1024x252.jpg 1024w, https:\/\/sgvaimudar.com.br\/wp-content\/uploads\/2025\/03\/Anuncie-Aqui-Sao-Goncalo-vai-mudar-300x74.jpg 300w, https:\/\/sgvaimudar.com.br\/wp-content\/uploads\/2025\/03\/Anuncie-Aqui-Sao-Goncalo-vai-mudar-768x189.jpg 768w, https:\/\/sgvaimudar.com.br\/wp-content\/uploads\/2025\/03\/Anuncie-Aqui-Sao-Goncalo-vai-mudar-1536x378.jpg 1536w, https:\/\/sgvaimudar.com.br\/wp-content\/uploads\/2025\/03\/Anuncie-Aqui-Sao-Goncalo-vai-mudar-2048x504.jpg 2048w\" sizes=\"(max-width: 1024px) 100vw, 1024px\" \/><\/figure>\n","protected":false},"excerpt":{"rendered":"<p>Secretaria de Meio Ambiente e Transportes faz altera\u00e7\u00e3o no tr\u00e2nsito do local A obra de reparo na geometria da Rua&hellip;<\/p>\n","protected":false},"author":5,"featured_media":25270,"comment_status":"open","ping_status":"open","sticky":false,"template":"","format":"standard","meta":{"fifu_image_url":"","fifu_image_alt":"","footnotes":""},"categories":[3],"tags":[],"class_list":["post-25268","post","type-post","status-publish","format-standard","has-post-thumbnail","hentry","category-sao-goncalo"],"_links":{"self":[{"href":"https:\/\/sgvaimudar.com.br\/index.php\/wp-json\/wp\/v2\/posts\/25268","targetHints":{"allow":["GET"]}}],"collection":[{"href":"https:\/\/sgvaimudar.com.br\/index.php\/wp-json\/wp\/v2\/posts"}],"about":[{"href":"https:\/\/sgvaimudar.com.br\/index.php\/wp-json\/wp\/v2\/types\/post"}],"author":[{"embeddable":true,"href":"https:\/\/sgvaimudar.com.br\/index.php\/wp-json\/wp\/v2\/users\/5"}],"replies":[{"embeddable":true,"href":"https:\/\/sgvaimudar.com.br\/index.php\/wp-json\/wp\/v2\/comments?post=25268"}],"version-history":[{"count":1,"href":"https:\/\/sgvaimudar.com.br\/index.php\/wp-json\/wp\/v2\/posts\/25268\/revisions"}],"predecessor-version":[{"id":25271,"href":"https:\/\/sgvaimudar.com.br\/index.php\/wp-json\/wp\/v2\/posts\/25268\/revisions\/25271"}],"wp:featuredmedia":[{"embeddable":true,"href":"https:\/\/sgvaimudar.com.br\/index.php\/wp-json\/wp\/v2\/media\/25270"}],"wp:attachment":[{"href":"https:\/\/sgvaimudar.com.br\/index.php\/wp-json\/wp\/v2\/media?parent=25268"}],"wp:term":[{"taxonomy":"category","embeddable":true,"href":"https:\/\/sgvaimudar.com.br\/index.php\/wp-json\/wp\/v2\/categories?post=25268"},{"taxonomy":"post_tag","embeddable":true,"href":"https:\/\/sgvaimudar.com.br\/index.php\/wp-json\/wp\/v2\/tags?post=25268"}],"curies":[{"name":"wp","href":"https:\/\/api.w.org\/{rel}","templated":true}]}}