{"id":25227,"date":"2025-05-19T14:00:00","date_gmt":"2025-05-19T17:00:00","guid":{"rendered":"https:\/\/sgvaimudar.com.br\/?p=25227"},"modified":"2025-05-19T09:47:22","modified_gmt":"2025-05-19T12:47:22","slug":"niteroi-sedia-18o-edicao-do-encontro-anual-capoeira-em-familia","status":"publish","type":"post","link":"https:\/\/sgvaimudar.com.br\/index.php\/2025\/05\/19\/niteroi-sedia-18o-edicao-do-encontro-anual-capoeira-em-familia\/","title":{"rendered":"Niter\u00f3i sedia 18\u00ba edi\u00e7\u00e3o do Encontro Anual \u201cCapoeira em Fam\u00edlia\u201d"},"content":{"rendered":"\n<p><em>De acordo com os organizadores, a a\u00e7\u00e3o ser\u00e1 um dia de conex\u00e3o, cultura e fam\u00edlia<\/em><\/p>\n\n\n\n<p>O Encontro Anual \u201cCapoeira em Fam\u00edlia\u201d, do Centro ECOCultural, na Lagoa de Piratininga, na Regi\u00e3o Oce\u00e2nica de Niter\u00f3i, est\u00e1 marcado para acontecer no pr\u00f3ximo s\u00e1bado (31\/05), a partir das 10h. O evento \u00e9 realizado pelo Centro Cultural Tribo do Berimbau que tem foco no fortalecimento da capoeira como \u00a0ferramenta de transforma\u00e7\u00e3o social.<\/p>\n\n\n\n<p>O encontro, que est\u00e1 em sua 18\u00ba edi\u00e7\u00e3o evento contar\u00e1 com uma recep\u00e7\u00e3o de boas vindas \u00e0s 10h, aula especial para pais e filhos \u00e0s 10h30min, roda de capoeira \u00e0s 11h e o t\u00e9rmino est\u00e1 previsto para ser \u00e0s 11h30min.<\/p>\n\n\n\n<p>Na ocasi\u00e3o o grupo tamb\u00e9m d\u00e1 in\u00edcio a campanha solid\u00e1ria \u201cInverno Aquecido\u201d. Quem quiser contribuir poder\u00e1 doar roupas, agasalhos e cobertores.<\/p>\n\n\n\n<p>\u201c\u00c9 importante celebrar a capoeira em fam\u00edlia para olharmos para n\u00f3s, vivenciarmos o que nossos familiares praticam diariamente. Guardar as telas, tirar os sapatos e sentir a vibra\u00e7\u00e3o da capoeira, seus instrumentos e c\u00e2nticos. Ser\u00e1 um dia de conex\u00e3o, cultura e fam\u00edlia\u201d, comentou Paulo Braga, conhecido como Professor Dente, idealizador e organizador do evento.<\/p>\n\n\n\n<p>O Centro Cultural Tribo do Berimbau tem como miss\u00e3o formar e transformar vidas por meio da capoeira, promovendo o desenvolvimento de habilidades culturais, art\u00edsticas e educacionais. <\/p>\n\n\n\n<p>&#8220;Nossas atividades combinam aulas te\u00f3ricas e pr\u00e1ticas de capoeira com viv\u00eancias complementares em express\u00f5es tradicionais da cultura afro-brasileira, como o Maculel\u00ea, Samba de Roda, Jongo, Percuss\u00e3o, Berimbau e a Puxada de Rede&#8221;, disse Braga. <\/p>\n\n\n\n<p>&#8220;Mais do que ensinar movimentos, buscamos resgatar, preservar e valorizar a heran\u00e7a cultural brasileira, contribuindo para o fortalecimento da identidade, autoestima e cidadania de nossos alunos. O espa\u00e7o tem sede na R. Prof. Otac\u00edlio, 99 em Santa Rosa, cidade de Niter\u00f3i&#8221;, real\u00e7ou o Dente.<\/p>\n\n\n\n<p><strong><em>S\u00e3o Gon\u00e7alo vai mudar: Not\u00edcias de S\u00e3o Gon\u00e7alo e toda regi\u00e3o.<\/em><\/strong><\/p>\n\n\n\n<figure class=\"wp-block-image size-large\"><img fetchpriority=\"high\" decoding=\"async\" width=\"1024\" height=\"252\" src=\"https:\/\/sgvaimudar.com.br\/wp-content\/uploads\/2025\/03\/Anuncie-Aqui-Sao-Goncalo-vai-mudar-1024x252.jpg\" alt=\"\" class=\"wp-image-22693\" srcset=\"https:\/\/sgvaimudar.com.br\/wp-content\/uploads\/2025\/03\/Anuncie-Aqui-Sao-Goncalo-vai-mudar-1024x252.jpg 1024w, https:\/\/sgvaimudar.com.br\/wp-content\/uploads\/2025\/03\/Anuncie-Aqui-Sao-Goncalo-vai-mudar-300x74.jpg 300w, https:\/\/sgvaimudar.com.br\/wp-content\/uploads\/2025\/03\/Anuncie-Aqui-Sao-Goncalo-vai-mudar-768x189.jpg 768w, https:\/\/sgvaimudar.com.br\/wp-content\/uploads\/2025\/03\/Anuncie-Aqui-Sao-Goncalo-vai-mudar-1536x378.jpg 1536w, https:\/\/sgvaimudar.com.br\/wp-content\/uploads\/2025\/03\/Anuncie-Aqui-Sao-Goncalo-vai-mudar-2048x504.jpg 2048w\" sizes=\"(max-width: 1024px) 100vw, 1024px\" \/><\/figure>\n","protected":false},"excerpt":{"rendered":"<p>De acordo com os organizadores, a a\u00e7\u00e3o ser\u00e1 um dia de conex\u00e3o, cultura e fam\u00edlia O Encontro Anual \u201cCapoeira em&hellip;<\/p>\n","protected":false},"author":5,"featured_media":25228,"comment_status":"open","ping_status":"open","sticky":false,"template":"","format":"standard","meta":{"fifu_image_url":"","fifu_image_alt":"","footnotes":""},"categories":[6],"tags":[],"class_list":["post-25227","post","type-post","status-publish","format-standard","has-post-thumbnail","hentry","category-entretenimento"],"_links":{"self":[{"href":"https:\/\/sgvaimudar.com.br\/index.php\/wp-json\/wp\/v2\/posts\/25227","targetHints":{"allow":["GET"]}}],"collection":[{"href":"https:\/\/sgvaimudar.com.br\/index.php\/wp-json\/wp\/v2\/posts"}],"about":[{"href":"https:\/\/sgvaimudar.com.br\/index.php\/wp-json\/wp\/v2\/types\/post"}],"author":[{"embeddable":true,"href":"https:\/\/sgvaimudar.com.br\/index.php\/wp-json\/wp\/v2\/users\/5"}],"replies":[{"embeddable":true,"href":"https:\/\/sgvaimudar.com.br\/index.php\/wp-json\/wp\/v2\/comments?post=25227"}],"version-history":[{"count":1,"href":"https:\/\/sgvaimudar.com.br\/index.php\/wp-json\/wp\/v2\/posts\/25227\/revisions"}],"predecessor-version":[{"id":25229,"href":"https:\/\/sgvaimudar.com.br\/index.php\/wp-json\/wp\/v2\/posts\/25227\/revisions\/25229"}],"wp:featuredmedia":[{"embeddable":true,"href":"https:\/\/sgvaimudar.com.br\/index.php\/wp-json\/wp\/v2\/media\/25228"}],"wp:attachment":[{"href":"https:\/\/sgvaimudar.com.br\/index.php\/wp-json\/wp\/v2\/media?parent=25227"}],"wp:term":[{"taxonomy":"category","embeddable":true,"href":"https:\/\/sgvaimudar.com.br\/index.php\/wp-json\/wp\/v2\/categories?post=25227"},{"taxonomy":"post_tag","embeddable":true,"href":"https:\/\/sgvaimudar.com.br\/index.php\/wp-json\/wp\/v2\/tags?post=25227"}],"curies":[{"name":"wp","href":"https:\/\/api.w.org\/{rel}","templated":true}]}}