{"id":25223,"date":"2025-05-19T12:00:00","date_gmt":"2025-05-19T15:00:00","guid":{"rendered":"https:\/\/sgvaimudar.com.br\/?p=25223"},"modified":"2025-05-19T09:36:17","modified_gmt":"2025-05-19T12:36:17","slug":"itaborai-192-anos-4a-edicao-da-corrida-e-caminhada-de-aniversario-da-cidade-e-um-sucesso","status":"publish","type":"post","link":"https:\/\/sgvaimudar.com.br\/index.php\/2025\/05\/19\/itaborai-192-anos-4a-edicao-da-corrida-e-caminhada-de-aniversario-da-cidade-e-um-sucesso\/","title":{"rendered":"Itabora\u00ed 192 anos: 4\u00aa edi\u00e7\u00e3o da Corrida e Caminhada de Anivers\u00e1rio da cidade \u00e9 um sucesso"},"content":{"rendered":"\n<p><em>Evento reuniu mais de 10 mil pessoas na Avenida 22 de Maio<\/em><\/p>\n\n\n\n<p>Um mar de gente tomou a Avenida 22 de Maio na manh\u00e3 deste domingo (18\/05) para a 4\u00aa edi\u00e7\u00e3o da Corrida e Caminhada de Anivers\u00e1rio da Cidade. Com concentra\u00e7\u00e3o e largada na Pra\u00e7a Marechal Floriano Peixoto, o evento esportivo promovido pela Prefeitura de Itabora\u00ed, por meio da Secretaria Municipal de Esporte e Lazer, contou com mais de 10 mil inscritos e reuniu pessoas de todas as idades e de diversas cidades com um \u00fanico objetivo: superar desafios, al\u00e9m celebrar os 192 anos de emancipa\u00e7\u00e3o pol\u00edtico-administrativa de Itabora\u00ed.<\/p>\n\n\n\n<figure class=\"wp-block-image size-large\"><img fetchpriority=\"high\" decoding=\"async\" width=\"1024\" height=\"576\" src=\"https:\/\/sgvaimudar.com.br\/wp-content\/uploads\/2025\/05\/Itaborai-192-anos-4a-edicao-da-Corrida-e-Caminhada-de-Aniversario-da-cidade-reune-mais-de-10-mil-pessoas-na-Avenida-22-de-Maio-2-1024x576.jpeg\" alt=\"\" class=\"wp-image-25224\" srcset=\"https:\/\/sgvaimudar.com.br\/wp-content\/uploads\/2025\/05\/Itaborai-192-anos-4a-edicao-da-Corrida-e-Caminhada-de-Aniversario-da-cidade-reune-mais-de-10-mil-pessoas-na-Avenida-22-de-Maio-2-1024x576.jpeg 1024w, https:\/\/sgvaimudar.com.br\/wp-content\/uploads\/2025\/05\/Itaborai-192-anos-4a-edicao-da-Corrida-e-Caminhada-de-Aniversario-da-cidade-reune-mais-de-10-mil-pessoas-na-Avenida-22-de-Maio-2-300x169.jpeg 300w, https:\/\/sgvaimudar.com.br\/wp-content\/uploads\/2025\/05\/Itaborai-192-anos-4a-edicao-da-Corrida-e-Caminhada-de-Aniversario-da-cidade-reune-mais-de-10-mil-pessoas-na-Avenida-22-de-Maio-2-768x432.jpeg 768w, https:\/\/sgvaimudar.com.br\/wp-content\/uploads\/2025\/05\/Itaborai-192-anos-4a-edicao-da-Corrida-e-Caminhada-de-Aniversario-da-cidade-reune-mais-de-10-mil-pessoas-na-Avenida-22-de-Maio-2-1536x864.jpeg 1536w, https:\/\/sgvaimudar.com.br\/wp-content\/uploads\/2025\/05\/Itaborai-192-anos-4a-edicao-da-Corrida-e-Caminhada-de-Aniversario-da-cidade-reune-mais-de-10-mil-pessoas-na-Avenida-22-de-Maio-2.jpeg 1600w\" sizes=\"(max-width: 1024px) 100vw, 1024px\" \/><\/figure>\n\n\n\n<p>Estiveram presentes o prefeito de Itabora\u00ed, Marcelo Delaroli; o deputado estadual Guilherme Delaroli; o deputado federal Altineu C\u00f4rtes; o presidente da C\u00e2mara Municipal de Itabora\u00ed, Jo\u00e3o Delaroli; o subprefeito de Itabora\u00ed, H\u00e9dio Mataruna; al\u00e9m de demais autoridades municipais.<br>Antes da largada, os participantes fizeram um animado aquecimento coletivo. \u00c0s 8h, os primeiros a iniciar o percurso foram os inscritos nas provas de corrida de 5 km e 10 km. Logo em seguida, foi a vez dos participantes da caminhada, com trajeto de aproximadamente 3 km, que seguiram ao som do trio el\u00e9trico comandado pela cantora Dediane Almeida.<\/p>\n\n\n\n<p>Acompanhado da primeira-dama, P\u00e2mela Delaroli, o prefeito Marcelo Delaroli tamb\u00e9m participou da corrida e completou o percurso de 5 km. Ele destacou a import\u00e2ncia do incentivo ao esporte como ferramenta de transforma\u00e7\u00e3o social.<\/p>\n\n\n\n<p>\u201c\u00c9 emocionante demais ver nossa cidade unida, em movimento, celebrando com sa\u00fade e alegria. A gente incentiva o esporte, porque sabemos que \u00e9 investir em qualidade de vida, bem-estar e cidadania. A Corrida do Anivers\u00e1rio j\u00e1 virou tradi\u00e7\u00e3o e mostra a for\u00e7a do nosso povo, que t\u00e1 sempre junto com a gente\u201d, afirmou Marcelo Delaroli.<\/p>\n\n\n\n<p>Os participantes da corrida sa\u00edram da Pra\u00e7a Marechal Floriano Peixoto, seguiram pela Avenida 22 de Maio at\u00e9 a altura do bairro Venda das Pedras e retornaram ao ponto inicial. J\u00e1 o percurso da caminhada foi at\u00e9 o bairro Nova Cidade.<\/p>\n\n\n\n<p>O secret\u00e1rio municipal de Esporte e Lazer, Marcelo Leite, tamb\u00e9m comemorou o sucesso do evento.<\/p>\n\n\n\n<p>\u201cA pr\u00e1tica esportiva \u00e9 essencial para o desenvolvimento humano e social. Essa corrida representa mais do que um evento: \u00e9 um s\u00edmbolo de uni\u00e3o, sa\u00fade e supera\u00e7\u00e3o. Agrade\u00e7o a todos que tornaram esse momento poss\u00edvel, desde os atletas at\u00e9 as equipes de apoio\u201d, destacou o secret\u00e1rio.<\/p>\n\n\n\n<p>Durante todo o percurso, os participantes contaram com pontos de hidrata\u00e7\u00e3o posicionados estrategicamente e o apoio da Guarda Municipal e do SAMU, que garantiram a seguran\u00e7a e o suporte necess\u00e1rio durante o trajeto.<\/p>\n\n\n\n<p>Ao final das provas, os tr\u00eas primeiros colocados nas categorias de 5 km e 10 km foram premiados com medalhas e trof\u00e9us entregues pelas autoridades presentes.<\/p>\n\n\n\n<p>A grande campe\u00e3 da prova de 10 km foi Fabia D\u00e1lia, moradora de Guapimirim, que elogiou a iniciativa.<\/p>\n\n\n\n<p>\u201cA iniciativa foi exemplar. Sou profissional de Educa\u00e7\u00e3o F\u00edsica e acredito que movimento gera movimento. Eventos como esse promovem sa\u00fade, qualidade de vida e integra\u00e7\u00e3o social. Foi maravilhoso, com percursos variados que atendem todos os n\u00edveis. Parab\u00e9ns \u00e0 organiza\u00e7\u00e3o\u201d, disse a atleta.<\/p>\n\n\n\n<p>A 4\u00aa Corrida e Caminhada de Anivers\u00e1rio da Cidade integra o calend\u00e1rio comemorativo pelos 192 anos de Itabora\u00ed. Ao longo do m\u00eas de maio, diversos eventos est\u00e3o sendo realizados, tendo como ponto alto as cinco noites de shows com grandes nomes da m\u00fasica brasileira como Thalles Roberto, Menos \u00e9 Mais, Pagode do Adame, Dilsinho, Gustavo Mioto, Ana Castela e Belo.<\/p>\n\n\n\n<p><strong><em>S\u00e3o Gon\u00e7alo vai mudar: Not\u00edcias de S\u00e3o Gon\u00e7alo e toda regi\u00e3o.<\/em><\/strong><\/p>\n\n\n\n<figure class=\"wp-block-image size-large\"><img decoding=\"async\" width=\"1024\" height=\"252\" src=\"https:\/\/sgvaimudar.com.br\/wp-content\/uploads\/2025\/03\/Anuncie-Aqui-Sao-Goncalo-vai-mudar-1024x252.jpg\" alt=\"\" class=\"wp-image-22693\" srcset=\"https:\/\/sgvaimudar.com.br\/wp-content\/uploads\/2025\/03\/Anuncie-Aqui-Sao-Goncalo-vai-mudar-1024x252.jpg 1024w, https:\/\/sgvaimudar.com.br\/wp-content\/uploads\/2025\/03\/Anuncie-Aqui-Sao-Goncalo-vai-mudar-300x74.jpg 300w, https:\/\/sgvaimudar.com.br\/wp-content\/uploads\/2025\/03\/Anuncie-Aqui-Sao-Goncalo-vai-mudar-768x189.jpg 768w, https:\/\/sgvaimudar.com.br\/wp-content\/uploads\/2025\/03\/Anuncie-Aqui-Sao-Goncalo-vai-mudar-1536x378.jpg 1536w, https:\/\/sgvaimudar.com.br\/wp-content\/uploads\/2025\/03\/Anuncie-Aqui-Sao-Goncalo-vai-mudar-2048x504.jpg 2048w\" sizes=\"(max-width: 1024px) 100vw, 1024px\" \/><\/figure>\n","protected":false},"excerpt":{"rendered":"<p>Evento reuniu mais de 10 mil pessoas na Avenida 22 de Maio Um mar de gente tomou a Avenida 22&hellip;<\/p>\n","protected":false},"author":5,"featured_media":25225,"comment_status":"open","ping_status":"open","sticky":false,"template":"","format":"standard","meta":{"fifu_image_url":"","fifu_image_alt":"","footnotes":""},"categories":[6],"tags":[],"class_list":["post-25223","post","type-post","status-publish","format-standard","has-post-thumbnail","hentry","category-entretenimento"],"_links":{"self":[{"href":"https:\/\/sgvaimudar.com.br\/index.php\/wp-json\/wp\/v2\/posts\/25223","targetHints":{"allow":["GET"]}}],"collection":[{"href":"https:\/\/sgvaimudar.com.br\/index.php\/wp-json\/wp\/v2\/posts"}],"about":[{"href":"https:\/\/sgvaimudar.com.br\/index.php\/wp-json\/wp\/v2\/types\/post"}],"author":[{"embeddable":true,"href":"https:\/\/sgvaimudar.com.br\/index.php\/wp-json\/wp\/v2\/users\/5"}],"replies":[{"embeddable":true,"href":"https:\/\/sgvaimudar.com.br\/index.php\/wp-json\/wp\/v2\/comments?post=25223"}],"version-history":[{"count":1,"href":"https:\/\/sgvaimudar.com.br\/index.php\/wp-json\/wp\/v2\/posts\/25223\/revisions"}],"predecessor-version":[{"id":25226,"href":"https:\/\/sgvaimudar.com.br\/index.php\/wp-json\/wp\/v2\/posts\/25223\/revisions\/25226"}],"wp:featuredmedia":[{"embeddable":true,"href":"https:\/\/sgvaimudar.com.br\/index.php\/wp-json\/wp\/v2\/media\/25225"}],"wp:attachment":[{"href":"https:\/\/sgvaimudar.com.br\/index.php\/wp-json\/wp\/v2\/media?parent=25223"}],"wp:term":[{"taxonomy":"category","embeddable":true,"href":"https:\/\/sgvaimudar.com.br\/index.php\/wp-json\/wp\/v2\/categories?post=25223"},{"taxonomy":"post_tag","embeddable":true,"href":"https:\/\/sgvaimudar.com.br\/index.php\/wp-json\/wp\/v2\/tags?post=25223"}],"curies":[{"name":"wp","href":"https:\/\/api.w.org\/{rel}","templated":true}]}}