{"id":25220,"date":"2025-05-19T13:00:00","date_gmt":"2025-05-19T16:00:00","guid":{"rendered":"https:\/\/sgvaimudar.com.br\/?p=25220"},"modified":"2025-05-19T09:32:23","modified_gmt":"2025-05-19T12:32:23","slug":"em-marica-alunos-sao-transformados-em-autoridades-atraves-do-projeto-guarda-mirim-nas-escolas-municipais","status":"publish","type":"post","link":"https:\/\/sgvaimudar.com.br\/index.php\/2025\/05\/19\/em-marica-alunos-sao-transformados-em-autoridades-atraves-do-projeto-guarda-mirim-nas-escolas-municipais\/","title":{"rendered":"Em Maric\u00e1, alunos s\u00e3o transformados em autoridades atrav\u00e9s do projeto \u201cGuarda Mirim\u201d nas escolas municipais"},"content":{"rendered":"\n<p><em>Iniciativa leva forma\u00e7\u00e3o cidad\u00e3 a alunos do 4\u00ba ano com foco em valores como disciplina, responsabilidade e cultura de paz<\/em><em><\/em><\/p>\n\n\n\n<p>A Prefeitura de Maric\u00e1, por meio da Secretaria de Seguran\u00e7a Cidad\u00e3 em parceria com a pasta de Educa\u00e7\u00e3o, lan\u00e7ou o projeto \u201cGuarda Mirim\u201d, voltado \u00e0 forma\u00e7\u00e3o cidad\u00e3 de crian\u00e7as da rede p\u00fablica municipal. A iniciativa prop\u00f5e atividades educativas que refor\u00e7am valores como disciplina, respeito, responsabilidade e cidadania, contribuindo para o desenvolvimento de uma postura \u00e9tica e participativa desde a inf\u00e2ncia.<\/p>\n\n\n\n<p>Nesta fase inicial, o projeto atende alunos com idade m\u00e9dia entre 9 e 10 anos de duas unidades da rede municipal: Escola Municipal Professora Dilza da Silva S\u00e1 Rego, em Ponta Negra, e a Escola Municipal Sampaio Cartaxo, em Itaocaia Valley (Itaipua\u00e7u). As atividades ocorrem semanalmente \u2013 \u00e0s ter\u00e7as-feiras na unidade de Ponta Negra e \u00e0s quintas-feiras na escola de Itaocaia.<\/p>\n\n\n\n<p>A programa\u00e7\u00e3o inclui temas como educa\u00e7\u00e3o ambiental, educa\u00e7\u00e3o para o tr\u00e2nsito, blitz educativa, educa\u00e7\u00e3o tur\u00edstica e hist\u00f3rica, identifica\u00e7\u00e3o de sinais de viol\u00eancia dom\u00e9stica e cultura de paz no ambiente escolar. Os conte\u00fados s\u00e3o desenvolvidos de forma l\u00fadica e reflexiva, estimulando o pensamento cr\u00edtico e a responsabilidade social dos participantes.<\/p>\n\n\n\n<p>A primeira etapa do \u201cGuarda Mirim\u201d come\u00e7ou no dia 13 de maio e segue at\u00e9 7 de agosto, marcando o compromisso da Guarda Municipal com a forma\u00e7\u00e3o de cidad\u00e3os conscientes, solid\u00e1rios e preparados para os desafios do cotidiano.<\/p>\n\n\n\n<p><em>Foto: Divulga\u00e7\u00e3o<\/em><\/p>\n\n\n\n<p><strong><em>Fa\u00e7a sua den\u00fancia pelo nosso WhatsApp: (21) <\/em><\/strong><strong><em>99744 5345<\/em><\/strong><strong><em><\/em><\/strong><\/p>\n\n\n\n<p><strong><em>S\u00e3o Gon\u00e7alo vai mudar: Not\u00edcias de S\u00e3o Gon\u00e7alo e toda regi\u00e3o.<\/em><\/strong><\/p>\n\n\n\n<figure class=\"wp-block-image size-large\"><img fetchpriority=\"high\" decoding=\"async\" width=\"1024\" height=\"252\" src=\"https:\/\/sgvaimudar.com.br\/wp-content\/uploads\/2023\/10\/Anuncie-Aqui-Sao-Goncalo-vai-mudar-2-1024x252.jpg\" alt=\"\" class=\"wp-image-3625\" srcset=\"https:\/\/sgvaimudar.com.br\/wp-content\/uploads\/2023\/10\/Anuncie-Aqui-Sao-Goncalo-vai-mudar-2-1024x252.jpg 1024w, https:\/\/sgvaimudar.com.br\/wp-content\/uploads\/2023\/10\/Anuncie-Aqui-Sao-Goncalo-vai-mudar-2-300x74.jpg 300w, https:\/\/sgvaimudar.com.br\/wp-content\/uploads\/2023\/10\/Anuncie-Aqui-Sao-Goncalo-vai-mudar-2-768x189.jpg 768w, https:\/\/sgvaimudar.com.br\/wp-content\/uploads\/2023\/10\/Anuncie-Aqui-Sao-Goncalo-vai-mudar-2-1536x378.jpg 1536w, https:\/\/sgvaimudar.com.br\/wp-content\/uploads\/2023\/10\/Anuncie-Aqui-Sao-Goncalo-vai-mudar-2-2048x504.jpg 2048w\" sizes=\"(max-width: 1024px) 100vw, 1024px\" \/><\/figure>\n","protected":false},"excerpt":{"rendered":"<p>Iniciativa leva forma\u00e7\u00e3o cidad\u00e3 a alunos do 4\u00ba ano com foco em valores como disciplina, responsabilidade e cultura de paz&hellip;<\/p>\n","protected":false},"author":5,"featured_media":25221,"comment_status":"open","ping_status":"open","sticky":false,"template":"","format":"standard","meta":{"fifu_image_url":"","fifu_image_alt":"","footnotes":""},"categories":[32],"tags":[],"class_list":["post-25220","post","type-post","status-publish","format-standard","has-post-thumbnail","hentry","category-casos-de-policia"],"_links":{"self":[{"href":"https:\/\/sgvaimudar.com.br\/index.php\/wp-json\/wp\/v2\/posts\/25220","targetHints":{"allow":["GET"]}}],"collection":[{"href":"https:\/\/sgvaimudar.com.br\/index.php\/wp-json\/wp\/v2\/posts"}],"about":[{"href":"https:\/\/sgvaimudar.com.br\/index.php\/wp-json\/wp\/v2\/types\/post"}],"author":[{"embeddable":true,"href":"https:\/\/sgvaimudar.com.br\/index.php\/wp-json\/wp\/v2\/users\/5"}],"replies":[{"embeddable":true,"href":"https:\/\/sgvaimudar.com.br\/index.php\/wp-json\/wp\/v2\/comments?post=25220"}],"version-history":[{"count":1,"href":"https:\/\/sgvaimudar.com.br\/index.php\/wp-json\/wp\/v2\/posts\/25220\/revisions"}],"predecessor-version":[{"id":25222,"href":"https:\/\/sgvaimudar.com.br\/index.php\/wp-json\/wp\/v2\/posts\/25220\/revisions\/25222"}],"wp:featuredmedia":[{"embeddable":true,"href":"https:\/\/sgvaimudar.com.br\/index.php\/wp-json\/wp\/v2\/media\/25221"}],"wp:attachment":[{"href":"https:\/\/sgvaimudar.com.br\/index.php\/wp-json\/wp\/v2\/media?parent=25220"}],"wp:term":[{"taxonomy":"category","embeddable":true,"href":"https:\/\/sgvaimudar.com.br\/index.php\/wp-json\/wp\/v2\/categories?post=25220"},{"taxonomy":"post_tag","embeddable":true,"href":"https:\/\/sgvaimudar.com.br\/index.php\/wp-json\/wp\/v2\/tags?post=25220"}],"curies":[{"name":"wp","href":"https:\/\/api.w.org\/{rel}","templated":true}]}}