{"id":25218,"date":"2025-05-19T11:00:00","date_gmt":"2025-05-19T14:00:00","guid":{"rendered":"https:\/\/sgvaimudar.com.br\/?p=25218"},"modified":"2025-05-19T09:26:44","modified_gmt":"2025-05-19T12:26:44","slug":"vitimas-de-roubo-ou-furto-de-veiculo-estao-isentas-do-pagamento-de-taxas-de-reboque-e-permanencia-em-patios","status":"publish","type":"post","link":"https:\/\/sgvaimudar.com.br\/index.php\/2025\/05\/19\/vitimas-de-roubo-ou-furto-de-veiculo-estao-isentas-do-pagamento-de-taxas-de-reboque-e-permanencia-em-patios\/","title":{"rendered":"V\u00edtimas de roubo ou furto de ve\u00edculo est\u00e3o isentas do pagamento de taxas de reboque e perman\u00eancia em p\u00e1tios"},"content":{"rendered":"\n<p><em>A iniciativa do governo faz parte de um conjunto de a\u00e7\u00f5es para tornar o sistema de seguran\u00e7a p\u00fablica mais eficiente \u00e0 popula\u00e7\u00e3o fluminense<\/em><\/p>\n\n\n\n<p>O Governo do Estado do Rio de Janeiro, por meio da Secretaria de Seguran\u00e7a P\u00fablica, anunciou uma importante medida em benef\u00edcio das v\u00edtimas de roubo ou furto de ve\u00edculos. A partir de agora, os propriet\u00e1rios n\u00e3o ter\u00e3o mais que arcar com as taxas de reboque, transporte e perman\u00eancia em p\u00e1tios p\u00fablicos ou privados ap\u00f3s a recupera\u00e7\u00e3o do bem.<\/p>\n\n\n\n<p>A nova regulamenta\u00e7\u00e3o revoga a norma anterior, que impunha \u00e0s v\u00edtimas a responsabilidade pelo pagamento desses custos, mesmo ap\u00f3s terem passado pelo crime. Com a mudan\u00e7a, ficam isentas todas as despesas referentes ao recolhimento, transporte, guarda e restitui\u00e7\u00e3o de ve\u00edculos localizados pelas autoridades e encaminhados a dep\u00f3sitos.<\/p>\n\n\n\n<p>&#8211;&nbsp; O Governo do estado est\u00e1 sempre em busca de mudan\u00e7as para aprimorar a presta\u00e7\u00e3o de servi\u00e7os p\u00fablicos. A medida faz parte de um conjunto de a\u00e7\u00f5es para tornar o sistema de seguran\u00e7a p\u00fablica mais eficiente, justo e acess\u00edvel \u00e0 popula\u00e7\u00e3o fluminense &#8211; destacou o governador Cl\u00e1udio Castro.<\/p>\n\n\n\n<p>De acordo com a nova regra, caber\u00e1 ao \u00f3rg\u00e3o ou \u00e0 empresa respons\u00e1vel pelo p\u00e1tio comunicar ao propriet\u00e1rio sobre a recupera\u00e7\u00e3o do ve\u00edculo, fornecendo as informa\u00e7\u00f5es da Guia de Recolhimento de Ve\u00edculo, do registro de ocorr\u00eancia de recupera\u00e7\u00e3o e do local onde o bem est\u00e1 armazenado.<\/p>\n\n\n\n<p>&#8211;&nbsp; Nosso compromisso \u00e9 com a justi\u00e7a e o respeito \u00e0 popula\u00e7\u00e3o. Essa medida corrige uma distor\u00e7\u00e3o e garante que as v\u00edtimas n\u00e3o sejam duplamente prejudicadas &#8211; afirmou o secret\u00e1rio de Seguran\u00e7a P\u00fablica, Victor dos Santos.<\/p>\n\n\n\n<p>Para reaver o ve\u00edculo, o propriet\u00e1rio dever\u00e1 apresentar os seguintes documentos: certificado de propriedade ou recibo de compra e venda, documento de identidade, boletim de ocorr\u00eancia, guia oficial de libera\u00e7\u00e3o emitida pelo Detran-RJ e comprovante de quita\u00e7\u00e3o do IPVA. A libera\u00e7\u00e3o ser\u00e1 feita na Delegacia de Roubos e Furtos de Autom\u00f3veis (DRFA), de segunda a sexta-feira, das 9h \u00e0s 17h.<\/p>\n\n\n\n<p><strong><em>Fa\u00e7a sua den\u00fancia pelo nosso WhatsApp: (21) <\/em><\/strong><strong><em>99744 5345<\/em><\/strong><strong><em><\/em><\/strong><\/p>\n\n\n\n<p><strong><em>S\u00e3o Gon\u00e7alo vai mudar: Not\u00edcias de S\u00e3o Gon\u00e7alo e toda regi\u00e3o.<\/em><\/strong><\/p>\n\n\n\n<figure class=\"wp-block-image size-large\"><img fetchpriority=\"high\" decoding=\"async\" width=\"1024\" height=\"252\" src=\"https:\/\/sgvaimudar.com.br\/wp-content\/uploads\/2025\/03\/Anuncie-Aqui-Sao-Goncalo-vai-mudar-1024x252.jpg\" alt=\"\" class=\"wp-image-22693\" srcset=\"https:\/\/sgvaimudar.com.br\/wp-content\/uploads\/2025\/03\/Anuncie-Aqui-Sao-Goncalo-vai-mudar-1024x252.jpg 1024w, https:\/\/sgvaimudar.com.br\/wp-content\/uploads\/2025\/03\/Anuncie-Aqui-Sao-Goncalo-vai-mudar-300x74.jpg 300w, https:\/\/sgvaimudar.com.br\/wp-content\/uploads\/2025\/03\/Anuncie-Aqui-Sao-Goncalo-vai-mudar-768x189.jpg 768w, https:\/\/sgvaimudar.com.br\/wp-content\/uploads\/2025\/03\/Anuncie-Aqui-Sao-Goncalo-vai-mudar-1536x378.jpg 1536w, https:\/\/sgvaimudar.com.br\/wp-content\/uploads\/2025\/03\/Anuncie-Aqui-Sao-Goncalo-vai-mudar-2048x504.jpg 2048w\" sizes=\"(max-width: 1024px) 100vw, 1024px\" \/><\/figure>\n","protected":false},"excerpt":{"rendered":"<p>A iniciativa do governo faz parte de um conjunto de a\u00e7\u00f5es para tornar o sistema de seguran\u00e7a p\u00fablica mais eficiente&hellip;<\/p>\n","protected":false},"author":5,"featured_media":0,"comment_status":"open","ping_status":"open","sticky":false,"template":"","format":"standard","meta":{"fifu_image_url":"","fifu_image_alt":"","footnotes":""},"categories":[1],"tags":[],"class_list":["post-25218","post","type-post","status-publish","format-standard","hentry","category-mundo"],"_links":{"self":[{"href":"https:\/\/sgvaimudar.com.br\/index.php\/wp-json\/wp\/v2\/posts\/25218","targetHints":{"allow":["GET"]}}],"collection":[{"href":"https:\/\/sgvaimudar.com.br\/index.php\/wp-json\/wp\/v2\/posts"}],"about":[{"href":"https:\/\/sgvaimudar.com.br\/index.php\/wp-json\/wp\/v2\/types\/post"}],"author":[{"embeddable":true,"href":"https:\/\/sgvaimudar.com.br\/index.php\/wp-json\/wp\/v2\/users\/5"}],"replies":[{"embeddable":true,"href":"https:\/\/sgvaimudar.com.br\/index.php\/wp-json\/wp\/v2\/comments?post=25218"}],"version-history":[{"count":1,"href":"https:\/\/sgvaimudar.com.br\/index.php\/wp-json\/wp\/v2\/posts\/25218\/revisions"}],"predecessor-version":[{"id":25219,"href":"https:\/\/sgvaimudar.com.br\/index.php\/wp-json\/wp\/v2\/posts\/25218\/revisions\/25219"}],"wp:attachment":[{"href":"https:\/\/sgvaimudar.com.br\/index.php\/wp-json\/wp\/v2\/media?parent=25218"}],"wp:term":[{"taxonomy":"category","embeddable":true,"href":"https:\/\/sgvaimudar.com.br\/index.php\/wp-json\/wp\/v2\/categories?post=25218"},{"taxonomy":"post_tag","embeddable":true,"href":"https:\/\/sgvaimudar.com.br\/index.php\/wp-json\/wp\/v2\/tags?post=25218"}],"curies":[{"name":"wp","href":"https:\/\/api.w.org\/{rel}","templated":true}]}}