{"id":25208,"date":"2025-05-19T10:00:00","date_gmt":"2025-05-19T13:00:00","guid":{"rendered":"https:\/\/sgvaimudar.com.br\/?p=25208"},"modified":"2025-05-19T08:36:06","modified_gmt":"2025-05-19T11:36:06","slug":"1o-passeio-ciclistico-do-muvi-e-um-sucesso-e-reune-mais-de-800-pessoas","status":"publish","type":"post","link":"https:\/\/sgvaimudar.com.br\/index.php\/2025\/05\/19\/1o-passeio-ciclistico-do-muvi-e-um-sucesso-e-reune-mais-de-800-pessoas\/","title":{"rendered":"1\u00ba Passeio Cicl\u00edstico do Muvi \u00e9 um sucesso e re\u00fane mais de 800 pessoas"},"content":{"rendered":"\n<p><em>Evento celebrou o maior projeto de mobilidade urbana da cidade e incentiva o uso da bicicleta como meio de transporte<\/em><\/p>\n\n\n\n<p>O munic\u00edpio de S\u00e3o Gon\u00e7alo, neste domingo (18), deu um importante passo rumo \u00e0 transforma\u00e7\u00e3o da mobilidade urbana com a realiza\u00e7\u00e3o do 1\u00ba Passeio Cicl\u00edstico do Muvi (Mobilidade Urbana Verde Integrada). O evento reuniu mais de 800 ciclistas, entre fam\u00edlias, atletas amadores e apaixonados por bicicleta, que percorreram os 3,7 km de trajeto entre o Clube Mau\u00e1, no bairro Estrela do Norte, e a Pra\u00e7a dos Ex-Combatentes, no Patronato.<\/p>\n\n\n\n<p>A a\u00e7\u00e3o celebrou a implanta\u00e7\u00e3o da infraestrutura ciclovi\u00e1ria do Muvi, o maior projeto de mobilidade urbana j\u00e1 realizado em S\u00e3o Gon\u00e7alo, com investimento de R$ 287 milh\u00f5es, fruto de uma parceria entre o Governo do Estado do Rio de Janeiro, por meio da Secretaria das Cidades, e a Prefeitura de S\u00e3o Gon\u00e7alo.<\/p>\n\n\n\n<figure class=\"wp-block-image size-large\"><img fetchpriority=\"high\" decoding=\"async\" width=\"1024\" height=\"684\" src=\"https:\/\/sgvaimudar.com.br\/wp-content\/uploads\/2025\/05\/unnamed-1-14-1024x684.jpg\" alt=\"\" class=\"wp-image-25209\" srcset=\"https:\/\/sgvaimudar.com.br\/wp-content\/uploads\/2025\/05\/unnamed-1-14-1024x684.jpg 1024w, https:\/\/sgvaimudar.com.br\/wp-content\/uploads\/2025\/05\/unnamed-1-14-300x200.jpg 300w, https:\/\/sgvaimudar.com.br\/wp-content\/uploads\/2025\/05\/unnamed-1-14-768x513.jpg 768w, https:\/\/sgvaimudar.com.br\/wp-content\/uploads\/2025\/05\/unnamed-1-14-1536x1027.jpg 1536w, https:\/\/sgvaimudar.com.br\/wp-content\/uploads\/2025\/05\/unnamed-1-14.jpg 1616w\" sizes=\"(max-width: 1024px) 100vw, 1024px\" \/><\/figure>\n\n\n\n<p>\u201cHoje \u00e9 um dia hist\u00f3rico para S\u00e3o Gon\u00e7alo. Estamos realizando o primeiro passeio cicl\u00edstico do Muvi, o maior projeto de mobilidade urbana da nossa cidade, fruto de uma parceria com o Governo do Estado do Rio de Janeiro, e eu agrade\u00e7o muito ao governador Cl\u00e1udio Castro por isso. Estamos falando do maior investimento em infraestrutura do Estado. O Muvi representa uma mudan\u00e7a real na vida dos gon\u00e7alenses. E nada melhor do que esse passeio de hoje para marcar o in\u00edcio de um novo tempo na nossa cidade. E n\u00e3o tem muita conversa n\u00e3o, bora pedalar\u201d, afirmou, entusiasmado, o prefeito Capit\u00e3o Nelson, ao lado do vice-prefeito, Jo\u00e3o Ventura e do deputado federal Altineu Cortes.\u00a0<\/p>\n\n\n\n<figure class=\"wp-block-image size-large\"><img decoding=\"async\" width=\"1024\" height=\"684\" src=\"https:\/\/sgvaimudar.com.br\/wp-content\/uploads\/2025\/05\/unnamed-3-13-1024x684.jpg\" alt=\"\" class=\"wp-image-25210\" srcset=\"https:\/\/sgvaimudar.com.br\/wp-content\/uploads\/2025\/05\/unnamed-3-13-1024x684.jpg 1024w, https:\/\/sgvaimudar.com.br\/wp-content\/uploads\/2025\/05\/unnamed-3-13-300x200.jpg 300w, https:\/\/sgvaimudar.com.br\/wp-content\/uploads\/2025\/05\/unnamed-3-13-768x513.jpg 768w, https:\/\/sgvaimudar.com.br\/wp-content\/uploads\/2025\/05\/unnamed-3-13-1536x1027.jpg 1536w, https:\/\/sgvaimudar.com.br\/wp-content\/uploads\/2025\/05\/unnamed-3-13.jpg 1616w\" sizes=\"(max-width: 1024px) 100vw, 1024px\" \/><\/figure>\n\n\n\n<p>O projeto foi elaborado pela Secretaria Municipal de Gest\u00e3o Integrada e Projetos Especiais (Semgipe) e prev\u00ea a cria\u00e7\u00e3o de um corredor vi\u00e1rio de 18 km de extens\u00e3o, com pistas preferenciais para \u00f4nibus, ciclovias e interven\u00e7\u00f5es urban\u00edsticas e de paisagismo, ligando os bairros de Neves a Guaxindiba.<\/p>\n\n\n\n<p>\u201cEste passeio cicl\u00edstico \u00e9 uma oportunidade \u00edmpar de contemplarmos tudo que vem acontecendo em nosso Estado e munic\u00edpio sob a lideran\u00e7a do governador Cl\u00e1udio Castro. Essa obra era esperada h\u00e1 muito tempo em S\u00e3o Gon\u00e7alo e conseguimos trazer este investimento que vai gerar mais mobilidade e qualidade de vida para a popula\u00e7\u00e3o, com um corredor vi\u00e1rio novo e 18 km de ciclovia\u201d, destacou o secret\u00e1rio de Estado das Cidades, Douglas Ruas.<\/p>\n\n\n\n<p>Al\u00e9m de apresentar \u00e0 popula\u00e7\u00e3o o projeto e sua import\u00e2ncia para a cidade, o passeio teve como objetivo fomentar o uso da bicicleta como meio de transporte sustent\u00e1vel e promover h\u00e1bitos saud\u00e1veis. A programa\u00e7\u00e3o incluiu orienta\u00e7\u00f5es sobre o trajeto por carro de som, sorteio de bicicletas e capacetes, distribui\u00e7\u00e3o de medalhas e brindes.&nbsp;<\/p>\n\n\n\n<p>O evento tamb\u00e9m trouxe um olhar sobre a hist\u00f3ria da cidade, com pain\u00e9is ilustrativos ao longo do trajeto criados pela equipe do projeto Cidade Ilustrada. O artista Marcelo Eco, nascido em S\u00e3o Gon\u00e7alo e conhecido por suas obras espalhadas pela cidade, participou do evento e guiou os ciclistas, comentando sobre os murais e a import\u00e2ncia da arte urbana na valoriza\u00e7\u00e3o da identidade local.<\/p>\n\n\n\n<p>\u201cQuero agradecer imensamente ao secret\u00e1rio das Cidades, Douglas Ruas, que tem sido um grande parceiro nesse trabalho de transforma\u00e7\u00e3o que estamos vivendo em S\u00e3o Gon\u00e7alo. Esse passeio cicl\u00edstico \u00e9 muito mais do que um evento, ele representa o in\u00edcio de um novo momento para o esporte na nossa cidade. O nosso objetivo \u00e9 justamente fomentar a pr\u00e1tica esportiva, promover qualidade de vida e ocupar os espa\u00e7os p\u00fablicos com sa\u00fade, alegria e integra\u00e7\u00e3o. Esse \u00e9 o primeiro de muitos passeios que ainda vir\u00e3o\u201d, afirmou o secret\u00e1rio municipal de Esporte e Lazer, Bruno Porto.<\/p>\n\n\n\n<p>Entre os participantes, hist\u00f3rias emocionantes tamb\u00e9m se destacaram, como a do casal Ednaldo e Vanessa Maciel, que se conheceram pedalando e agora compartilham o amor pelo ciclismo com o filho de 8 meses, Gustavo.<\/p>\n\n\n\n<p>\u201cPrimeiramente, parab\u00e9ns pelo evento. \u00c9 muito bom ver esse tipo de iniciativa acontecendo na nossa cidade. N\u00f3s temos uma hist\u00f3ria especial com o ciclismo, nos conhecemos pedalando, e hoje estamos tendo a alegria de trazer o nosso filho, o Gustavo, de apenas 8 meses, para o seu primeiro passeio cicl\u00edstico. E o mais incr\u00edvel \u00e9 que ele nasceu justamente no Dia Nacional do Ciclista! Ent\u00e3o, a nossa hist\u00f3ria gira mesmo em torno da bike. A Vanessa, inclusive, pedalou at\u00e9 os tr\u00eas meses de gesta\u00e7\u00e3o sem saber que j\u00e1 estava gr\u00e1vida, ent\u00e3o o amor pela bicicleta j\u00e1 vem de ber\u00e7o. Quando soubemos do passeio na nossa cidade, corremos para comprar uma cadeirinha, porque a gente n\u00e3o podia deix\u00e1-lo de fora desse momento t\u00e3o especial\u201d, afirmaram.<\/p>\n\n\n\n<p>A iniciativa \u00e9 uma realiza\u00e7\u00e3o da Prefeitura de S\u00e3o Gon\u00e7alo, por meio da Secretaria de Esporte e Lazer, em parceria com o Governo do Estado do Rio de Janeiro, atrav\u00e9s da Secretaria das Cidades, e contou com o apoio da \u00c1guas do Rio, SEST\/SENAT e Ita\u00fa.<\/p>\n\n\n\n<p><em>Foto: Renan Otto<\/em><\/p>\n\n\n\n<p><strong><em>S\u00e3o Gon\u00e7alo vai mudar: Not\u00edcias de S\u00e3o Gon\u00e7alo e toda regi\u00e3o.<\/em><\/strong><\/p>\n\n\n\n<figure class=\"wp-block-image size-large\"><img decoding=\"async\" width=\"1024\" height=\"252\" src=\"https:\/\/sgvaimudar.com.br\/wp-content\/uploads\/2023\/10\/Anuncie-Aqui-Sao-Goncalo-vai-mudar-2-1024x252.jpg\" alt=\"\" class=\"wp-image-3625\" srcset=\"https:\/\/sgvaimudar.com.br\/wp-content\/uploads\/2023\/10\/Anuncie-Aqui-Sao-Goncalo-vai-mudar-2-1024x252.jpg 1024w, https:\/\/sgvaimudar.com.br\/wp-content\/uploads\/2023\/10\/Anuncie-Aqui-Sao-Goncalo-vai-mudar-2-300x74.jpg 300w, https:\/\/sgvaimudar.com.br\/wp-content\/uploads\/2023\/10\/Anuncie-Aqui-Sao-Goncalo-vai-mudar-2-768x189.jpg 768w, https:\/\/sgvaimudar.com.br\/wp-content\/uploads\/2023\/10\/Anuncie-Aqui-Sao-Goncalo-vai-mudar-2-1536x378.jpg 1536w, https:\/\/sgvaimudar.com.br\/wp-content\/uploads\/2023\/10\/Anuncie-Aqui-Sao-Goncalo-vai-mudar-2-2048x504.jpg 2048w\" sizes=\"(max-width: 1024px) 100vw, 1024px\" \/><\/figure>\n","protected":false},"excerpt":{"rendered":"<p>Evento celebrou o maior projeto de mobilidade urbana da cidade e incentiva o uso da bicicleta como meio de transporte&hellip;<\/p>\n","protected":false},"author":5,"featured_media":25211,"comment_status":"open","ping_status":"open","sticky":false,"template":"","format":"standard","meta":{"fifu_image_url":"","fifu_image_alt":"","footnotes":""},"categories":[3],"tags":[],"class_list":["post-25208","post","type-post","status-publish","format-standard","has-post-thumbnail","hentry","category-sao-goncalo"],"_links":{"self":[{"href":"https:\/\/sgvaimudar.com.br\/index.php\/wp-json\/wp\/v2\/posts\/25208","targetHints":{"allow":["GET"]}}],"collection":[{"href":"https:\/\/sgvaimudar.com.br\/index.php\/wp-json\/wp\/v2\/posts"}],"about":[{"href":"https:\/\/sgvaimudar.com.br\/index.php\/wp-json\/wp\/v2\/types\/post"}],"author":[{"embeddable":true,"href":"https:\/\/sgvaimudar.com.br\/index.php\/wp-json\/wp\/v2\/users\/5"}],"replies":[{"embeddable":true,"href":"https:\/\/sgvaimudar.com.br\/index.php\/wp-json\/wp\/v2\/comments?post=25208"}],"version-history":[{"count":1,"href":"https:\/\/sgvaimudar.com.br\/index.php\/wp-json\/wp\/v2\/posts\/25208\/revisions"}],"predecessor-version":[{"id":25212,"href":"https:\/\/sgvaimudar.com.br\/index.php\/wp-json\/wp\/v2\/posts\/25208\/revisions\/25212"}],"wp:featuredmedia":[{"embeddable":true,"href":"https:\/\/sgvaimudar.com.br\/index.php\/wp-json\/wp\/v2\/media\/25211"}],"wp:attachment":[{"href":"https:\/\/sgvaimudar.com.br\/index.php\/wp-json\/wp\/v2\/media?parent=25208"}],"wp:term":[{"taxonomy":"category","embeddable":true,"href":"https:\/\/sgvaimudar.com.br\/index.php\/wp-json\/wp\/v2\/categories?post=25208"},{"taxonomy":"post_tag","embeddable":true,"href":"https:\/\/sgvaimudar.com.br\/index.php\/wp-json\/wp\/v2\/tags?post=25208"}],"curies":[{"name":"wp","href":"https:\/\/api.w.org\/{rel}","templated":true}]}}