{"id":25182,"date":"2025-05-18T16:18:24","date_gmt":"2025-05-18T19:18:24","guid":{"rendered":"https:\/\/sgvaimudar.com.br\/?p=25182"},"modified":"2025-05-18T16:20:07","modified_gmt":"2025-05-18T19:20:07","slug":"1-passeio-ciclistico-do-muvi-leva-esporte-e-sustentabilidade-a-sao-goncalo","status":"publish","type":"post","link":"https:\/\/sgvaimudar.com.br\/index.php\/2025\/05\/18\/1-passeio-ciclistico-do-muvi-leva-esporte-e-sustentabilidade-a-sao-goncalo\/","title":{"rendered":"1\u00b0 Passeio Cicl\u00edstico do Muvi leva esporte e sustentabilidade \u00e0 S\u00e3o Gon\u00e7alo"},"content":{"rendered":"\n<p><em>Obra do Governo do Rio vai contar com 18 km de ciclovia<\/em><\/p>\n\n\n\n<p>Em clima de empolga\u00e7\u00e3o, o 1\u00ba Passeio Cicl\u00edstico do Muvi (Mobilidade Urbana Verde Integrada) reuniu mais de 800 ciclistas amadores na manh\u00e3 deste domingo, 18, em S\u00e3o Gon\u00e7alo. A iniciativa aconteceu no trajeto do projeto urban\u00edstico e de mobilidade urbana que est\u00e1 sendo constru\u00eddo no eixo central da cidade com mais de 18 km de extens\u00e3o.<\/p>\n\n\n\n<p>Desde a concentra\u00e7\u00e3o no Clube Mau\u00e1, no bairro Estrela do Norte, os ciclistas se mostravam felizes com a chance de participar do evento e de incentivar o uso das bicicletas em toda a cidade. O trajeto passou por parte da ciclovia do Muvi, j\u00e1 liberada ao p\u00fablico.<\/p>\n\n\n\n<figure class=\"wp-block-image size-large\"><img fetchpriority=\"high\" decoding=\"async\" width=\"1024\" height=\"684\" src=\"https:\/\/sgvaimudar.com.br\/wp-content\/uploads\/2025\/05\/WhatsApp-Image-2025-05-18-at-13.53.56-1-1024x684.jpeg\" alt=\"\" class=\"wp-image-25184\" srcset=\"https:\/\/sgvaimudar.com.br\/wp-content\/uploads\/2025\/05\/WhatsApp-Image-2025-05-18-at-13.53.56-1-1024x684.jpeg 1024w, https:\/\/sgvaimudar.com.br\/wp-content\/uploads\/2025\/05\/WhatsApp-Image-2025-05-18-at-13.53.56-1-300x200.jpeg 300w, https:\/\/sgvaimudar.com.br\/wp-content\/uploads\/2025\/05\/WhatsApp-Image-2025-05-18-at-13.53.56-1-768x513.jpeg 768w, https:\/\/sgvaimudar.com.br\/wp-content\/uploads\/2025\/05\/WhatsApp-Image-2025-05-18-at-13.53.56-1-1536x1026.jpeg 1536w, https:\/\/sgvaimudar.com.br\/wp-content\/uploads\/2025\/05\/WhatsApp-Image-2025-05-18-at-13.53.56-1.jpeg 1600w\" sizes=\"(max-width: 1024px) 100vw, 1024px\" \/><\/figure>\n\n\n\n<p>Os participantes tamb\u00e9m tiveram orienta\u00e7\u00f5es a respeito da hist\u00f3ria da cidade de personalidades locais, atrav\u00e9s dos pain\u00e9is pintados pela equipe do Cidade Ilustrada, com pain\u00e9is produzidos por artistas do munic\u00edpio da Regi\u00e3o Metropolitana.<\/p>\n\n\n\n<p>Durante o trajeto, Marcelo Eco, renomado artista gon\u00e7alense contextualizou sobre a produ\u00e7\u00e3o e as refer\u00eancias de personalidades e pontos tur\u00edsticos da cidade como o jogador Vinicius J\u00fanior e a Praia das Pedrinhas.<\/p>\n\n\n\n<figure class=\"wp-block-image size-large\"><img decoding=\"async\" width=\"1024\" height=\"684\" src=\"https:\/\/sgvaimudar.com.br\/wp-content\/uploads\/2025\/05\/WhatsApp-Image-2025-05-18-at-13.53.55-1024x684.jpeg\" alt=\"\" class=\"wp-image-25185\" srcset=\"https:\/\/sgvaimudar.com.br\/wp-content\/uploads\/2025\/05\/WhatsApp-Image-2025-05-18-at-13.53.55-1024x684.jpeg 1024w, https:\/\/sgvaimudar.com.br\/wp-content\/uploads\/2025\/05\/WhatsApp-Image-2025-05-18-at-13.53.55-300x200.jpeg 300w, https:\/\/sgvaimudar.com.br\/wp-content\/uploads\/2025\/05\/WhatsApp-Image-2025-05-18-at-13.53.55-768x513.jpeg 768w, https:\/\/sgvaimudar.com.br\/wp-content\/uploads\/2025\/05\/WhatsApp-Image-2025-05-18-at-13.53.55-1536x1026.jpeg 1536w, https:\/\/sgvaimudar.com.br\/wp-content\/uploads\/2025\/05\/WhatsApp-Image-2025-05-18-at-13.53.55.jpeg 1600w\" sizes=\"(max-width: 1024px) 100vw, 1024px\" \/><\/figure>\n\n\n\n<p>A ciclista Nat\u00e1lia Lopes estava representando um grupo de 15 amigas que se re\u00fanem semanalmente para pedalar, criar v\u00ednculos e aproveitar a vida, intitulado Vamos Viver.<\/p>\n\n\n\n<p>&#8220;Somos um grupo de 15 mulheres que se apoiam e buscam valorizar a vida atrav\u00e9s do esporte. Estamos muito animadas em participar deste evento e ver S\u00e3o Gon\u00e7alo ganhar uma ciclovia que incentive a pr\u00e1tica do uso de bicicletas&#8221;, relatou a ciclista.<\/p>\n\n\n\n<p>&#8220;Este passeio cicl\u00edstico \u00e9 uma oportunidade \u00edmpar de contemplarmos tudo que vem acontecendo em nosso estado sob a lideran\u00e7a do governador Cl\u00e1udio Castro. Essa obra era esperada h\u00e1 muito tempo e conseguimos trazer este investimento que vai gerar mais mobilidade e qualidade de vida para a popula\u00e7\u00e3o com um corredor vi\u00e1rio novo e 18km de ciclovia&#8221;, destacou o secret\u00e1rio das Cidades, Douglas Ruas.<\/p>\n\n\n\n<p>A chegada ocorreu na Pra\u00e7a dos Ex-combatentes, no Para\u00edso, totalizando mais de 3,7 km.<\/p>\n\n\n\n<p>&#8220;Primeiramente, parab\u00e9ns pelo evento. \u00c9 muito bom ver esse tipo de iniciativa acontecendo na nossa cidade. N\u00f3s temos uma hist\u00f3ria especial com o ciclismo, nos conhecemos pedalando, e hoje estamos tendo a alegria de trazer o nosso filho, o Gustavo, de apenas 8 meses, para o seu primeiro passeio cicl\u00edstico. E o mais incr\u00edvel \u00e9 que ele nasceu justamente no Dia Nacional do Ciclista. Ent\u00e3o, a nossa hist\u00f3ria gira mesmo em torno da bike. A Vanessa, inclusive, pedalou at\u00e9 os tr\u00eas meses de gesta\u00e7\u00e3o sem saber que j\u00e1 estava gr\u00e1vida, ent\u00e3o o amor pela bicicleta j\u00e1 vem de ber\u00e7o. Quando soubemos do passeio, corremos para comprar uma cadeirinha, porque a gente n\u00e3o podia deixar ele de fora desse momento t\u00e3o especial&#8221;, afirmou o casal Ednaldo e Vanessa Maciel.<\/p>\n\n\n\n<p>O objetivo do passeio cicl\u00edstico foi fomentar o uso do meio de transporte e a rela\u00e7\u00e3o com h\u00e1bitos saud\u00e1veis, al\u00e9m de apresentar \u00e0 popula\u00e7\u00e3o a nova estrutura. O evento contou com premia\u00e7\u00e3o, distribui\u00e7\u00e3o de medalhas, brindes e sorteios de bicicletas.<\/p>\n\n\n\n<p>&#8220;Hoje \u00e9 um dia hist\u00f3rico para S\u00e3o Gon\u00e7alo. Estamos realizando o primeiro passeio cicl\u00edstico do Muvi, o maior projeto de mobilidade urbana da nossa cidade \u2014 fruto de uma parceria com o Governo do Estado do Rio de Janeiro, e eu agrade\u00e7o muito ao governador Cl\u00e1udio Castro por isso. Estamos falando do maior investimento em infraestrutura que o Estado j\u00e1 investiu. O Muvi representa uma mudan\u00e7a real na vida dos gon\u00e7alenses. E nada melhor do que esse passeio de hoje para marcar o in\u00edcio de um novo tempo na nossa cidade&#8221;, destacou o prefeito de S\u00e3o Gon\u00e7alo, Capit\u00e3o Nelson.<\/p>\n\n\n\n<p><\/p>\n","protected":false},"excerpt":{"rendered":"<p>Obra do Governo do Rio vai contar com 18 km de ciclovia Em clima de empolga\u00e7\u00e3o, o 1\u00ba Passeio Cicl\u00edstico&hellip;<\/p>\n","protected":false},"author":5,"featured_media":25183,"comment_status":"open","ping_status":"open","sticky":false,"template":"","format":"standard","meta":{"fifu_image_url":"","fifu_image_alt":"","footnotes":""},"categories":[6],"tags":[],"class_list":["post-25182","post","type-post","status-publish","format-standard","has-post-thumbnail","hentry","category-entretenimento"],"_links":{"self":[{"href":"https:\/\/sgvaimudar.com.br\/index.php\/wp-json\/wp\/v2\/posts\/25182","targetHints":{"allow":["GET"]}}],"collection":[{"href":"https:\/\/sgvaimudar.com.br\/index.php\/wp-json\/wp\/v2\/posts"}],"about":[{"href":"https:\/\/sgvaimudar.com.br\/index.php\/wp-json\/wp\/v2\/types\/post"}],"author":[{"embeddable":true,"href":"https:\/\/sgvaimudar.com.br\/index.php\/wp-json\/wp\/v2\/users\/5"}],"replies":[{"embeddable":true,"href":"https:\/\/sgvaimudar.com.br\/index.php\/wp-json\/wp\/v2\/comments?post=25182"}],"version-history":[{"count":2,"href":"https:\/\/sgvaimudar.com.br\/index.php\/wp-json\/wp\/v2\/posts\/25182\/revisions"}],"predecessor-version":[{"id":25188,"href":"https:\/\/sgvaimudar.com.br\/index.php\/wp-json\/wp\/v2\/posts\/25182\/revisions\/25188"}],"wp:featuredmedia":[{"embeddable":true,"href":"https:\/\/sgvaimudar.com.br\/index.php\/wp-json\/wp\/v2\/media\/25183"}],"wp:attachment":[{"href":"https:\/\/sgvaimudar.com.br\/index.php\/wp-json\/wp\/v2\/media?parent=25182"}],"wp:term":[{"taxonomy":"category","embeddable":true,"href":"https:\/\/sgvaimudar.com.br\/index.php\/wp-json\/wp\/v2\/categories?post=25182"},{"taxonomy":"post_tag","embeddable":true,"href":"https:\/\/sgvaimudar.com.br\/index.php\/wp-json\/wp\/v2\/tags?post=25182"}],"curies":[{"name":"wp","href":"https:\/\/api.w.org\/{rel}","templated":true}]}}