{"id":25179,"date":"2025-05-18T13:00:00","date_gmt":"2025-05-18T16:00:00","guid":{"rendered":"https:\/\/sgvaimudar.com.br\/?p=25179"},"modified":"2025-05-18T05:51:44","modified_gmt":"2025-05-18T08:51:44","slug":"prefeitura-abre-inscricoes-para-palestra-sobre-declaracao-anual-de-faturamento-de-mei","status":"publish","type":"post","link":"https:\/\/sgvaimudar.com.br\/index.php\/2025\/05\/18\/prefeitura-abre-inscricoes-para-palestra-sobre-declaracao-anual-de-faturamento-de-mei\/","title":{"rendered":"Prefeitura abre inscri\u00e7\u00f5es para palestra sobre Declara\u00e7\u00e3o Anual de Faturamento de MEI"},"content":{"rendered":"\n<p><em>Evento, que vai acontecer no Partage Shopping, \u00e9 realizado em parceria com o Sebrae<\/em><\/p>\n\n\n\n<p>Ao buscar levar mais conhecimento aos gon\u00e7alenses, a Secretaria de Desenvolvimento Econ\u00f4mico da Prefeitura de S\u00e3o Gon\u00e7alo vai realizar, na segunda-feira (26\/5), uma palestra em parceria com o Servi\u00e7o Brasileiro de Apoio \u00e0s Micro e Pequenas Empresas (Sebrae), com o seguinte tema: &#8220;Declara\u00e7\u00e3o Anual de Faturamento do MEI: Como fazer?&#8221;. O evento acontecer\u00e1 no Espa\u00e7o do Lojista, no Partage Shopping, das 10h \u00e0s 12h.\u00a0<\/p>\n\n\n\n<figure class=\"wp-block-image size-large\"><img fetchpriority=\"high\" decoding=\"async\" width=\"819\" height=\"1024\" src=\"https:\/\/sgvaimudar.com.br\/wp-content\/uploads\/2025\/05\/unnamed-12-4-819x1024.jpg\" alt=\"\" class=\"wp-image-25180\" srcset=\"https:\/\/sgvaimudar.com.br\/wp-content\/uploads\/2025\/05\/unnamed-12-4-819x1024.jpg 819w, https:\/\/sgvaimudar.com.br\/wp-content\/uploads\/2025\/05\/unnamed-12-4-240x300.jpg 240w, https:\/\/sgvaimudar.com.br\/wp-content\/uploads\/2025\/05\/unnamed-12-4-768x960.jpg 768w, https:\/\/sgvaimudar.com.br\/wp-content\/uploads\/2025\/05\/unnamed-12-4.jpg 1080w\" sizes=\"(max-width: 819px) 100vw, 819px\" \/><\/figure>\n\n\n\n<p>O palestrante que ir\u00e1 guiar o bate-papo ser\u00e1 Alexandre Nardi, orientador de neg\u00f3cios do Sebrae. Vale destacar que os microempreendedores individuais devem apresentar, at\u00e9 31 de maio, a Declara\u00e7\u00e3o Anual do Simples Nacional do Microempreendedor Individual (DASN-SIMEI), para manter a regularidade de seu cadastro, o que refor\u00e7a a necessidade da palestra. O encontro servir\u00e1 para tirar d\u00favidas sobre a documenta\u00e7\u00e3o para apresentar na declara\u00e7\u00e3o.<\/p>\n\n\n\n<p>Para se inscrever, basta acessar o link:&nbsp;<a href=\"https:\/\/click.cse360.com.br\/Click\/AddCampaignEmailClick\/bc63283f-3c8a-439e-dc91-08dd8bfc5d59\/https%253a%252f%252fforms.gle%252fatCGCgGWHZUzD9saA\/ac66966e-2b55-4484-fb2c-08dc491eed5f\/jornalistaws@gmail.com\/False\" rel=\"noreferrer noopener\" target=\"_blank\">https:\/\/forms.gle\/atCGCgGWHZUzD9saA<\/a>.&nbsp;<\/p>\n\n\n\n<p><strong>Servi\u00e7o:<\/strong><\/p>\n\n\n\n<p>O Espa\u00e7o do Lojista fica no 1\u00b0 piso do Partage Shopping que, por sua vez, est\u00e1 localizado na Avenida Presidente Kennedy, 425.<\/p>\n\n\n\n<p><strong><em>S\u00e3o Gon\u00e7alo vai mudar: Not\u00edcias de S\u00e3o Gon\u00e7alo e toda regi\u00e3o.<\/em><\/strong><\/p>\n\n\n\n<figure class=\"wp-block-image size-large\"><img decoding=\"async\" width=\"1024\" height=\"252\" src=\"https:\/\/sgvaimudar.com.br\/wp-content\/uploads\/2025\/03\/Anuncie-Aqui-Sao-Goncalo-vai-mudar-1024x252.jpg\" alt=\"\" class=\"wp-image-22693\" srcset=\"https:\/\/sgvaimudar.com.br\/wp-content\/uploads\/2025\/03\/Anuncie-Aqui-Sao-Goncalo-vai-mudar-1024x252.jpg 1024w, https:\/\/sgvaimudar.com.br\/wp-content\/uploads\/2025\/03\/Anuncie-Aqui-Sao-Goncalo-vai-mudar-300x74.jpg 300w, https:\/\/sgvaimudar.com.br\/wp-content\/uploads\/2025\/03\/Anuncie-Aqui-Sao-Goncalo-vai-mudar-768x189.jpg 768w, https:\/\/sgvaimudar.com.br\/wp-content\/uploads\/2025\/03\/Anuncie-Aqui-Sao-Goncalo-vai-mudar-1536x378.jpg 1536w, https:\/\/sgvaimudar.com.br\/wp-content\/uploads\/2025\/03\/Anuncie-Aqui-Sao-Goncalo-vai-mudar-2048x504.jpg 2048w\" sizes=\"(max-width: 1024px) 100vw, 1024px\" \/><\/figure>\n","protected":false},"excerpt":{"rendered":"<p>Evento, que vai acontecer no Partage Shopping, \u00e9 realizado em parceria com o Sebrae Ao buscar levar mais conhecimento aos&hellip;<\/p>\n","protected":false},"author":5,"featured_media":5839,"comment_status":"open","ping_status":"open","sticky":false,"template":"","format":"standard","meta":{"fifu_image_url":"","fifu_image_alt":"","footnotes":""},"categories":[3],"tags":[],"class_list":["post-25179","post","type-post","status-publish","format-standard","has-post-thumbnail","hentry","category-sao-goncalo"],"_links":{"self":[{"href":"https:\/\/sgvaimudar.com.br\/index.php\/wp-json\/wp\/v2\/posts\/25179","targetHints":{"allow":["GET"]}}],"collection":[{"href":"https:\/\/sgvaimudar.com.br\/index.php\/wp-json\/wp\/v2\/posts"}],"about":[{"href":"https:\/\/sgvaimudar.com.br\/index.php\/wp-json\/wp\/v2\/types\/post"}],"author":[{"embeddable":true,"href":"https:\/\/sgvaimudar.com.br\/index.php\/wp-json\/wp\/v2\/users\/5"}],"replies":[{"embeddable":true,"href":"https:\/\/sgvaimudar.com.br\/index.php\/wp-json\/wp\/v2\/comments?post=25179"}],"version-history":[{"count":1,"href":"https:\/\/sgvaimudar.com.br\/index.php\/wp-json\/wp\/v2\/posts\/25179\/revisions"}],"predecessor-version":[{"id":25181,"href":"https:\/\/sgvaimudar.com.br\/index.php\/wp-json\/wp\/v2\/posts\/25179\/revisions\/25181"}],"wp:featuredmedia":[{"embeddable":true,"href":"https:\/\/sgvaimudar.com.br\/index.php\/wp-json\/wp\/v2\/media\/5839"}],"wp:attachment":[{"href":"https:\/\/sgvaimudar.com.br\/index.php\/wp-json\/wp\/v2\/media?parent=25179"}],"wp:term":[{"taxonomy":"category","embeddable":true,"href":"https:\/\/sgvaimudar.com.br\/index.php\/wp-json\/wp\/v2\/categories?post=25179"},{"taxonomy":"post_tag","embeddable":true,"href":"https:\/\/sgvaimudar.com.br\/index.php\/wp-json\/wp\/v2\/tags?post=25179"}],"curies":[{"name":"wp","href":"https:\/\/api.w.org\/{rel}","templated":true}]}}