{"id":25175,"date":"2025-05-18T12:00:00","date_gmt":"2025-05-18T15:00:00","guid":{"rendered":"https:\/\/sgvaimudar.com.br\/?p=25175"},"modified":"2025-05-18T05:46:30","modified_gmt":"2025-05-18T08:46:30","slug":"oab-niteroi-celebrou-30-anos-da-consagrada-esa-com-lancamento-do-livro-direito-das-familias","status":"publish","type":"post","link":"https:\/\/sgvaimudar.com.br\/index.php\/2025\/05\/18\/oab-niteroi-celebrou-30-anos-da-consagrada-esa-com-lancamento-do-livro-direito-das-familias\/","title":{"rendered":"OAB Niter\u00f3i celebrou 30 anos da consagrada ESA com lan\u00e7amento do livro \u2018Direito das fam\u00edlias\u2019"},"content":{"rendered":"\n<p><em>Evento tamb\u00e9m contou com a reinaugura\u00e7\u00e3o da galeria de fotos dos ex-diretores e sess\u00e3o solene com homenagens\u00a0<\/em><\/p>\n\n\n\n<p>A OAB Niter\u00f3i, presidida por Pedro Gomes, comemorou 30 anos de cria\u00e7\u00e3o da Escola Superior de Advocacia (ESA) Niter\u00f3i, dirigida por J\u00fanior Rodrigues, no dia 15 de maio, em grande estilo: com lan\u00e7amento do livro \u201cDireito das Fam\u00edlias \u2013 Perspectivas em debate\u201d, editado pela ESA e comiss\u00f5es afins; reinaugura\u00e7\u00e3o da galeria de fotos dos ex-diretores e sess\u00e3o solene com homenagens. <\/p>\n\n\n\n<p>Al\u00e9m de ser a segunda do pa\u00eds, ESA de Niter\u00f3i tamb\u00e9m foi a primeira a ter p\u00f3s-gradua\u00e7\u00e3o social do Brasil, atrav\u00e9s de parceria com a Universo.<\/p>\n\n\n\n<p>Conduzido por Pedro Gomes, evento contou com a presen\u00e7a da vice-presidente, Matilde Slaibi, J\u00fanior Rodrigues e in\u00fameros conselheiros, presidentes e delegados de comiss\u00f5es da entidade, em tarde marcada pela emo\u00e7\u00e3o, confirmando o sucesso e a consagra\u00e7\u00e3o hist\u00f3rica da Escola.<\/p>\n\n\n\n<figure class=\"wp-block-image size-large\"><img fetchpriority=\"high\" decoding=\"async\" width=\"1024\" height=\"725\" src=\"https:\/\/sgvaimudar.com.br\/wp-content\/uploads\/2025\/05\/OAB-Niteroi-celebrou-30-anos-da-consagrada-ESA-com-lancamento-do-livro-\u2018Direito-das-familias-reinauguracao-da-galeria-de-fotos-dos-ex-diretores-e-sessao-solene-com-homenagens-A-OAB-Niteroi-presidida-por-P-1-1024x725.webp\" alt=\"\" class=\"wp-image-25176\" srcset=\"https:\/\/sgvaimudar.com.br\/wp-content\/uploads\/2025\/05\/OAB-Niteroi-celebrou-30-anos-da-consagrada-ESA-com-lancamento-do-livro-\u2018Direito-das-familias-reinauguracao-da-galeria-de-fotos-dos-ex-diretores-e-sessao-solene-com-homenagens-A-OAB-Niteroi-presidida-por-P-1-1024x725.webp 1024w, https:\/\/sgvaimudar.com.br\/wp-content\/uploads\/2025\/05\/OAB-Niteroi-celebrou-30-anos-da-consagrada-ESA-com-lancamento-do-livro-\u2018Direito-das-familias-reinauguracao-da-galeria-de-fotos-dos-ex-diretores-e-sessao-solene-com-homenagens-A-OAB-Niteroi-presidida-por-P-1-300x212.webp 300w, https:\/\/sgvaimudar.com.br\/wp-content\/uploads\/2025\/05\/OAB-Niteroi-celebrou-30-anos-da-consagrada-ESA-com-lancamento-do-livro-\u2018Direito-das-familias-reinauguracao-da-galeria-de-fotos-dos-ex-diretores-e-sessao-solene-com-homenagens-A-OAB-Niteroi-presidida-por-P-1-768x544.webp 768w, https:\/\/sgvaimudar.com.br\/wp-content\/uploads\/2025\/05\/OAB-Niteroi-celebrou-30-anos-da-consagrada-ESA-com-lancamento-do-livro-\u2018Direito-das-familias-reinauguracao-da-galeria-de-fotos-dos-ex-diretores-e-sessao-solene-com-homenagens-A-OAB-Niteroi-presidida-por-P-1.webp 1078w\" sizes=\"(max-width: 1024px) 100vw, 1024px\" \/><\/figure>\n\n\n\n<p>A primeira parte da comemora\u00e7\u00e3o foi realizada no Sal\u00e3o Nobre da entidade, que estava lotado. Pedro Gomes abriu a solenidade anunciando o lan\u00e7amento do livro \u201cDireito das Fam\u00edlias &#8211; Perspectivas em debate\u201d, produzido pela ESA OAB Niter\u00f3i com a editora Atena. Organizado por Michelle Azambuja, Rosane Paiva e J\u00fanior Rodrigues, incluindo textos de advogadas de diversas comiss\u00f5es da entidade.<\/p>\n\n\n\n<p>O presidente Pedro Gomes disse que o programa de campanha: \u2018OAB Valorizada e Motivada\u2019 \u00e9 especial. &#8220;\u00c9 muito importante dar voz aos advogados e advogadas e este livro \u00e9 prova disso. Temos outros projetos em andamento e um deles seria a possibilidade de debater a jurisprud\u00eancia\u201d, disse o presidente.<\/p>\n\n\n\n<p>Segundo ele, \u00e9 bom ver o comprometimento dos advogados em doar parte de seu tempo \u00e0 nossa entidade. &#8220;As comiss\u00f5es tamb\u00e9m est\u00e3o escrevendo artigos sobre temas diversos, que est\u00e3o dispon\u00edveis no site da OAB Niter\u00f3i, ampliando o conhecimento da advocacia\u201d, afirmou Pedro Gomes.<\/p>\n\n\n\n<p>A vice-presidente Matilde Slaibi tamb\u00e9m exaltou a import\u00e2ncia do envolvimento das comiss\u00f5es no lan\u00e7amento de livros com temas voltados para a advocacia.<\/p>\n\n\n\n<p>A tarde foi marcada, tamb\u00e9m, pela reinaugura\u00e7\u00e3o da galeria de fotos dos ex-diretores da ESA Niter\u00f3i, localizada no 9\u00ba andar da sede da OAB Niter\u00f3i. Em seu discurso, Pedro Gomes evidenciou a hist\u00f3ria e a import\u00e2ncia da Escola Superior de Advocacia, idealizada por Vargas Vila Cruvello, quando presidente da OAB Niter\u00f3i, e inaugurada primeiramente na OAB\/RJ. <\/p>\n\n\n\n<p>Em 15 de maio de 1995 foi criada, em Niter\u00f3i, a segunda ESA do Brasil, tendo como primeiro diretor o advogado Lionil da Silva Mello, representado na solenidade por suas filhas, Leila de Mello Miranda, conselheira da OAB Niter\u00f3i, e Lenilva Mello. <\/p>\n\n\n\n<p>Presentes \u00e0 solenidade, Daniella Lago, secret\u00e1ria-adjunta da OAB Niter\u00f3i; o jornalista Gilson Monteiro e Anderson Freire, diretor da Universo Niter\u00f3i, al\u00e9m de in\u00fameros conselheiros, presidentes e delegados de comiss\u00f5es da entidade.<\/p>\n\n\n\n<p>Os ex-diretores Rog\u00e9rio Travassos (2010-2011), Jos\u00e9 Carlos Santos (2019) estavam presentes \u00e0 solenidade. Indio do Brasil Cardoso (2015-2018\/2021) foi representado por seu filho, o advogado Gabriel Melo e Vargas Vila por seu sobrinho, o advogado Felipe Moutinho. Tamb\u00e9m homenageado, Rodrigo Albuquerque Vidal, coordenador da ESA no ano de 2019.<\/p>\n\n\n\n<p>Para o atual diretor da escola, J\u00fanior Rodrigues, o rol de retratos \u00e9 uma forma de manter viva, para novos alunos, a Hist\u00f3ria da unidade: \u201cNeste grandioso marco hist\u00f3rico, fico feliz em saber que a ESA Niter\u00f3i tem sido reconhecida como uma institui\u00e7\u00e3o colaborativa e construtiva, pois estamos focados em muitos cursos gratuitos e de qualidade, alcan\u00e7ando as necessidades da advocacia niteroiense e regi\u00e3o. Importantes conquistas, incluindo parcerias in\u00e9ditas, como a p\u00f3s-gradua\u00e7\u00e3o social com a Universo Niter\u00f3i\u201d, disse acrescentando:<\/p>\n\n\n\n<p>\u201cAcredito que a ESA desempenha um papel fundamental na promo\u00e7\u00e3o da excel\u00eancia na advocacia da cidade, fortalecendo a OAB Niter\u00f3i para a defesa dos valores e princ\u00edpios que regem a profiss\u00e3o, como a valoriza\u00e7\u00e3o e motiva\u00e7\u00e3o dos profissionais de Direito\u201d, enfatizou Rodrigues.<\/p>\n\n\n\n<p>A galeria inclui os seguintes nomes: Lionil da Silva Mello (1994-2003), Luciene Saldanha (2004-2006), Vargas Vila Cruvello D\u2019Avila (2007), Jos\u00e9 Gon\u00e7alo Rodrigues (2007-2009), Rog\u00e9rio Travassos (2010-2011), Fernando Dias (2011-2012), Carlos Alberto de Almeida (2013-2014), Indio do Brasil Cardoso (2015-2018\/2018-2021), Jos\u00e9 Carlos O. Santos (2019) e J\u00fanior Rodrigues (2022-2024).<\/p>\n\n\n\n<p>Evento contou com o apoio da Mocellin Churrascaria.<\/p>\n\n\n\n<p><strong><em>S\u00e3o Gon\u00e7alo vai mudar: Not\u00edcias de S\u00e3o Gon\u00e7alo e toda regi\u00e3o.<\/em><\/strong><\/p>\n\n\n\n<figure class=\"wp-block-image size-large\"><img decoding=\"async\" width=\"1024\" height=\"252\" src=\"https:\/\/sgvaimudar.com.br\/wp-content\/uploads\/2025\/03\/Anuncie-Aqui-Sao-Goncalo-vai-mudar-1024x252.jpg\" alt=\"\" class=\"wp-image-22693\" srcset=\"https:\/\/sgvaimudar.com.br\/wp-content\/uploads\/2025\/03\/Anuncie-Aqui-Sao-Goncalo-vai-mudar-1024x252.jpg 1024w, https:\/\/sgvaimudar.com.br\/wp-content\/uploads\/2025\/03\/Anuncie-Aqui-Sao-Goncalo-vai-mudar-300x74.jpg 300w, https:\/\/sgvaimudar.com.br\/wp-content\/uploads\/2025\/03\/Anuncie-Aqui-Sao-Goncalo-vai-mudar-768x189.jpg 768w, https:\/\/sgvaimudar.com.br\/wp-content\/uploads\/2025\/03\/Anuncie-Aqui-Sao-Goncalo-vai-mudar-1536x378.jpg 1536w, https:\/\/sgvaimudar.com.br\/wp-content\/uploads\/2025\/03\/Anuncie-Aqui-Sao-Goncalo-vai-mudar-2048x504.jpg 2048w\" sizes=\"(max-width: 1024px) 100vw, 1024px\" \/><\/figure>\n","protected":false},"excerpt":{"rendered":"<p>Evento tamb\u00e9m contou com a reinaugura\u00e7\u00e3o da galeria de fotos dos ex-diretores e sess\u00e3o solene com homenagens\u00a0 A OAB Niter\u00f3i,&hellip;<\/p>\n","protected":false},"author":5,"featured_media":25177,"comment_status":"open","ping_status":"open","sticky":false,"template":"","format":"standard","meta":{"fifu_image_url":"","fifu_image_alt":"","footnotes":""},"categories":[34],"tags":[],"class_list":["post-25175","post","type-post","status-publish","format-standard","has-post-thumbnail","hentry","category-niteroi"],"_links":{"self":[{"href":"https:\/\/sgvaimudar.com.br\/index.php\/wp-json\/wp\/v2\/posts\/25175","targetHints":{"allow":["GET"]}}],"collection":[{"href":"https:\/\/sgvaimudar.com.br\/index.php\/wp-json\/wp\/v2\/posts"}],"about":[{"href":"https:\/\/sgvaimudar.com.br\/index.php\/wp-json\/wp\/v2\/types\/post"}],"author":[{"embeddable":true,"href":"https:\/\/sgvaimudar.com.br\/index.php\/wp-json\/wp\/v2\/users\/5"}],"replies":[{"embeddable":true,"href":"https:\/\/sgvaimudar.com.br\/index.php\/wp-json\/wp\/v2\/comments?post=25175"}],"version-history":[{"count":1,"href":"https:\/\/sgvaimudar.com.br\/index.php\/wp-json\/wp\/v2\/posts\/25175\/revisions"}],"predecessor-version":[{"id":25178,"href":"https:\/\/sgvaimudar.com.br\/index.php\/wp-json\/wp\/v2\/posts\/25175\/revisions\/25178"}],"wp:featuredmedia":[{"embeddable":true,"href":"https:\/\/sgvaimudar.com.br\/index.php\/wp-json\/wp\/v2\/media\/25177"}],"wp:attachment":[{"href":"https:\/\/sgvaimudar.com.br\/index.php\/wp-json\/wp\/v2\/media?parent=25175"}],"wp:term":[{"taxonomy":"category","embeddable":true,"href":"https:\/\/sgvaimudar.com.br\/index.php\/wp-json\/wp\/v2\/categories?post=25175"},{"taxonomy":"post_tag","embeddable":true,"href":"https:\/\/sgvaimudar.com.br\/index.php\/wp-json\/wp\/v2\/tags?post=25175"}],"curies":[{"name":"wp","href":"https:\/\/api.w.org\/{rel}","templated":true}]}}