{"id":25141,"date":"2025-05-17T13:00:00","date_gmt":"2025-05-17T16:00:00","guid":{"rendered":"https:\/\/sgvaimudar.com.br\/?p=25141"},"modified":"2025-05-17T09:29:44","modified_gmt":"2025-05-17T12:29:44","slug":"secretaria-de-saude-goncalense-intensifica-acao-de-bloqueio-contra-o-sarampo","status":"publish","type":"post","link":"https:\/\/sgvaimudar.com.br\/index.php\/2025\/05\/17\/secretaria-de-saude-goncalense-intensifica-acao-de-bloqueio-contra-o-sarampo\/","title":{"rendered":"Secretaria de Sa\u00fade gon\u00e7alense intensifica a\u00e7\u00e3o de bloqueio contra o sarampo"},"content":{"rendered":"\n<p><em>Atendimento acontecer\u00e1 em shopping e nas sedes da Secretaria de Sa\u00fade e do Corpo de Bombeiros<\/em><\/p>\n\n\n\n<p>A a\u00e7\u00e3o de bloqueio contra o sarampo continua em S\u00e3o Gon\u00e7alo. Na pr\u00f3xima semana, os funcion\u00e1rios da Secretaria de Sa\u00fade e Defesa Civil da Prefeitura de S\u00e3o Gon\u00e7alo poder\u00e3o se vacinar no local. A imuniza\u00e7\u00e3o ainda ser\u00e1 levada para o Shopping Partage, no Centro, e \u00e0 sede do Corpo de Bombeiros, em S\u00e3o Miguel. Durante a campanha, a vacina est\u00e1 dispon\u00edvel a partir dos seis meses de idade.<\/p>\n\n\n\n<p>O objetivo da iniciativa \u00e9 refor\u00e7ar a vacina\u00e7\u00e3o contra o sarampo, bloqueando o retorno da doen\u00e7a. Desde o in\u00edcio de abril, as a\u00e7\u00f5es est\u00e3o acontecendo em diferentes locais, como empresas, escolas, universidades, hospitais, \u00e1reas comerciais, pra\u00e7as p\u00fablicas, locais de grande aglomera\u00e7\u00e3o e shoppings. A iniciativa \u00e9 uma a\u00e7\u00e3o conjunta do Minist\u00e9rio da Sa\u00fade e Governo do Estado e outros oito munic\u00edpios da Regi\u00e3o Metropolitana do Estado.&nbsp;<\/p>\n\n\n\n<p>O imunizante tr\u00edplice viral, que tamb\u00e9m protege contra a caxumba e a rub\u00e9ola, pode ser aplicado nos gon\u00e7alenses entre seis meses e 59 anos que ainda n\u00e3o estejam imunizados. \u201cEssa a\u00e7\u00e3o espec\u00edfica de levar a vacina at\u00e9 os locais de grande aglomera\u00e7\u00e3o deve ser finalizada no fim deste m\u00eas. Mas o imunizante continua dispon\u00edvel em mais de 50 salas de vacina espalhadas pela cidade\u201d, disse a coordenadora de Imuniza\u00e7\u00e3o, Ingrid Perni.<\/p>\n\n\n\n<p>Nas unidades de sa\u00fade, as cadernetas de vacina\u00e7\u00e3o s\u00e3o avaliadas pela equipe, assim como a condi\u00e7\u00e3o cl\u00ednica do paciente para a aplica\u00e7\u00e3o das vacinas. Al\u00e9m da tr\u00edplice viral, todos os outros imunizantes do Programa Nacional de Imuniza\u00e7\u00e3o (PNI) est\u00e3o dispon\u00edveis.&nbsp;<\/p>\n\n\n\n<p><strong>P\u00fablico<\/strong>\u00a0\u2013 As crian\u00e7as com mais de sete anos podem iniciar ou completar com duas doses, de acordo com a situa\u00e7\u00e3o vacinal. Em adultos, esta vacina pode ser aplicada em duas doses at\u00e9 29 anos e uma dose para as pessoas de 30 a 59 anos. Os profissionais de sa\u00fade devem tomar duas doses, independente da idade. O intervalo entre as doses deve ser de, no m\u00ednimo, 30 dias.<\/p>\n\n\n\n<p><strong><em>S\u00e3o Gon\u00e7alo vai mudar: Not\u00edcias de S\u00e3o Gon\u00e7alo e toda regi\u00e3o.<\/em><\/strong><\/p>\n\n\n\n<figure class=\"wp-block-image size-large\"><img fetchpriority=\"high\" decoding=\"async\" width=\"1024\" height=\"252\" src=\"https:\/\/sgvaimudar.com.br\/wp-content\/uploads\/2025\/03\/Anuncie-Aqui-Sao-Goncalo-vai-mudar-1024x252.jpg\" alt=\"\" class=\"wp-image-22693\" srcset=\"https:\/\/sgvaimudar.com.br\/wp-content\/uploads\/2025\/03\/Anuncie-Aqui-Sao-Goncalo-vai-mudar-1024x252.jpg 1024w, https:\/\/sgvaimudar.com.br\/wp-content\/uploads\/2025\/03\/Anuncie-Aqui-Sao-Goncalo-vai-mudar-300x74.jpg 300w, https:\/\/sgvaimudar.com.br\/wp-content\/uploads\/2025\/03\/Anuncie-Aqui-Sao-Goncalo-vai-mudar-768x189.jpg 768w, https:\/\/sgvaimudar.com.br\/wp-content\/uploads\/2025\/03\/Anuncie-Aqui-Sao-Goncalo-vai-mudar-1536x378.jpg 1536w, https:\/\/sgvaimudar.com.br\/wp-content\/uploads\/2025\/03\/Anuncie-Aqui-Sao-Goncalo-vai-mudar-2048x504.jpg 2048w\" sizes=\"(max-width: 1024px) 100vw, 1024px\" \/><\/figure>\n","protected":false},"excerpt":{"rendered":"<p>Atendimento acontecer\u00e1 em shopping e nas sedes da Secretaria de Sa\u00fade e do Corpo de Bombeiros A a\u00e7\u00e3o de bloqueio&hellip;<\/p>\n","protected":false},"author":5,"featured_media":25142,"comment_status":"open","ping_status":"open","sticky":false,"template":"","format":"standard","meta":{"fifu_image_url":"","fifu_image_alt":"","footnotes":""},"categories":[7],"tags":[],"class_list":["post-25141","post","type-post","status-publish","format-standard","has-post-thumbnail","hentry","category-saude"],"_links":{"self":[{"href":"https:\/\/sgvaimudar.com.br\/index.php\/wp-json\/wp\/v2\/posts\/25141","targetHints":{"allow":["GET"]}}],"collection":[{"href":"https:\/\/sgvaimudar.com.br\/index.php\/wp-json\/wp\/v2\/posts"}],"about":[{"href":"https:\/\/sgvaimudar.com.br\/index.php\/wp-json\/wp\/v2\/types\/post"}],"author":[{"embeddable":true,"href":"https:\/\/sgvaimudar.com.br\/index.php\/wp-json\/wp\/v2\/users\/5"}],"replies":[{"embeddable":true,"href":"https:\/\/sgvaimudar.com.br\/index.php\/wp-json\/wp\/v2\/comments?post=25141"}],"version-history":[{"count":1,"href":"https:\/\/sgvaimudar.com.br\/index.php\/wp-json\/wp\/v2\/posts\/25141\/revisions"}],"predecessor-version":[{"id":25143,"href":"https:\/\/sgvaimudar.com.br\/index.php\/wp-json\/wp\/v2\/posts\/25141\/revisions\/25143"}],"wp:featuredmedia":[{"embeddable":true,"href":"https:\/\/sgvaimudar.com.br\/index.php\/wp-json\/wp\/v2\/media\/25142"}],"wp:attachment":[{"href":"https:\/\/sgvaimudar.com.br\/index.php\/wp-json\/wp\/v2\/media?parent=25141"}],"wp:term":[{"taxonomy":"category","embeddable":true,"href":"https:\/\/sgvaimudar.com.br\/index.php\/wp-json\/wp\/v2\/categories?post=25141"},{"taxonomy":"post_tag","embeddable":true,"href":"https:\/\/sgvaimudar.com.br\/index.php\/wp-json\/wp\/v2\/tags?post=25141"}],"curies":[{"name":"wp","href":"https:\/\/api.w.org\/{rel}","templated":true}]}}