{"id":25137,"date":"2025-05-17T12:00:00","date_gmt":"2025-05-17T15:00:00","guid":{"rendered":"https:\/\/sgvaimudar.com.br\/?p=25137"},"modified":"2025-05-17T09:26:19","modified_gmt":"2025-05-17T12:26:19","slug":"turismo-em-alta-avancam-as-intervencoes-da-nova-orla-na-praia-das-pedrinhas","status":"publish","type":"post","link":"https:\/\/sgvaimudar.com.br\/index.php\/2025\/05\/17\/turismo-em-alta-avancam-as-intervencoes-da-nova-orla-na-praia-das-pedrinhas\/","title":{"rendered":"Turismo em alta: Avan\u00e7am as interven\u00e7\u00f5es da nova orla na Praia das Pedrinhas"},"content":{"rendered":"\n<p><em>Obra ir\u00e1 revitalizar um dos mais belos cart\u00f5es postais da cidade<\/em><\/p>\n\n\n\n<p>As obras na Praia das Pedrinhas seguem avan\u00e7ando. J\u00e1 \u00e9 poss\u00edvel passar pelo local e ver a prepara\u00e7\u00e3o do alicerce que dar\u00e1 sustenta\u00e7\u00e3o \u00e0 nova orla, com cal\u00e7ad\u00e3o, decks pergolados e uma arquibancada para contempla\u00e7\u00e3o. A obra, que est\u00e1 sendo feita pela Prefeitura de S\u00e3o Gon\u00e7alo, ir\u00e1 revitalizar um dos mais belos cart\u00f5es postais da cidade.<\/p>\n\n\n\n<p>Neste momento, est\u00e1 sendo feita a escava\u00e7\u00e3o para o preparo da base de sustenta\u00e7\u00e3o da arquibancada, com a constru\u00e7\u00e3o de uma conten\u00e7\u00e3o que impedir\u00e1 a a\u00e7\u00e3o da mar\u00e9 junto a tanques, que ir\u00e3o elevar a faixa de areia da praia ao n\u00edvel do cal\u00e7ad\u00e3o.<\/p>\n\n\n\n<figure class=\"wp-block-image size-full\"><img fetchpriority=\"high\" decoding=\"async\" width=\"1024\" height=\"683\" src=\"https:\/\/sgvaimudar.com.br\/wp-content\/uploads\/2025\/05\/unnamed-2-13.jpg\" alt=\"\" class=\"wp-image-25138\" srcset=\"https:\/\/sgvaimudar.com.br\/wp-content\/uploads\/2025\/05\/unnamed-2-13.jpg 1024w, https:\/\/sgvaimudar.com.br\/wp-content\/uploads\/2025\/05\/unnamed-2-13-300x200.jpg 300w, https:\/\/sgvaimudar.com.br\/wp-content\/uploads\/2025\/05\/unnamed-2-13-768x512.jpg 768w\" sizes=\"(max-width: 1024px) 100vw, 1024px\" \/><\/figure>\n\n\n\n<p>O projeto prev\u00ea a requalifica\u00e7\u00e3o do cal\u00e7ad\u00e3o criando espa\u00e7os de perman\u00eancia e conviv\u00eancia. A faixa de areia elevada ir\u00e1 ficar mais pr\u00f3xima dos frequentadores. O novo cal\u00e7ad\u00e3o ir\u00e1 abrigar mesas com guarda sol, brinquedos com tem\u00e1tica n\u00e1utica, bem como outros usos associados \u00e0 atividade tur\u00edstica da orla. Tamb\u00e9m haver\u00e1 \u00e1reas intercaladas de paisagismo com \u00e1rvores de v\u00e1rias esp\u00e9cies.<\/p>\n\n\n\n<p>A secret\u00e1ria de Gest\u00e3o Integrada e Projetos Especiais, Rafaela Santana, detalhou as interven\u00e7\u00f5es que ir\u00e3o transformar a orla.<\/p>\n\n\n\n<p>&#8220;Os tanques de areia foram pensados para funcionar como uma eleva\u00e7\u00e3o da faixa de areia no n\u00edvel do cal\u00e7ad\u00e3o, protegido da flutua\u00e7\u00e3o da mar\u00e9. O intuito \u00e9 valorizar e incentivar a ambi\u00eancia de praia, favorecendo o acesso e sua utiliza\u00e7\u00e3o como local de estar e de contempla\u00e7\u00e3o privilegiado para ver a Ba\u00eda de Guanabara e o p\u00f4r do sol. O novo cal\u00e7ad\u00e3o tamb\u00e9m contar\u00e1 com a instala\u00e7\u00e3o de pergolados para garantir \u00e1reas sombreadas, em especial por parte daqueles que frequentam os bares e restaurantes da localidade&#8221;, disse.<\/p>\n\n\n\n<p>A primeira parte da obra, do lado esquerdo, j\u00e1 recebeu asfalto, redes de drenagem, padroniza\u00e7\u00e3o das cal\u00e7adas, esgotamento sanit\u00e1rio e abastecimento de \u00e1gua, numa interven\u00e7\u00e3o simult\u00e2nea com a concession\u00e1ria \u00c1guas do Rio, que est\u00e1 iniciando, nesta quinta-feira (15), uma nova etapa de obras de rede de esgoto sanit\u00e1rio no local.<\/p>\n\n\n\n<p>Vale destacar que, enquanto as obras da Praia das Pedrinhas est\u00e3o ocorrendo, os bares e restaurantes da orla seguem funcionando normalmente.<\/p>\n\n\n\n<p>Sobre a obra &#8211; Toda a orla est\u00e1 sendo revitalizada desde julho de 2024. A interven\u00e7\u00e3o possui um investimento de quase R$ 5 milh\u00f5es. A capta\u00e7\u00e3o de recursos para a realiza\u00e7\u00e3o do projeto foi feita pela Secretaria de Gest\u00e3o Integrada e Projetos Especiais (Semgipe) da Prefeitura de S\u00e3o Gon\u00e7alo, junto ao Governo Federal, por meio dos Minist\u00e9rios das Cidades e do Minist\u00e9rio do Turismo.<\/p>\n\n\n\n<p>O projeto urban\u00edstico e paisag\u00edstico para a orla recebeu men\u00e7\u00e3o honrosa do Pr\u00eamio ABAP Roberto Burle Marx, na Modalidade Projeto, Categoria Espa\u00e7o P\u00fablico e Preserva\u00e7\u00e3o Hist\u00f3rico-Cultural.<\/p>\n\n\n\n<p><em>Fotos: Fabio Guimar\u00e3es<\/em><\/p>\n\n\n\n<p><strong><em>S\u00e3o Gon\u00e7alo vai mudar: Not\u00edcias de S\u00e3o Gon\u00e7alo e toda regi\u00e3o.<\/em><\/strong><\/p>\n\n\n\n<figure class=\"wp-block-image size-large\"><img decoding=\"async\" width=\"1024\" height=\"252\" src=\"https:\/\/sgvaimudar.com.br\/wp-content\/uploads\/2023\/10\/Anuncie-Aqui-Sao-Goncalo-vai-mudar-2-1024x252.jpg\" alt=\"\" class=\"wp-image-3625\" srcset=\"https:\/\/sgvaimudar.com.br\/wp-content\/uploads\/2023\/10\/Anuncie-Aqui-Sao-Goncalo-vai-mudar-2-1024x252.jpg 1024w, https:\/\/sgvaimudar.com.br\/wp-content\/uploads\/2023\/10\/Anuncie-Aqui-Sao-Goncalo-vai-mudar-2-300x74.jpg 300w, https:\/\/sgvaimudar.com.br\/wp-content\/uploads\/2023\/10\/Anuncie-Aqui-Sao-Goncalo-vai-mudar-2-768x189.jpg 768w, https:\/\/sgvaimudar.com.br\/wp-content\/uploads\/2023\/10\/Anuncie-Aqui-Sao-Goncalo-vai-mudar-2-1536x378.jpg 1536w, https:\/\/sgvaimudar.com.br\/wp-content\/uploads\/2023\/10\/Anuncie-Aqui-Sao-Goncalo-vai-mudar-2-2048x504.jpg 2048w\" sizes=\"(max-width: 1024px) 100vw, 1024px\" \/><\/figure>\n","protected":false},"excerpt":{"rendered":"<p>Obra ir\u00e1 revitalizar um dos mais belos cart\u00f5es postais da cidade As obras na Praia das Pedrinhas seguem avan\u00e7ando. J\u00e1&hellip;<\/p>\n","protected":false},"author":5,"featured_media":25139,"comment_status":"open","ping_status":"open","sticky":false,"template":"","format":"standard","meta":{"fifu_image_url":"","fifu_image_alt":"","footnotes":""},"categories":[3],"tags":[],"class_list":["post-25137","post","type-post","status-publish","format-standard","has-post-thumbnail","hentry","category-sao-goncalo"],"_links":{"self":[{"href":"https:\/\/sgvaimudar.com.br\/index.php\/wp-json\/wp\/v2\/posts\/25137","targetHints":{"allow":["GET"]}}],"collection":[{"href":"https:\/\/sgvaimudar.com.br\/index.php\/wp-json\/wp\/v2\/posts"}],"about":[{"href":"https:\/\/sgvaimudar.com.br\/index.php\/wp-json\/wp\/v2\/types\/post"}],"author":[{"embeddable":true,"href":"https:\/\/sgvaimudar.com.br\/index.php\/wp-json\/wp\/v2\/users\/5"}],"replies":[{"embeddable":true,"href":"https:\/\/sgvaimudar.com.br\/index.php\/wp-json\/wp\/v2\/comments?post=25137"}],"version-history":[{"count":1,"href":"https:\/\/sgvaimudar.com.br\/index.php\/wp-json\/wp\/v2\/posts\/25137\/revisions"}],"predecessor-version":[{"id":25140,"href":"https:\/\/sgvaimudar.com.br\/index.php\/wp-json\/wp\/v2\/posts\/25137\/revisions\/25140"}],"wp:featuredmedia":[{"embeddable":true,"href":"https:\/\/sgvaimudar.com.br\/index.php\/wp-json\/wp\/v2\/media\/25139"}],"wp:attachment":[{"href":"https:\/\/sgvaimudar.com.br\/index.php\/wp-json\/wp\/v2\/media?parent=25137"}],"wp:term":[{"taxonomy":"category","embeddable":true,"href":"https:\/\/sgvaimudar.com.br\/index.php\/wp-json\/wp\/v2\/categories?post=25137"},{"taxonomy":"post_tag","embeddable":true,"href":"https:\/\/sgvaimudar.com.br\/index.php\/wp-json\/wp\/v2\/tags?post=25137"}],"curies":[{"name":"wp","href":"https:\/\/api.w.org\/{rel}","templated":true}]}}