{"id":25031,"date":"2025-05-15T12:00:00","date_gmt":"2025-05-15T15:00:00","guid":{"rendered":"https:\/\/sgvaimudar.com.br\/?p=25031"},"modified":"2025-05-15T10:13:44","modified_gmt":"2025-05-15T13:13:44","slug":"shopping-do-centro-de-sao-goncalo-recebe-acao-de-vacinacao-gratuita-em-parceria-com-a-prefeitura","status":"publish","type":"post","link":"https:\/\/sgvaimudar.com.br\/index.php\/2025\/05\/15\/shopping-do-centro-de-sao-goncalo-recebe-acao-de-vacinacao-gratuita-em-parceria-com-a-prefeitura\/","title":{"rendered":"Shopping do Centro de S\u00e3o Gon\u00e7alo recebe a\u00e7\u00e3o de vacina\u00e7\u00e3o gratuita em parceria com a Prefeitura"},"content":{"rendered":"\n<p><em>Campanha acontece nos dias 19 e 20 de maio com aplica\u00e7\u00e3o das vacinas Tr\u00edplice Viral e Influenza<\/em><\/p>\n\n\n\n<p>Em uma iniciativa de cuidado com a sa\u00fade da comunidade, o Partage S\u00e3o Gon\u00e7alo vai realizar, em parceria com a Prefeitura de S\u00e3o Gon\u00e7alo, uma campanha de vacina\u00e7\u00e3o gratuita contra Influenza e Tr\u00edplice Viral, na pr\u00f3xima segunda-feira (19) e na ter\u00e7a-feira (20\/5), das 9h \u00e0s 15h, no ambulat\u00f3rio localizado no 2\u00ba piso do shopping, ao lado dos elevadores.<\/p>\n\n\n\n<p>A a\u00e7\u00e3o integra o programa Partage Social, refor\u00e7ando o compromisso do shopping com o bem-estar da popula\u00e7\u00e3o por meio de iniciativas de responsabilidade social. A campanha \u00e9 aberta ao p\u00fablico e realizada por profissionais da rede municipal de sa\u00fade, garantindo estrutura adequada para o atendimento.<\/p>\n\n\n\n<p>\u201cNosso objetivo \u00e9 tornar o cuidado com a sa\u00fade mais acess\u00edvel para todos. Trazer a campanha de vacina\u00e7\u00e3o para dentro do shopping facilita a rotina da popula\u00e7\u00e3o e refor\u00e7a nosso compromisso com o bem-estar da comunidade\u201d, afirma\u00a0Luciana Monteiro, gerente de marketing do Partage S\u00e3o Gon\u00e7alo.<\/p>\n\n\n\n<p>As vacinas dispon\u00edveis s\u00e3o:<\/p>\n\n\n\n<ul class=\"wp-block-list\">\n<li><strong>Tr\u00edplice Viral<\/strong>&nbsp;(protege contra sarampo, caxumba e rub\u00e9ola) \u2014 indicada para pessoas de&nbsp;<strong>1 ano at\u00e9 59 anos.<\/strong><\/li>\n\n\n\n<li><strong>Influenza<\/strong>&nbsp;\u2014 indicada especialmente para grupos priorit\u00e1rios como idosos, gestantes, pessoas com comorbidades, profissionais da sa\u00fade e&nbsp;<strong>crian\u00e7as a partir de 6 meses.<\/strong><\/li>\n<\/ul>\n\n\n\n<p>A aplica\u00e7\u00e3o ser\u00e1 feita por ordem de chegada e mediante apresenta\u00e7\u00e3o de documento de identidade. Quem tiver, pode levar a caderneta de vacina\u00e7\u00e3o para atualiza\u00e7\u00e3o.<\/p>\n\n\n\n<p><strong>Servi\u00e7o:<\/strong><\/p>\n\n\n\n<p><strong>Partage Days no Partage S\u00e3o Gon\u00e7alo<\/strong><\/p>\n\n\n\n<p><strong>Per\u00edodo:&nbsp;<\/strong>19 e 20 de maio de 2025<\/p>\n\n\n\n<p>Hor\u00e1rio: das 9h \u00e0s 15h<\/p>\n\n\n\n<p><strong>Local<\/strong>: 2\u00ba piso do Partage S\u00e3o Gon\u00e7alo \u2013 Ambulat\u00f3rio ao lado dos elevadores<\/p>\n\n\n\n<p>Av. Pres. Kennedy, 425, Centro, S\u00e3o Gon\u00e7alo \u2013 RJ<\/p>\n\n\n\n<p>Gratuito | Aberto ao p\u00fablico | Realiza\u00e7\u00e3o em parceria com a Prefeitura de S\u00e3o Gon\u00e7alo<\/p>\n\n\n\n<p>Mais informa\u00e7\u00f5es\u00a0<a rel=\"noreferrer noopener\" href=\"https:\/\/click.cse360.com.br\/Click\/AddCampaignEmailClick\/eb7b4f6d-43ff-4eb1-4113-08dd8bfbecbb\/http%253a%252f%252fwww.partage.com.br%252f\/8a909d04-89da-4c0e-91ec-554b95336c11\/jornalistaws@gmail.com\/True\" target=\"_blank\">www.partage.com.br<\/a>\u00a0| @partagesaogoncalo.<\/p>\n\n\n\n<p><strong><em>S\u00e3o Gon\u00e7alo vai mudar: Not\u00edcias de S\u00e3o Gon\u00e7alo e toda regi\u00e3o.<\/em><\/strong><\/p>\n\n\n\n<figure class=\"wp-block-image size-large\"><img fetchpriority=\"high\" decoding=\"async\" width=\"1024\" height=\"252\" src=\"https:\/\/sgvaimudar.com.br\/wp-content\/uploads\/2025\/03\/Anuncie-Aqui-Sao-Goncalo-vai-mudar-1024x252.jpg\" alt=\"\" class=\"wp-image-22693\" srcset=\"https:\/\/sgvaimudar.com.br\/wp-content\/uploads\/2025\/03\/Anuncie-Aqui-Sao-Goncalo-vai-mudar-1024x252.jpg 1024w, https:\/\/sgvaimudar.com.br\/wp-content\/uploads\/2025\/03\/Anuncie-Aqui-Sao-Goncalo-vai-mudar-300x74.jpg 300w, https:\/\/sgvaimudar.com.br\/wp-content\/uploads\/2025\/03\/Anuncie-Aqui-Sao-Goncalo-vai-mudar-768x189.jpg 768w, https:\/\/sgvaimudar.com.br\/wp-content\/uploads\/2025\/03\/Anuncie-Aqui-Sao-Goncalo-vai-mudar-1536x378.jpg 1536w, https:\/\/sgvaimudar.com.br\/wp-content\/uploads\/2025\/03\/Anuncie-Aqui-Sao-Goncalo-vai-mudar-2048x504.jpg 2048w\" sizes=\"(max-width: 1024px) 100vw, 1024px\" \/><\/figure>\n","protected":false},"excerpt":{"rendered":"<p>Campanha acontece nos dias 19 e 20 de maio com aplica\u00e7\u00e3o das vacinas Tr\u00edplice Viral e Influenza Em uma iniciativa&hellip;<\/p>\n","protected":false},"author":5,"featured_media":5839,"comment_status":"open","ping_status":"open","sticky":false,"template":"","format":"standard","meta":{"fifu_image_url":"","fifu_image_alt":"","footnotes":""},"categories":[7],"tags":[],"class_list":["post-25031","post","type-post","status-publish","format-standard","has-post-thumbnail","hentry","category-saude"],"_links":{"self":[{"href":"https:\/\/sgvaimudar.com.br\/index.php\/wp-json\/wp\/v2\/posts\/25031","targetHints":{"allow":["GET"]}}],"collection":[{"href":"https:\/\/sgvaimudar.com.br\/index.php\/wp-json\/wp\/v2\/posts"}],"about":[{"href":"https:\/\/sgvaimudar.com.br\/index.php\/wp-json\/wp\/v2\/types\/post"}],"author":[{"embeddable":true,"href":"https:\/\/sgvaimudar.com.br\/index.php\/wp-json\/wp\/v2\/users\/5"}],"replies":[{"embeddable":true,"href":"https:\/\/sgvaimudar.com.br\/index.php\/wp-json\/wp\/v2\/comments?post=25031"}],"version-history":[{"count":1,"href":"https:\/\/sgvaimudar.com.br\/index.php\/wp-json\/wp\/v2\/posts\/25031\/revisions"}],"predecessor-version":[{"id":25032,"href":"https:\/\/sgvaimudar.com.br\/index.php\/wp-json\/wp\/v2\/posts\/25031\/revisions\/25032"}],"wp:featuredmedia":[{"embeddable":true,"href":"https:\/\/sgvaimudar.com.br\/index.php\/wp-json\/wp\/v2\/media\/5839"}],"wp:attachment":[{"href":"https:\/\/sgvaimudar.com.br\/index.php\/wp-json\/wp\/v2\/media?parent=25031"}],"wp:term":[{"taxonomy":"category","embeddable":true,"href":"https:\/\/sgvaimudar.com.br\/index.php\/wp-json\/wp\/v2\/categories?post=25031"},{"taxonomy":"post_tag","embeddable":true,"href":"https:\/\/sgvaimudar.com.br\/index.php\/wp-json\/wp\/v2\/tags?post=25031"}],"curies":[{"name":"wp","href":"https:\/\/api.w.org\/{rel}","templated":true}]}}