{"id":24990,"date":"2025-05-14T21:00:00","date_gmt":"2025-05-15T00:00:00","guid":{"rendered":"https:\/\/sgvaimudar.com.br\/?p=24990"},"modified":"2025-05-14T09:50:17","modified_gmt":"2025-05-14T12:50:17","slug":"uruguai-se-despede-de-jose-mujica-com-velorio-no-parlamento-e-luto-de-tres-dias","status":"publish","type":"post","link":"https:\/\/sgvaimudar.com.br\/index.php\/2025\/05\/14\/uruguai-se-despede-de-jose-mujica-com-velorio-no-parlamento-e-luto-de-tres-dias\/","title":{"rendered":"Uruguai se despede de Jos\u00e9 Mujica com vel\u00f3rio no Parlamento e luto de tr\u00eas dias"},"content":{"rendered":"\n<p><em>Ex-presidente ser\u00e1 velado at\u00e9 16 de maio em Montevid\u00e9u; multid\u00e3o presta homenagens ao l\u00edder hist\u00f3rico<\/em><\/p>\n\n\n\n<p>O Uruguai iniciou nesta quarta-feira (14) tr\u00eas dias de luto nacional em homenagem ao ex-presidente Jos\u00e9 \u201cPepe\u201d Mujica, que\u00a0faleceu na ter\u00e7a-feira (13), aos 89 anos, ap\u00f3s uma batalha contra o c\u00e2ncer de es\u00f4fago. As cerim\u00f4nias de despedida ocorrem no Parlamento uruguaio, em Montevid\u00e9u, onde milhares de pessoas j\u00e1 se re\u00fanem para prestar suas \u00faltimas homenagens ao l\u00edder que se tornou um s\u00edmbolo de simplicidade, resist\u00eancia e compromisso social.<\/p>\n\n\n\n<p>O vel\u00f3rio de Mujica no Parlamento transformou o centro de Montevid\u00e9u em um ponto de peregrina\u00e7\u00e3o, com filas que se estendem por quarteir\u00f5es. Cidad\u00e3os de todas as idades, portando flores e bandeiras, aguardam para se despedir do ex-presidente. O governo uruguaio informou que o cortejo f\u00fanebre ser\u00e1 realizado na manh\u00e3 do dia 16 de maio, quando o corpo de Mujica ser\u00e1 sepultado no Cemit\u00e9rio Central de Montevid\u00e9u.<\/p>\n\n\n\n<p>O presidente do Uruguai, Yamand\u00fa Orsi, acompanhou o traslado do corpo de Mujica desde sua resid\u00eancia na zona rural da capital at\u00e9 o Parlamento. Em uma mensagem emocionada nas redes sociais, Orsi destacou o legado do ex-presidente: \u201cSentiremos muito a sua falta, velho querido\u201d.<\/p>\n\n\n\n<p>Mujica vinha recebendo cuidados paliativos em casa, onde era assistido por sua esposa, Luc\u00eda Topolansky, tamb\u00e9m ex-vice-presidente. Diagnosticado com c\u00e2ncer de es\u00f4fago em 2024, Mujica optou por n\u00e3o seguir com tratamentos agressivos, priorizando o controle da dor e o conforto ao lado da fam\u00edlia.<\/p>\n\n\n\n<p>O vel\u00f3rio de Jos\u00e9 Mujica segue at\u00e9 o dia 16 de maio no Parlamento uruguaio, com a presen\u00e7a esperada de l\u00edderes pol\u00edticos, representantes internacionais e cidad\u00e3os que o consideram um exemplo de \u00e9tica e simplicidade na pol\u00edtica. O cortejo f\u00fanebre ocorrer\u00e1 na manh\u00e3 de quinta-feira, encerrando uma despedida marcada por emo\u00e7\u00e3o e respeito.<\/p>\n\n\n\n<p><strong>VIDA SIMPLES <\/strong>&#8211; Nascido em 20 de maio de 1935, nos arredores de Montevid\u00e9u, Jos\u00e9 Mujica cresceu em uma fam\u00edlia humilde e ingressou na pol\u00edtica ainda jovem. Na d\u00e9cada de 1960, tornou-se membro dos Tupamaros, um movimento guerrilheiro que combatia a ditadura militar no pa\u00eds. Foi preso quatro vezes e passou cerca de 14 anos na pris\u00e3o, muitos deles em solit\u00e1rias e sob tortura.<\/p>\n\n\n\n<p>Ap\u00f3s o fim do regime militar, em 1985, Mujica foi libertado gra\u00e7as \u00e0 anistia e tornou-se uma das principais vozes da esquerda uruguaia. Em 2009, foi eleito presidente do Uruguai, derrotando o conservador Luis Alberto Lacalle, e assumiu o cargo em 2010. Durante seu mandato, adotou pol\u00edticas progressistas, como a descriminaliza\u00e7\u00e3o do aborto, a regulamenta\u00e7\u00e3o da maconha e a legaliza\u00e7\u00e3o do casamento entre pessoas do mesmo sexo.<\/p>\n\n\n\n<p><strong>HUMILDADE <\/strong>&#8211; Conhecido como o \u201cpresidente mais pobre do mundo\u201d, Mujica recusou-se a morar no pal\u00e1cio presidencial e viveu em sua modesta ch\u00e1cara, Rinc\u00f3n del Cerro, com sua esposa Luc\u00eda e seu cachorro de tr\u00eas patas. Mesmo como presidente, doava grande parte de seu sal\u00e1rio para institui\u00e7\u00f5es sociais.<\/p>\n\n\n\n<p>\u201cQuando estou no campo, \u00e0s vezes paro para ver como um passarinho constr\u00f3i seu ninho. Ele nasceu com o programa. Ele j\u00e1 \u00e9 arquiteto. Ningu\u00e9m o ensinou\u201d, disse Mujica em uma entrevista ao\u00a0<em>New York Times<\/em>, refletindo sobre sua vis\u00e3o simples e filos\u00f3fica da vida.<\/p>\n\n\n\n<p>Ap\u00f3s deixar a presid\u00eancia em 2015, foi eleito senador, mas renunciou ao cargo em 2020 devido a problemas de sa\u00fade. Mesmo afastado da pol\u00edtica ativa, permaneceu uma refer\u00eancia \u00e9tica e moral para a esquerda latino-americana e um exemplo de lideran\u00e7a marcada pela simplicidade e pelo compromisso social.<\/p>\n\n\n\n<p><em>Fonte Ag\u00eancia Brasil<\/em><\/p>\n\n\n\n<p><strong><em>S\u00e3o Gon\u00e7alo vai mudar: Not\u00edcias de S\u00e3o Gon\u00e7alo e toda regi\u00e3o.<\/em><\/strong><\/p>\n\n\n\n<figure class=\"wp-block-image size-large\"><img fetchpriority=\"high\" decoding=\"async\" width=\"1024\" height=\"252\" src=\"https:\/\/sgvaimudar.com.br\/wp-content\/uploads\/2023\/10\/Anuncie-Aqui-Sao-Goncalo-vai-mudar-1-1024x252.jpg\" alt=\"\" class=\"wp-image-3620\" srcset=\"https:\/\/sgvaimudar.com.br\/wp-content\/uploads\/2023\/10\/Anuncie-Aqui-Sao-Goncalo-vai-mudar-1-1024x252.jpg 1024w, https:\/\/sgvaimudar.com.br\/wp-content\/uploads\/2023\/10\/Anuncie-Aqui-Sao-Goncalo-vai-mudar-1-300x74.jpg 300w, https:\/\/sgvaimudar.com.br\/wp-content\/uploads\/2023\/10\/Anuncie-Aqui-Sao-Goncalo-vai-mudar-1-768x189.jpg 768w, https:\/\/sgvaimudar.com.br\/wp-content\/uploads\/2023\/10\/Anuncie-Aqui-Sao-Goncalo-vai-mudar-1-1536x378.jpg 1536w, https:\/\/sgvaimudar.com.br\/wp-content\/uploads\/2023\/10\/Anuncie-Aqui-Sao-Goncalo-vai-mudar-1-2048x504.jpg 2048w\" sizes=\"(max-width: 1024px) 100vw, 1024px\" \/><\/figure>\n","protected":false},"excerpt":{"rendered":"<p>Ex-presidente ser\u00e1 velado at\u00e9 16 de maio em Montevid\u00e9u; multid\u00e3o presta homenagens ao l\u00edder hist\u00f3rico O Uruguai iniciou nesta quarta-feira&hellip;<\/p>\n","protected":false},"author":5,"featured_media":24991,"comment_status":"open","ping_status":"open","sticky":false,"template":"","format":"standard","meta":{"fifu_image_url":"","fifu_image_alt":"","footnotes":""},"categories":[1],"tags":[],"class_list":["post-24990","post","type-post","status-publish","format-standard","has-post-thumbnail","hentry","category-mundo"],"_links":{"self":[{"href":"https:\/\/sgvaimudar.com.br\/index.php\/wp-json\/wp\/v2\/posts\/24990","targetHints":{"allow":["GET"]}}],"collection":[{"href":"https:\/\/sgvaimudar.com.br\/index.php\/wp-json\/wp\/v2\/posts"}],"about":[{"href":"https:\/\/sgvaimudar.com.br\/index.php\/wp-json\/wp\/v2\/types\/post"}],"author":[{"embeddable":true,"href":"https:\/\/sgvaimudar.com.br\/index.php\/wp-json\/wp\/v2\/users\/5"}],"replies":[{"embeddable":true,"href":"https:\/\/sgvaimudar.com.br\/index.php\/wp-json\/wp\/v2\/comments?post=24990"}],"version-history":[{"count":1,"href":"https:\/\/sgvaimudar.com.br\/index.php\/wp-json\/wp\/v2\/posts\/24990\/revisions"}],"predecessor-version":[{"id":24992,"href":"https:\/\/sgvaimudar.com.br\/index.php\/wp-json\/wp\/v2\/posts\/24990\/revisions\/24992"}],"wp:featuredmedia":[{"embeddable":true,"href":"https:\/\/sgvaimudar.com.br\/index.php\/wp-json\/wp\/v2\/media\/24991"}],"wp:attachment":[{"href":"https:\/\/sgvaimudar.com.br\/index.php\/wp-json\/wp\/v2\/media?parent=24990"}],"wp:term":[{"taxonomy":"category","embeddable":true,"href":"https:\/\/sgvaimudar.com.br\/index.php\/wp-json\/wp\/v2\/categories?post=24990"},{"taxonomy":"post_tag","embeddable":true,"href":"https:\/\/sgvaimudar.com.br\/index.php\/wp-json\/wp\/v2\/tags?post=24990"}],"curies":[{"name":"wp","href":"https:\/\/api.w.org\/{rel}","templated":true}]}}