{"id":24987,"date":"2025-05-14T19:00:00","date_gmt":"2025-05-14T22:00:00","guid":{"rendered":"https:\/\/sgvaimudar.com.br\/?p=24987"},"modified":"2025-05-14T09:43:48","modified_gmt":"2025-05-14T12:43:48","slug":"prefeitura-de-itaborai-leva-servicos-de-saude-beleza-e-cidadania-para-moradores-de-manilha","status":"publish","type":"post","link":"https:\/\/sgvaimudar.com.br\/index.php\/2025\/05\/14\/prefeitura-de-itaborai-leva-servicos-de-saude-beleza-e-cidadania-para-moradores-de-manilha\/","title":{"rendered":"Prefeitura de Itabora\u00ed leva servi\u00e7os de sa\u00fade, beleza e cidadania para moradores de Manilha"},"content":{"rendered":"\n<p><em>A iniciativa contou com apoio da Secretaria Municipal de Sa\u00fade e da Subsecretaria de \u00c1lcool e Drogas<\/em><\/p>\n\n\n\n<p>A manh\u00e3 desta ter\u00e7a-feira (13\/05) foi de cuidado e aten\u00e7\u00e3o para os moradores de Manilha. O munic\u00edpio de Itabora\u00ed, por meio da Secretaria Municipal de Desenvolvimento Social, realizou mais uma edi\u00e7\u00e3o do programa \u201cCuidando da Nossa Gente\u201d, que levou diversos servi\u00e7os gratuitos \u00e0 popula\u00e7\u00e3o local. <\/p>\n\n\n\n<p>O trabalho, al\u00e9m de dar visibilidade para a campanha Maio Laranja, promoveu o combate contra o abuso e a explora\u00e7\u00e3o sexual de crian\u00e7as e adolescentes.<\/p>\n\n\n\n<p>Durante a a\u00e7\u00e3o, foram oferecidos cortes de cabelo masculino e feminino, tran\u00e7as afro, orienta\u00e7\u00f5es de sa\u00fade bucal, panfletagem informativa sobre preven\u00e7\u00e3o ao uso de \u00e1lcool e drogas, al\u00e9m da vacina\u00e7\u00e3o contra a gripe. A expectativa era de atender entre 150 e 200 pessoas ao longo do dia. A a\u00e7\u00e3o aconteceu das 9h \u00e0s 15h, na regi\u00e3o central do bairro Manilha.<\/p>\n\n\n\n<p>Para a secret\u00e1ria municipal de Desenvolvimento Social, Mariany Baldow, a a\u00e7\u00e3o tem como foco levar servi\u00e7os essenciais \u00e0s \u00e1reas mais vulner\u00e1veis do munic\u00edpio.<\/p>\n\n\n\n<p>\u201cEstamos sempre atentos para atender as pontas, que s\u00e3o as regi\u00f5es que mais precisam. Manilha, com todas as mudan\u00e7as que est\u00e1 passando, tem demonstrado uma demanda muito alta. Ontem mesmo, enquanto a equipe montava a estrutura, os moradores j\u00e1 estavam perguntando o que iria acontecer. Isso mostra a import\u00e2ncia desse trabalho. \u00c9 gratificante ver a satisfa\u00e7\u00e3o das pessoas com esse cuidado\u201d, destacou a secret\u00e1ria.<\/p>\n\n\n\n<p>Quem aproveitou a manh\u00e3 para renovar o visual foi o auxiliar de servi\u00e7os gerais Andr\u00e9 da Silva, de 55 anos, morador de Manilha. Ele elogiou a iniciativa e a transforma\u00e7\u00e3o que vem percebendo na cidade.<\/p>\n\n\n\n<p>\u201cMaravilhoso! Aqui em Manilha est\u00e1 \u00f3timo. A cidade est\u00e1 de parab\u00e9ns. Nem todo mundo tem dinheiro para isso, e a\u00e7\u00f5es assim ajudam muito. Est\u00e1 tudo ficando muito bonito. Isso faz diferen\u00e7a na nossa vida\u201d, afirmou Andr\u00e9.<\/p>\n\n\n\n<p>A a\u00e7\u00e3o &#8220;Cuidando da Nossa Gente&#8221; tem percorrido diversos bairros da cidade, promovendo inclus\u00e3o social, bem-estar e acesso facilitado a servi\u00e7os essenciais para a popula\u00e7\u00e3o itaboraiense.<\/p>\n\n\n\n<p><strong><em>S\u00e3o Gon\u00e7alo vai mudar: Not\u00edcias de S\u00e3o Gon\u00e7alo e toda regi\u00e3o.<\/em><\/strong><\/p>\n\n\n\n<figure class=\"wp-block-image size-large\"><img fetchpriority=\"high\" decoding=\"async\" width=\"1024\" height=\"252\" src=\"https:\/\/sgvaimudar.com.br\/wp-content\/uploads\/2025\/03\/Anuncie-Aqui-Sao-Goncalo-vai-mudar-1024x252.jpg\" alt=\"\" class=\"wp-image-22693\" srcset=\"https:\/\/sgvaimudar.com.br\/wp-content\/uploads\/2025\/03\/Anuncie-Aqui-Sao-Goncalo-vai-mudar-1024x252.jpg 1024w, https:\/\/sgvaimudar.com.br\/wp-content\/uploads\/2025\/03\/Anuncie-Aqui-Sao-Goncalo-vai-mudar-300x74.jpg 300w, https:\/\/sgvaimudar.com.br\/wp-content\/uploads\/2025\/03\/Anuncie-Aqui-Sao-Goncalo-vai-mudar-768x189.jpg 768w, https:\/\/sgvaimudar.com.br\/wp-content\/uploads\/2025\/03\/Anuncie-Aqui-Sao-Goncalo-vai-mudar-1536x378.jpg 1536w, https:\/\/sgvaimudar.com.br\/wp-content\/uploads\/2025\/03\/Anuncie-Aqui-Sao-Goncalo-vai-mudar-2048x504.jpg 2048w\" sizes=\"(max-width: 1024px) 100vw, 1024px\" \/><\/figure>\n","protected":false},"excerpt":{"rendered":"<p>A iniciativa contou com apoio da Secretaria Municipal de Sa\u00fade e da Subsecretaria de \u00c1lcool e Drogas A manh\u00e3 desta&hellip;<\/p>\n","protected":false},"author":5,"featured_media":24988,"comment_status":"open","ping_status":"open","sticky":false,"template":"","format":"standard","meta":{"fifu_image_url":"","fifu_image_alt":"","footnotes":""},"categories":[7],"tags":[],"class_list":["post-24987","post","type-post","status-publish","format-standard","has-post-thumbnail","hentry","category-saude"],"_links":{"self":[{"href":"https:\/\/sgvaimudar.com.br\/index.php\/wp-json\/wp\/v2\/posts\/24987","targetHints":{"allow":["GET"]}}],"collection":[{"href":"https:\/\/sgvaimudar.com.br\/index.php\/wp-json\/wp\/v2\/posts"}],"about":[{"href":"https:\/\/sgvaimudar.com.br\/index.php\/wp-json\/wp\/v2\/types\/post"}],"author":[{"embeddable":true,"href":"https:\/\/sgvaimudar.com.br\/index.php\/wp-json\/wp\/v2\/users\/5"}],"replies":[{"embeddable":true,"href":"https:\/\/sgvaimudar.com.br\/index.php\/wp-json\/wp\/v2\/comments?post=24987"}],"version-history":[{"count":1,"href":"https:\/\/sgvaimudar.com.br\/index.php\/wp-json\/wp\/v2\/posts\/24987\/revisions"}],"predecessor-version":[{"id":24989,"href":"https:\/\/sgvaimudar.com.br\/index.php\/wp-json\/wp\/v2\/posts\/24987\/revisions\/24989"}],"wp:featuredmedia":[{"embeddable":true,"href":"https:\/\/sgvaimudar.com.br\/index.php\/wp-json\/wp\/v2\/media\/24988"}],"wp:attachment":[{"href":"https:\/\/sgvaimudar.com.br\/index.php\/wp-json\/wp\/v2\/media?parent=24987"}],"wp:term":[{"taxonomy":"category","embeddable":true,"href":"https:\/\/sgvaimudar.com.br\/index.php\/wp-json\/wp\/v2\/categories?post=24987"},{"taxonomy":"post_tag","embeddable":true,"href":"https:\/\/sgvaimudar.com.br\/index.php\/wp-json\/wp\/v2\/tags?post=24987"}],"curies":[{"name":"wp","href":"https:\/\/api.w.org\/{rel}","templated":true}]}}