{"id":24965,"date":"2025-05-14T11:59:00","date_gmt":"2025-05-14T14:59:00","guid":{"rendered":"https:\/\/sgvaimudar.com.br\/?p=24965"},"modified":"2025-05-14T08:38:48","modified_gmt":"2025-05-14T11:38:48","slug":"policia-ambiental-flagra-movimentacao-do-solo-e-supressao-de-vegetacao-em-bairro-de-niteroi-apos-denuncia","status":"publish","type":"post","link":"https:\/\/sgvaimudar.com.br\/index.php\/2025\/05\/14\/policia-ambiental-flagra-movimentacao-do-solo-e-supressao-de-vegetacao-em-bairro-de-niteroi-apos-denuncia\/","title":{"rendered":"Pol\u00edcia Ambiental flagra movimenta\u00e7\u00e3o do solo e supress\u00e3o de vegeta\u00e7\u00e3o em bairro de Niter\u00f3i ap\u00f3s den\u00fancia\u00a0"},"content":{"rendered":"\n<p><em>Uma equipe da 6\u00aa UPAm (Serra da Tiririca) esteve na Rua Deputado Jorge Cury, em Itaipu<\/em><\/p>\n\n\n\n<p>Os policiais militares do Comando de Pol\u00edcia Ambiental, com informa\u00e7\u00f5es encaminhadas pelo programa Linha Verde, do Disque Den\u00fancia (2253 1177), realizaram na \u00faltima segunda-feira (12) fiscaliza\u00e7\u00e3o em um condom\u00ednio de Niter\u00f3i, onde identificaram a degrada\u00e7\u00e3o ambiental de uma \u00e1rea com 900 metros quadrados.<\/p>\n\n\n\n<p>Ao cumprirem a ordem de policiamento que tinha como base averiguar a den\u00fancia, uma equipe da 6\u00aa UPAm (Serra da Tiririca) esteve na Rua Deputado Jorge Cury, em Itaipu,\u00a0 onde observou a supress\u00e3o de vegeta\u00e7\u00e3o e movimenta\u00e7\u00e3o do solo com aux\u00edlio de maquin\u00e1rio. <\/p>\n\n\n\n<p>Os policiais foram recebidos no local pelo encarregado de obras, que apresentou uma autoriza\u00e7\u00e3o para a retirada de 59 \u00e1rvores, por\u00e9m, de acordo com os policiais militares, foram encontradas algumas irregularidades, como a utiliza\u00e7\u00e3o de uma retroescavadeira e a movimenta\u00e7\u00e3o do solo. <\/p>\n\n\n\n<p>Ainda segundo a Unidade de Policiamento Ambiental do Parque Estadual da Serra da Tiririca, nos fundos do lote havia um curso de \u00e1gua, caracterizando uma \u00e1rea de preserva\u00e7\u00e3o permanente. <\/p>\n\n\n\n<p>Enquanto a equipe realizava vistoria, um caminh\u00e3o basculante que fora utilizado para descartar as \u00e1rvores em local desconhecido, se aproximou do local. Diante dos fatos, os agentes procederam \u00e0 81\u00aa DP, onde a ocorr\u00eancia foi registrada.<\/p>\n\n\n\n<p>Para denunciar crimes ambientais, a popula\u00e7\u00e3o pode ligar 24 horas, sete dias da semana, para o telefone (21) 2253-1177 e para o 0300 253 1177, ambos com WhatsApp anonimizado &#8211; t\u00e9cnica de processamento de dados que remove ou modifica informa\u00e7\u00f5es que possam identificar uma pessoa, ou ent\u00e3o pelo App &#8220;Disque Den\u00fancia RJ&#8221;. <\/p>\n\n\n\n<p>\u00c9 poss\u00edvel denunciar ainda pelo site do Disque Den\u00fancia (www.disquedenuncia.org.br) ou ainda pela FanPage do Linha Verde no facebook (<a href=\"http:\/\/www.facebook.com\/linhaverdedd\"><strong>www.facebook.com\/linhaverdedd<\/strong><\/a>).<\/p>\n\n\n\n<p><strong><em>Fa\u00e7a sua den\u00fancia pelo nosso WhatsApp: (21) <\/em><\/strong><strong><em>99744 5345<\/em><\/strong><strong><em><\/em><\/strong><\/p>\n\n\n\n<p><strong><em>S\u00e3o Gon\u00e7alo vai mudar: Not\u00edcias de S\u00e3o Gon\u00e7alo e toda regi\u00e3o.<\/em><\/strong><\/p>\n\n\n\n<figure class=\"wp-block-image size-large\"><img fetchpriority=\"high\" decoding=\"async\" width=\"1024\" height=\"252\" src=\"https:\/\/sgvaimudar.com.br\/wp-content\/uploads\/2025\/03\/Anuncie-Aqui-Sao-Goncalo-vai-mudar-1024x252.jpg\" alt=\"\" class=\"wp-image-22693\" srcset=\"https:\/\/sgvaimudar.com.br\/wp-content\/uploads\/2025\/03\/Anuncie-Aqui-Sao-Goncalo-vai-mudar-1024x252.jpg 1024w, https:\/\/sgvaimudar.com.br\/wp-content\/uploads\/2025\/03\/Anuncie-Aqui-Sao-Goncalo-vai-mudar-300x74.jpg 300w, https:\/\/sgvaimudar.com.br\/wp-content\/uploads\/2025\/03\/Anuncie-Aqui-Sao-Goncalo-vai-mudar-768x189.jpg 768w, https:\/\/sgvaimudar.com.br\/wp-content\/uploads\/2025\/03\/Anuncie-Aqui-Sao-Goncalo-vai-mudar-1536x378.jpg 1536w, https:\/\/sgvaimudar.com.br\/wp-content\/uploads\/2025\/03\/Anuncie-Aqui-Sao-Goncalo-vai-mudar-2048x504.jpg 2048w\" sizes=\"(max-width: 1024px) 100vw, 1024px\" \/><\/figure>\n","protected":false},"excerpt":{"rendered":"<p>Uma equipe da 6\u00aa UPAm (Serra da Tiririca) esteve na Rua Deputado Jorge Cury, em Itaipu Os policiais militares do&hellip;<\/p>\n","protected":false},"author":5,"featured_media":24966,"comment_status":"open","ping_status":"open","sticky":false,"template":"","format":"standard","meta":{"fifu_image_url":"","fifu_image_alt":"","footnotes":""},"categories":[32],"tags":[],"class_list":["post-24965","post","type-post","status-publish","format-standard","has-post-thumbnail","hentry","category-casos-de-policia"],"_links":{"self":[{"href":"https:\/\/sgvaimudar.com.br\/index.php\/wp-json\/wp\/v2\/posts\/24965","targetHints":{"allow":["GET"]}}],"collection":[{"href":"https:\/\/sgvaimudar.com.br\/index.php\/wp-json\/wp\/v2\/posts"}],"about":[{"href":"https:\/\/sgvaimudar.com.br\/index.php\/wp-json\/wp\/v2\/types\/post"}],"author":[{"embeddable":true,"href":"https:\/\/sgvaimudar.com.br\/index.php\/wp-json\/wp\/v2\/users\/5"}],"replies":[{"embeddable":true,"href":"https:\/\/sgvaimudar.com.br\/index.php\/wp-json\/wp\/v2\/comments?post=24965"}],"version-history":[{"count":1,"href":"https:\/\/sgvaimudar.com.br\/index.php\/wp-json\/wp\/v2\/posts\/24965\/revisions"}],"predecessor-version":[{"id":24967,"href":"https:\/\/sgvaimudar.com.br\/index.php\/wp-json\/wp\/v2\/posts\/24965\/revisions\/24967"}],"wp:featuredmedia":[{"embeddable":true,"href":"https:\/\/sgvaimudar.com.br\/index.php\/wp-json\/wp\/v2\/media\/24966"}],"wp:attachment":[{"href":"https:\/\/sgvaimudar.com.br\/index.php\/wp-json\/wp\/v2\/media?parent=24965"}],"wp:term":[{"taxonomy":"category","embeddable":true,"href":"https:\/\/sgvaimudar.com.br\/index.php\/wp-json\/wp\/v2\/categories?post=24965"},{"taxonomy":"post_tag","embeddable":true,"href":"https:\/\/sgvaimudar.com.br\/index.php\/wp-json\/wp\/v2\/tags?post=24965"}],"curies":[{"name":"wp","href":"https:\/\/api.w.org\/{rel}","templated":true}]}}