{"id":24956,"date":"2025-05-14T11:00:00","date_gmt":"2025-05-14T14:00:00","guid":{"rendered":"https:\/\/sgvaimudar.com.br\/?p=24956"},"modified":"2025-05-14T08:27:45","modified_gmt":"2025-05-14T11:27:45","slug":"educacao-promove-atividade-com-responsaveis-atipicos","status":"publish","type":"post","link":"https:\/\/sgvaimudar.com.br\/index.php\/2025\/05\/14\/educacao-promove-atividade-com-responsaveis-atipicos\/","title":{"rendered":"Educa\u00e7\u00e3o promove atividade com respons\u00e1veis at\u00edpicos"},"content":{"rendered":"\n<p><em>&#8220;Cuidar de quem cuida&#8221; oferece palestras e servi\u00e7os de sa\u00fade<\/em><\/p>\n\n\n\n<p>A Secretaria de Educa\u00e7\u00e3o da Prefeitura de S\u00e3o Gon\u00e7alo iniciou, nesta ter\u00e7a-feira (13), o evento \u201cCuidar de Quem Cuida\u201d para m\u00e3es e respons\u00e1veis de alunos da rede municipal de ensino. <\/p>\n\n\n\n<p>A atividade contou com palestras para respons\u00e1veis at\u00edpicos e, numa parceria com a Secretaria de Sa\u00fade, aferi\u00e7\u00e3o de press\u00e3o e glicose, teste r\u00e1pido de IST, auriculoterapia e vacina\u00e7\u00e3o. O evento continua nesta quarta-feira (14), com outras palestras e atividades para os respons\u00e1veis.<\/p>\n\n\n\n<p>\u201cEsta \u00e9 a quarta edi\u00e7\u00e3o da Semana Cuidar de Quem Cuida e queremos passar a mensagem de que o cuidado n\u00e3o \u00e9 algo isolado, \u00e9 um compromisso de amor. Espero que este seja um espa\u00e7o de escuta, troca de experi\u00eancia e de fortalecimento. Agrade\u00e7o \u00e0 Secretaria de Sa\u00fade por vir fazer essa a\u00e7\u00e3o aqui em conjunto, intensificando ainda mais esse cuidado\u201d, afirmou a subsecret\u00e1ria de A\u00e7\u00f5es Pedag\u00f3gicas, Eliane Melo.<\/p>\n\n\n\n<figure class=\"wp-block-image size-full\"><img fetchpriority=\"high\" decoding=\"async\" width=\"1024\" height=\"681\" src=\"https:\/\/sgvaimudar.com.br\/wp-content\/uploads\/2025\/05\/unnamed-1-10.jpg\" alt=\"\" class=\"wp-image-24957\" srcset=\"https:\/\/sgvaimudar.com.br\/wp-content\/uploads\/2025\/05\/unnamed-1-10.jpg 1024w, https:\/\/sgvaimudar.com.br\/wp-content\/uploads\/2025\/05\/unnamed-1-10-300x200.jpg 300w, https:\/\/sgvaimudar.com.br\/wp-content\/uploads\/2025\/05\/unnamed-1-10-768x511.jpg 768w\" sizes=\"(max-width: 1024px) 100vw, 1024px\" \/><\/figure>\n\n\n\n<p>Emocionada com o acolhimento e a fala direcionada aos respons\u00e1veis de alunos at\u00edpicos, a m\u00e3e do Samuel, de 5 anos, Ana Cl\u00e1udia Lisboa, entende que a\u00e7\u00f5es como essa fazem toda a diferen\u00e7a para os respons\u00e1veis.<\/p>\n\n\n\n<p>\u201cEstou achando fant\u00e1stico, \u00e9 tudo que a gente precisa, se sentir acolhida e abra\u00e7ada, \u00e9 um carinho muito grande, desde a decora\u00e7\u00e3o at\u00e9 o conte\u00fado, que tem muita qualidade. S\u00e3o falas muito assertivas e emocionantes. Al\u00e9m disso, tamb\u00e9m estamos tendo a oportunidade de cuidar um pouquinho da sa\u00fade\u201d, afirmou a m\u00e3e.<\/p>\n\n\n\n<p><em>Fotos: Luiz Carvalho<\/em><\/p>\n\n\n\n<p><strong><em>S\u00e3o Gon\u00e7alo vai mudar: Not\u00edcias de S\u00e3o Gon\u00e7alo e toda regi\u00e3o.<\/em><\/strong><\/p>\n\n\n\n<figure class=\"wp-block-image size-large\"><img decoding=\"async\" width=\"1024\" height=\"252\" src=\"https:\/\/sgvaimudar.com.br\/wp-content\/uploads\/2025\/03\/Anuncie-Aqui-Sao-Goncalo-vai-mudar-1024x252.jpg\" alt=\"\" class=\"wp-image-22693\" srcset=\"https:\/\/sgvaimudar.com.br\/wp-content\/uploads\/2025\/03\/Anuncie-Aqui-Sao-Goncalo-vai-mudar-1024x252.jpg 1024w, https:\/\/sgvaimudar.com.br\/wp-content\/uploads\/2025\/03\/Anuncie-Aqui-Sao-Goncalo-vai-mudar-300x74.jpg 300w, https:\/\/sgvaimudar.com.br\/wp-content\/uploads\/2025\/03\/Anuncie-Aqui-Sao-Goncalo-vai-mudar-768x189.jpg 768w, https:\/\/sgvaimudar.com.br\/wp-content\/uploads\/2025\/03\/Anuncie-Aqui-Sao-Goncalo-vai-mudar-1536x378.jpg 1536w, https:\/\/sgvaimudar.com.br\/wp-content\/uploads\/2025\/03\/Anuncie-Aqui-Sao-Goncalo-vai-mudar-2048x504.jpg 2048w\" sizes=\"(max-width: 1024px) 100vw, 1024px\" \/><\/figure>\n","protected":false},"excerpt":{"rendered":"<p>&#8220;Cuidar de quem cuida&#8221; oferece palestras e servi\u00e7os de sa\u00fade A Secretaria de Educa\u00e7\u00e3o da Prefeitura de S\u00e3o Gon\u00e7alo iniciou,&hellip;<\/p>\n","protected":false},"author":5,"featured_media":24958,"comment_status":"open","ping_status":"open","sticky":false,"template":"","format":"standard","meta":{"fifu_image_url":"","fifu_image_alt":"","footnotes":""},"categories":[3],"tags":[],"class_list":["post-24956","post","type-post","status-publish","format-standard","has-post-thumbnail","hentry","category-sao-goncalo"],"_links":{"self":[{"href":"https:\/\/sgvaimudar.com.br\/index.php\/wp-json\/wp\/v2\/posts\/24956","targetHints":{"allow":["GET"]}}],"collection":[{"href":"https:\/\/sgvaimudar.com.br\/index.php\/wp-json\/wp\/v2\/posts"}],"about":[{"href":"https:\/\/sgvaimudar.com.br\/index.php\/wp-json\/wp\/v2\/types\/post"}],"author":[{"embeddable":true,"href":"https:\/\/sgvaimudar.com.br\/index.php\/wp-json\/wp\/v2\/users\/5"}],"replies":[{"embeddable":true,"href":"https:\/\/sgvaimudar.com.br\/index.php\/wp-json\/wp\/v2\/comments?post=24956"}],"version-history":[{"count":2,"href":"https:\/\/sgvaimudar.com.br\/index.php\/wp-json\/wp\/v2\/posts\/24956\/revisions"}],"predecessor-version":[{"id":24960,"href":"https:\/\/sgvaimudar.com.br\/index.php\/wp-json\/wp\/v2\/posts\/24956\/revisions\/24960"}],"wp:featuredmedia":[{"embeddable":true,"href":"https:\/\/sgvaimudar.com.br\/index.php\/wp-json\/wp\/v2\/media\/24958"}],"wp:attachment":[{"href":"https:\/\/sgvaimudar.com.br\/index.php\/wp-json\/wp\/v2\/media?parent=24956"}],"wp:term":[{"taxonomy":"category","embeddable":true,"href":"https:\/\/sgvaimudar.com.br\/index.php\/wp-json\/wp\/v2\/categories?post=24956"},{"taxonomy":"post_tag","embeddable":true,"href":"https:\/\/sgvaimudar.com.br\/index.php\/wp-json\/wp\/v2\/tags?post=24956"}],"curies":[{"name":"wp","href":"https:\/\/api.w.org\/{rel}","templated":true}]}}