{"id":24940,"date":"2025-05-14T08:59:00","date_gmt":"2025-05-14T11:59:00","guid":{"rendered":"https:\/\/sgvaimudar.com.br\/?p=24940"},"modified":"2025-05-14T08:04:17","modified_gmt":"2025-05-14T11:04:17","slug":"pm-e-baleado-durante-operacao-em-sao-goncalo-e-morre-no-heat-suspeito-tambem-ficou-ferido","status":"publish","type":"post","link":"https:\/\/sgvaimudar.com.br\/index.php\/2025\/05\/14\/pm-e-baleado-durante-operacao-em-sao-goncalo-e-morre-no-heat-suspeito-tambem-ficou-ferido\/","title":{"rendered":"PM \u00e9 baleado durante opera\u00e7\u00e3o em S\u00e3o Gon\u00e7alo e morre no Heat; suspeito est\u00e1 em estado grave"},"content":{"rendered":"\n<p><em>O cabo Maxmiliano estava na corpora\u00e7\u00e3o h\u00e1 11 anos<\/em><\/p>\n\n\n\n<p>O policial militar Maximiliano Ferreira Costa, de 41 anos, morreu na noite desta ter\u00e7a-feira no Hospital Estadual Alberto Torres (Heat), em S\u00e3o Gon\u00e7alo, conforme informado pela unidade. <\/p>\n\n\n\n<p>O agente havia sido baleado durante uma opera\u00e7\u00e3o do 7\u00ba BPM (S\u00e3o Gon\u00e7alo) no bairro do Coluband\u00ea, ocasi\u00e3o em que o acusado Jhonnatan dos Santos  Matias, de 35 anos, foi preso e um outro suspeito identificado como Ryan Claudio Silva de Melo, de 22 anos, que ficou ferido, tamb\u00e9m foi atendido no mesmo hospital.<\/p>\n\n\n\n<p>De acordo com a PM, os dois fuzis foram apreendidos na a\u00e7\u00e3o com Jhonnatan dos Santos. Segundo a ocorr\u00eancia, os agentes do servi\u00e7o de intelig\u00eancia foram verificar uma den\u00fancia sobre a presen\u00e7a de criminosos armados. Houve confronto ap\u00f3s ataque a tiros dos criminosos. <\/p>\n\n\n\n<figure class=\"wp-block-image size-large\"><img fetchpriority=\"high\" decoding=\"async\" width=\"768\" height=\"1024\" src=\"https:\/\/sgvaimudar.com.br\/wp-content\/uploads\/2025\/05\/WhatsApp-Image-2025-05-14-at-07.26.15-768x1024.jpeg\" alt=\"\" class=\"wp-image-24941\" srcset=\"https:\/\/sgvaimudar.com.br\/wp-content\/uploads\/2025\/05\/WhatsApp-Image-2025-05-14-at-07.26.15-768x1024.jpeg 768w, https:\/\/sgvaimudar.com.br\/wp-content\/uploads\/2025\/05\/WhatsApp-Image-2025-05-14-at-07.26.15-225x300.jpeg 225w, https:\/\/sgvaimudar.com.br\/wp-content\/uploads\/2025\/05\/WhatsApp-Image-2025-05-14-at-07.26.15-1152x1536.jpeg 1152w, https:\/\/sgvaimudar.com.br\/wp-content\/uploads\/2025\/05\/WhatsApp-Image-2025-05-14-at-07.26.15.jpeg 1200w\" sizes=\"(max-width: 768px) 100vw, 768px\" \/><\/figure>\n\n\n\n<p>O agente da PM baleado com v\u00e1rios disparos foi levado para o centro cir\u00fargico. No entanto, ele teve tr\u00eas paradas e, na \u00faltima delas, os m\u00e9dicos n\u00e3o conseguiram reanim\u00e1-lo. J\u00e1 Ryan Claudio est\u00e1 em estado grave.<\/p>\n\n\n\n<p>De acordo com a Pol\u00edcia Militar, Maxmiliano estava na corpora\u00e7\u00e3o h\u00e1 11 anos e j\u00e1 havia atuado em batalh\u00f5es como o de Choque e o de Vias Expressas (BPVE). O agente deixa esposa.<\/p>\n\n\n\n<p>A ocorr\u00eancia foi registrada na 74\u00aa DP (Alc\u00e2ntara).<\/p>\n\n\n\n<p><strong><em>Fa\u00e7a sua den\u00fancia pelo nosso WhatsApp: (21) <\/em><\/strong><strong><em>99744 5345<\/em><\/strong><strong><em><\/em><\/strong><\/p>\n\n\n\n<p><strong><em>S\u00e3o Gon\u00e7alo vai mudar: Not\u00edcias de S\u00e3o Gon\u00e7alo e toda regi\u00e3o.<\/em><\/strong><\/p>\n\n\n\n<figure class=\"wp-block-image size-large\"><img decoding=\"async\" width=\"1024\" height=\"46\" src=\"https:\/\/sgvaimudar.com.br\/wp-content\/uploads\/2023\/08\/Anuncie-Aqui-Sao-Goncalo-vai-mudar-1024x46.png\" alt=\"\" class=\"wp-image-2740\" srcset=\"https:\/\/sgvaimudar.com.br\/wp-content\/uploads\/2023\/08\/Anuncie-Aqui-Sao-Goncalo-vai-mudar-1024x46.png 1024w, https:\/\/sgvaimudar.com.br\/wp-content\/uploads\/2023\/08\/Anuncie-Aqui-Sao-Goncalo-vai-mudar-300x13.png 300w, https:\/\/sgvaimudar.com.br\/wp-content\/uploads\/2023\/08\/Anuncie-Aqui-Sao-Goncalo-vai-mudar-768x35.png 768w, https:\/\/sgvaimudar.com.br\/wp-content\/uploads\/2023\/08\/Anuncie-Aqui-Sao-Goncalo-vai-mudar-1536x69.png 1536w, https:\/\/sgvaimudar.com.br\/wp-content\/uploads\/2023\/08\/Anuncie-Aqui-Sao-Goncalo-vai-mudar.png 2002w\" sizes=\"(max-width: 1024px) 100vw, 1024px\" \/><\/figure>\n\n\n\n<p><\/p>\n","protected":false},"excerpt":{"rendered":"<p>O cabo Maxmiliano estava na corpora\u00e7\u00e3o h\u00e1 11 anos O policial militar Maximiliano Ferreira Costa, de 41 anos, morreu na&hellip;<\/p>\n","protected":false},"author":5,"featured_media":24942,"comment_status":"open","ping_status":"open","sticky":false,"template":"","format":"standard","meta":{"fifu_image_url":"","fifu_image_alt":"","footnotes":""},"categories":[32],"tags":[],"class_list":["post-24940","post","type-post","status-publish","format-standard","has-post-thumbnail","hentry","category-casos-de-policia"],"_links":{"self":[{"href":"https:\/\/sgvaimudar.com.br\/index.php\/wp-json\/wp\/v2\/posts\/24940","targetHints":{"allow":["GET"]}}],"collection":[{"href":"https:\/\/sgvaimudar.com.br\/index.php\/wp-json\/wp\/v2\/posts"}],"about":[{"href":"https:\/\/sgvaimudar.com.br\/index.php\/wp-json\/wp\/v2\/types\/post"}],"author":[{"embeddable":true,"href":"https:\/\/sgvaimudar.com.br\/index.php\/wp-json\/wp\/v2\/users\/5"}],"replies":[{"embeddable":true,"href":"https:\/\/sgvaimudar.com.br\/index.php\/wp-json\/wp\/v2\/comments?post=24940"}],"version-history":[{"count":2,"href":"https:\/\/sgvaimudar.com.br\/index.php\/wp-json\/wp\/v2\/posts\/24940\/revisions"}],"predecessor-version":[{"id":24944,"href":"https:\/\/sgvaimudar.com.br\/index.php\/wp-json\/wp\/v2\/posts\/24940\/revisions\/24944"}],"wp:featuredmedia":[{"embeddable":true,"href":"https:\/\/sgvaimudar.com.br\/index.php\/wp-json\/wp\/v2\/media\/24942"}],"wp:attachment":[{"href":"https:\/\/sgvaimudar.com.br\/index.php\/wp-json\/wp\/v2\/media?parent=24940"}],"wp:term":[{"taxonomy":"category","embeddable":true,"href":"https:\/\/sgvaimudar.com.br\/index.php\/wp-json\/wp\/v2\/categories?post=24940"},{"taxonomy":"post_tag","embeddable":true,"href":"https:\/\/sgvaimudar.com.br\/index.php\/wp-json\/wp\/v2\/tags?post=24940"}],"curies":[{"name":"wp","href":"https:\/\/api.w.org\/{rel}","templated":true}]}}