{"id":24905,"date":"2025-05-13T14:00:00","date_gmt":"2025-05-13T17:00:00","guid":{"rendered":"https:\/\/sgvaimudar.com.br\/?p=24905"},"modified":"2025-05-13T08:53:57","modified_gmt":"2025-05-13T11:53:57","slug":"teatro-municipal-de-sg-vai-receber-espetaculo-de-bale-e-show-de-rock-esta-semana","status":"publish","type":"post","link":"https:\/\/sgvaimudar.com.br\/index.php\/2025\/05\/13\/teatro-municipal-de-sg-vai-receber-espetaculo-de-bale-e-show-de-rock-esta-semana\/","title":{"rendered":"Teatro Municipal de SG vai receber espet\u00e1culo de bal\u00e9 e show de rock esta semana"},"content":{"rendered":"\n<p><em>Programa\u00e7\u00e3o diversificada atende a toda fam\u00edlia gon\u00e7alense\u00a0<\/em><\/p>\n\n\n\n<p>Nesta semana, a programa\u00e7\u00e3o do Teatro Municipal de S\u00e3o Gon\u00e7alo contar\u00e1 com diversas apresenta\u00e7\u00f5es, como espet\u00e1culo de bal\u00e9 e show de rock. As apresenta\u00e7\u00f5es come\u00e7am na quinta (15) e na sexta-feira (16), quando o Centro Artes Dimens\u00f5es (Cenarte) mais os projetos Rumo, Escad\u00e3o e FEL realizar\u00e3o um lindo espet\u00e1culo, sob a dire\u00e7\u00e3o de Igor Lopes e Alinne Kelly.<\/p>\n\n\n\n<p>Na quinta e sexta-feira, os espet\u00e1culos ter\u00e3o in\u00edcio \u00e0s 20h. As turmas de bal\u00e9 cl\u00e1ssico apresentar\u00e3o trechos dos grandes repert\u00f3rios e tamb\u00e9m coreografias de cl\u00e1ssico livre. Ser\u00e1 uma grande celebra\u00e7\u00e3o do bal\u00e9 cl\u00e1ssico na cidade, com alunos profissionais que dan\u00e7ar\u00e3o numa noite de magia e puro romantismo.<\/p>\n\n\n\n<figure class=\"wp-block-image size-large\"><img fetchpriority=\"high\" decoding=\"async\" width=\"1024\" height=\"682\" src=\"https:\/\/sgvaimudar.com.br\/wp-content\/uploads\/2025\/05\/unnamed-6-6-1024x682.jpg\" alt=\"\" class=\"wp-image-24906\" srcset=\"https:\/\/sgvaimudar.com.br\/wp-content\/uploads\/2025\/05\/unnamed-6-6-1024x682.jpg 1024w, https:\/\/sgvaimudar.com.br\/wp-content\/uploads\/2025\/05\/unnamed-6-6-300x200.jpg 300w, https:\/\/sgvaimudar.com.br\/wp-content\/uploads\/2025\/05\/unnamed-6-6-768x512.jpg 768w, https:\/\/sgvaimudar.com.br\/wp-content\/uploads\/2025\/05\/unnamed-6-6.jpg 1280w\" sizes=\"(max-width: 1024px) 100vw, 1024px\" \/><\/figure>\n\n\n\n<p>Entre os repert\u00f3rios ser\u00e3o apresentadas varia\u00e7\u00f5es dos grandes cl\u00e1ssicos como Lago dos Cisnes, Dom Quixote, A Bela Adormecida e muito mais. Os ingressos podem ser adquiridos pelo telefone da produ\u00e7\u00e3o: (21) 96782-2372.<\/p>\n\n\n\n<p>J\u00e1 no domingo (18), \u00e0s 18h, o teatro recebe os Raivosos, que lan\u00e7a turn\u00ea do primeiro \u00e1lbum com shows no Rio de Janeiro. A iniciativa faz parte do edital &#8220;Esse Tal de Rock\u2019n Roll&#8221;, promovido pelo Governo do Estado do Rio de Janeiro e pela Secretaria de Estado de Cultura e Economia Criativa, que apoia a cena do rock independente no Estado.<\/p>\n\n\n\n<p>A turn\u00ea marca o lan\u00e7amento do primeiro \u00e1lbum de est\u00fadio da banda Raivosos, intitulado &#8220;Depois do Come\u00e7o, Antes do Fim&#8221;. Com letras marcantes em portugu\u00eas e arranjos inovadores, o disco apresenta uma sonoridade aut\u00eantica, mesclando o rock a diversas influ\u00eancias musicais.<\/p>\n\n\n\n<p>Os ingressos podem ser adquiridos no Sympla:&nbsp;<a href=\"https:\/\/click.cse360.com.br\/Click\/AddCampaignEmailClick\/9f336120-fbe3-497a-7c61-08dd8bfbc49d\/https%253a%252f%252fwww.sympla.com.br%252fevento%252fraivosos-a-nova-geracao-do-rock-turne-depois-do-comeco-antes-do-fim-sao-goncalo%252f2909225%253ftoken%253d1126bb5c924b4e255c2bc5d06fe61877\/ac66966e-2b55-4484-fb2c-08dc491eed5f\/jornalistaws@gmail.com\/False\" rel=\"noreferrer noopener\" target=\"_blank\"><u>https:\/\/www.sympla.com.br\/evento\/raivosos-a-nova-geracao-do-rock-turne-depois-do-comeco-antes-do-fim-sao-goncalo\/2909225?token=1126bb5c924b4e255c2bc5d06fe61877<\/u><\/a>.&nbsp;<\/p>\n\n\n\n<p><em>Fotos: Ascom<\/em><\/p>\n\n\n\n<p><strong><em>S\u00e3o Gon\u00e7alo vai mudar: Not\u00edcias de S\u00e3o Gon\u00e7alo e toda regi\u00e3o.<\/em><\/strong><\/p>\n\n\n\n<figure class=\"wp-block-image size-large\"><img decoding=\"async\" width=\"1024\" height=\"252\" src=\"https:\/\/sgvaimudar.com.br\/wp-content\/uploads\/2025\/03\/Anuncie-Aqui-Sao-Goncalo-vai-mudar-1024x252.jpg\" alt=\"\" class=\"wp-image-22693\" srcset=\"https:\/\/sgvaimudar.com.br\/wp-content\/uploads\/2025\/03\/Anuncie-Aqui-Sao-Goncalo-vai-mudar-1024x252.jpg 1024w, https:\/\/sgvaimudar.com.br\/wp-content\/uploads\/2025\/03\/Anuncie-Aqui-Sao-Goncalo-vai-mudar-300x74.jpg 300w, https:\/\/sgvaimudar.com.br\/wp-content\/uploads\/2025\/03\/Anuncie-Aqui-Sao-Goncalo-vai-mudar-768x189.jpg 768w, https:\/\/sgvaimudar.com.br\/wp-content\/uploads\/2025\/03\/Anuncie-Aqui-Sao-Goncalo-vai-mudar-1536x378.jpg 1536w, https:\/\/sgvaimudar.com.br\/wp-content\/uploads\/2025\/03\/Anuncie-Aqui-Sao-Goncalo-vai-mudar-2048x504.jpg 2048w\" sizes=\"(max-width: 1024px) 100vw, 1024px\" \/><\/figure>\n","protected":false},"excerpt":{"rendered":"<p>Programa\u00e7\u00e3o diversificada atende a toda fam\u00edlia gon\u00e7alense\u00a0 Nesta semana, a programa\u00e7\u00e3o do Teatro Municipal de S\u00e3o Gon\u00e7alo contar\u00e1 com diversas&hellip;<\/p>\n","protected":false},"author":5,"featured_media":24907,"comment_status":"open","ping_status":"open","sticky":false,"template":"","format":"standard","meta":{"fifu_image_url":"","fifu_image_alt":"","footnotes":""},"categories":[6],"tags":[],"class_list":["post-24905","post","type-post","status-publish","format-standard","has-post-thumbnail","hentry","category-entretenimento"],"_links":{"self":[{"href":"https:\/\/sgvaimudar.com.br\/index.php\/wp-json\/wp\/v2\/posts\/24905","targetHints":{"allow":["GET"]}}],"collection":[{"href":"https:\/\/sgvaimudar.com.br\/index.php\/wp-json\/wp\/v2\/posts"}],"about":[{"href":"https:\/\/sgvaimudar.com.br\/index.php\/wp-json\/wp\/v2\/types\/post"}],"author":[{"embeddable":true,"href":"https:\/\/sgvaimudar.com.br\/index.php\/wp-json\/wp\/v2\/users\/5"}],"replies":[{"embeddable":true,"href":"https:\/\/sgvaimudar.com.br\/index.php\/wp-json\/wp\/v2\/comments?post=24905"}],"version-history":[{"count":2,"href":"https:\/\/sgvaimudar.com.br\/index.php\/wp-json\/wp\/v2\/posts\/24905\/revisions"}],"predecessor-version":[{"id":24910,"href":"https:\/\/sgvaimudar.com.br\/index.php\/wp-json\/wp\/v2\/posts\/24905\/revisions\/24910"}],"wp:featuredmedia":[{"embeddable":true,"href":"https:\/\/sgvaimudar.com.br\/index.php\/wp-json\/wp\/v2\/media\/24907"}],"wp:attachment":[{"href":"https:\/\/sgvaimudar.com.br\/index.php\/wp-json\/wp\/v2\/media?parent=24905"}],"wp:term":[{"taxonomy":"category","embeddable":true,"href":"https:\/\/sgvaimudar.com.br\/index.php\/wp-json\/wp\/v2\/categories?post=24905"},{"taxonomy":"post_tag","embeddable":true,"href":"https:\/\/sgvaimudar.com.br\/index.php\/wp-json\/wp\/v2\/tags?post=24905"}],"curies":[{"name":"wp","href":"https:\/\/api.w.org\/{rel}","templated":true}]}}