{"id":24858,"date":"2025-05-12T19:00:00","date_gmt":"2025-05-12T22:00:00","guid":{"rendered":"https:\/\/sgvaimudar.com.br\/?p=24858"},"modified":"2025-05-12T10:38:06","modified_gmt":"2025-05-12T13:38:06","slug":"audiencia-publica-na-alerj-na-sexta-16-marca-os-cinco-anos-da-morte-do-jovem-goncalense","status":"publish","type":"post","link":"https:\/\/sgvaimudar.com.br\/index.php\/2025\/05\/12\/audiencia-publica-na-alerj-na-sexta-16-marca-os-cinco-anos-da-morte-do-jovem-goncalense\/","title":{"rendered":"Audi\u00eancia P\u00fablica na Alerj, na sexta 16, marca os cinco anos da morte do jovem gon\u00e7alense"},"content":{"rendered":"\n<p><em>A 6\u00aa C\u00e2mara Criminal do Tribunal de Justi\u00e7a do Rio de Janeiro, marcou o julgamento em segunda inst\u00e2ncia para esta ter\u00e7a-feira (13\/5)<\/em><\/p>\n\n\n\n<p>No pr\u00f3ximo dia 16 de maio (sexta-feira), \u00e0s 10 horas, a Assembleia Legislativa do Rio de Janeiro (Alerj), atrav\u00e9s do deputado Professor Josemar (PSOL), vai realizar uma audi\u00eancia p\u00fablica sobre o caso Jo\u00e3o Pedro.<\/p>\n\n\n\n<p>A audi\u00eancia vai marcar os cinco anos da morte do adolescente e tem o objetivo de ouvir a fam\u00edlia de Jo\u00e3o Pedro, renovar a visibilidade do caso e indicar encaminhamentos para reverter a decis\u00e3o da Justi\u00e7a do Rio, que, em julho passado, absolveu os policiais Mauro Jos\u00e9 Gon\u00e7alves, Maxwell Gomes Pereira e Fernando de Brito Meister da Core- Coordenadoria de Recursos Especiais da Pol\u00edcia Civil do Rio de Janeiro, acusados da morte do adolescente.<\/p>\n\n\n\n<p>A 6\u00aa C\u00e2mara Criminal do Tribunal de Justi\u00e7a do Rio de Janeiro, marcou o julgamento em segunda inst\u00e2ncia para esta ter\u00e7a-feira (13\/5). No mesmo dia ser\u00e1 realizado o \u201cAto Justi\u00e7a para Jo\u00e3o Pedro\u201d, \u00e0s 10h, em frente ao Tribunal, na Avenida Erasmo Braga, no Centro do Rio, com o objetivo de pedir que os r\u00e9us sejam levados a j\u00fari popular.<\/p>\n\n\n\n<p>Entre os convidados para a audi\u00eancia p\u00fablica est\u00e3o os pais de Jo\u00e3o Pedro, Rafaela Matos e Neilton Pinto; Pedro Carriello, que \u00e9 o defensor p\u00fablico do caso Jo\u00e3o Pedro; o deputado federal Pastor Henrique Vieira (Psol); M\u00f4nica Alckmin e M\u00e1rcia Gatto, do Conselho Estadual da Crian\u00e7a e do Adolescente; e Eufr\u00e1sia Maria Souza, da Defensoria P\u00fablica do Estado do Rio de Janeiro; o ex-presidente da Comiss\u00e3o de Direitos Humanos da OAB\/RJ, Italo Pires; e Maria Inez da ONG Rio de Paz.<\/p>\n\n\n\n<p>Tamb\u00e9m estar\u00e3o presentes representantes do Ibase &#8211; Instituto Brasileiro de An\u00e1lises Sociais e Econ\u00f4micas; do IDPN &#8211; Instituto de Defesa da Popula\u00e7\u00e3o Negra; do Instituto Fogo Cruzado e m\u00e3es que perderam filhos por conta da viol\u00eancia estatal.<\/p>\n\n\n\n<p><strong>Relembre o Caso<\/strong><\/p>\n\n\n\n<p>O adolescente de 14 anos, Jo\u00e3o Pedro Mattos, foi baleado no dia 18 de maio de 2020 com um tiro de fuzil durante uma opera\u00e7\u00e3o das pol\u00edcias Civil e Federal no Complexo do Salgueiro, em S\u00e3o Gon\u00e7alo. <\/p>\n\n\n\n<p>A casa onde o jovem estava com amigos e primos foi invadida por policiais, que segundo a fam\u00edlia entraram atirando. O adolescente chegou a ser socorrido, mas n\u00e3o resistiu. De acordo com a Pol\u00edcia Civil, naquele momento acontecia uma opera\u00e7\u00e3o conjunta entre as pol\u00edcias federal e civil que buscava cumprir dois mandados de busca e apreens\u00e3o contra l\u00edderes de uma fac\u00e7\u00e3o criminosa que atuava na localidade.<\/p>\n\n\n\n<p>Os policiais foram indiciados pela Pol\u00edcia Civil e a Justi\u00e7a aceitou a den\u00fancia apresentada pelo Minist\u00e9rio P\u00fablico do Estado do Rio de Janeiro (MP\/RJ), tornando-os r\u00e9us por homic\u00eddio duplamente qualificado. Entre os fatos levantados pelo MPRJ, est\u00e1 o de que, enquanto aguardavam a chegada dos peritos da Delegacia de Homic\u00eddios de S\u00e3o Gon\u00e7alo (DHNSG), os policiais alteraram o local do crime.<\/p>\n\n\n\n<p>No ano de 2024 o Tribunal de Justi\u00e7a do Rio de Janeiro (TJ\/RJ), por decis\u00e3o da ju\u00edza Juliana Bessa Ferraz Krykhtine, absolveu os policiais com o argumento de que n\u00e3o havia provas suficientes que sustentassem a continuidade do processo. O Minist\u00e9rio P\u00fablico do Rio de Janeiro recorreu da decis\u00e3o para que houvesse o novo julgamento agora marcado.<\/p>\n\n\n\n<p><strong><em>Fa\u00e7a sua den\u00fancia pelo nosso WhatsApp: (21) <\/em><\/strong><strong><em>99744 5345<\/em><\/strong><strong><em><\/em><\/strong><\/p>\n\n\n\n<p><strong><em>S\u00e3o Gon\u00e7alo vai mudar: Not\u00edcias de S\u00e3o Gon\u00e7alo e toda regi\u00e3o.<\/em><\/strong><\/p>\n\n\n\n<figure class=\"wp-block-image size-large\"><img fetchpriority=\"high\" decoding=\"async\" width=\"1024\" height=\"252\" src=\"https:\/\/sgvaimudar.com.br\/wp-content\/uploads\/2025\/03\/Anuncie-Aqui-Sao-Goncalo-vai-mudar-1024x252.jpg\" alt=\"\" class=\"wp-image-22693\" srcset=\"https:\/\/sgvaimudar.com.br\/wp-content\/uploads\/2025\/03\/Anuncie-Aqui-Sao-Goncalo-vai-mudar-1024x252.jpg 1024w, https:\/\/sgvaimudar.com.br\/wp-content\/uploads\/2025\/03\/Anuncie-Aqui-Sao-Goncalo-vai-mudar-300x74.jpg 300w, https:\/\/sgvaimudar.com.br\/wp-content\/uploads\/2025\/03\/Anuncie-Aqui-Sao-Goncalo-vai-mudar-768x189.jpg 768w, https:\/\/sgvaimudar.com.br\/wp-content\/uploads\/2025\/03\/Anuncie-Aqui-Sao-Goncalo-vai-mudar-1536x378.jpg 1536w, https:\/\/sgvaimudar.com.br\/wp-content\/uploads\/2025\/03\/Anuncie-Aqui-Sao-Goncalo-vai-mudar-2048x504.jpg 2048w\" sizes=\"(max-width: 1024px) 100vw, 1024px\" \/><\/figure>\n","protected":false},"excerpt":{"rendered":"<p>A 6\u00aa C\u00e2mara Criminal do Tribunal de Justi\u00e7a do Rio de Janeiro, marcou o julgamento em segunda inst\u00e2ncia para esta&hellip;<\/p>\n","protected":false},"author":5,"featured_media":24859,"comment_status":"open","ping_status":"open","sticky":false,"template":"","format":"standard","meta":{"fifu_image_url":"","fifu_image_alt":"","footnotes":""},"categories":[32],"tags":[],"class_list":["post-24858","post","type-post","status-publish","format-standard","has-post-thumbnail","hentry","category-casos-de-policia"],"_links":{"self":[{"href":"https:\/\/sgvaimudar.com.br\/index.php\/wp-json\/wp\/v2\/posts\/24858","targetHints":{"allow":["GET"]}}],"collection":[{"href":"https:\/\/sgvaimudar.com.br\/index.php\/wp-json\/wp\/v2\/posts"}],"about":[{"href":"https:\/\/sgvaimudar.com.br\/index.php\/wp-json\/wp\/v2\/types\/post"}],"author":[{"embeddable":true,"href":"https:\/\/sgvaimudar.com.br\/index.php\/wp-json\/wp\/v2\/users\/5"}],"replies":[{"embeddable":true,"href":"https:\/\/sgvaimudar.com.br\/index.php\/wp-json\/wp\/v2\/comments?post=24858"}],"version-history":[{"count":1,"href":"https:\/\/sgvaimudar.com.br\/index.php\/wp-json\/wp\/v2\/posts\/24858\/revisions"}],"predecessor-version":[{"id":24860,"href":"https:\/\/sgvaimudar.com.br\/index.php\/wp-json\/wp\/v2\/posts\/24858\/revisions\/24860"}],"wp:featuredmedia":[{"embeddable":true,"href":"https:\/\/sgvaimudar.com.br\/index.php\/wp-json\/wp\/v2\/media\/24859"}],"wp:attachment":[{"href":"https:\/\/sgvaimudar.com.br\/index.php\/wp-json\/wp\/v2\/media?parent=24858"}],"wp:term":[{"taxonomy":"category","embeddable":true,"href":"https:\/\/sgvaimudar.com.br\/index.php\/wp-json\/wp\/v2\/categories?post=24858"},{"taxonomy":"post_tag","embeddable":true,"href":"https:\/\/sgvaimudar.com.br\/index.php\/wp-json\/wp\/v2\/tags?post=24858"}],"curies":[{"name":"wp","href":"https:\/\/api.w.org\/{rel}","templated":true}]}}