{"id":24851,"date":"2025-05-12T15:00:00","date_gmt":"2025-05-12T18:00:00","guid":{"rendered":"https:\/\/sgvaimudar.com.br\/?p=24851"},"modified":"2025-05-12T10:17:35","modified_gmt":"2025-05-12T13:17:35","slug":"show-de-thalles-roberto-emociona-publico-em-rio-bonito","status":"publish","type":"post","link":"https:\/\/sgvaimudar.com.br\/index.php\/2025\/05\/12\/show-de-thalles-roberto-emociona-publico-em-rio-bonito\/","title":{"rendered":"Show de Thalles Roberto emociona p\u00fablico em Rio Bonito"},"content":{"rendered":"\n<p><em>Antes do show, teve apresenta\u00e7\u00e3o do Coral Beth\u00e2nia<\/em><\/p>\n\n\n\n<p>Em mais uma noite em comemora\u00e7\u00e3o ao anivers\u00e1rio de 179 anos de Rio Bonito, a cidade recebeu uma celebra\u00e7\u00e3o emocionante com o show do cantor Thalles Roberto, que levou o p\u00fablico a momentos de alegria e reflex\u00e3o. O evento, promovido pela Prefeitura de Rio Bonito, reuniu moradores e visitantes que se uniram em um ambiente de f\u00e9 e comunh\u00e3o, embalada pelas can\u00e7\u00f5es inspiradoras do artista.<\/p>\n\n\n\n<p>Antes do show, teve apresenta\u00e7\u00e3o do Coral Beth\u00e2nia, al\u00e9m de prega\u00e7\u00e3o e testemunho de f\u00e9 comandada pela Uni\u00e3o de Pastores de Rio Bonito (UNIPAS) com a participa\u00e7\u00e3o de pastores, l\u00edderes e igrejas da cidade, entre outras atra\u00e7\u00f5es. Durante o evento, os pastores reafirmaram o compromisso de continuar intercedendo por Rio Bonito, pois cr\u00eaem que tempos de restaura\u00e7\u00e3o, salva\u00e7\u00e3o e avivamento est\u00e3o chegando.<\/p>\n\n\n\n<figure class=\"wp-block-image size-full\"><img fetchpriority=\"high\" decoding=\"async\" width=\"1024\" height=\"683\" src=\"https:\/\/sgvaimudar.com.br\/wp-content\/uploads\/2025\/05\/8demaio-0334-1024x683-1.jpg\" alt=\"\" class=\"wp-image-24853\" srcset=\"https:\/\/sgvaimudar.com.br\/wp-content\/uploads\/2025\/05\/8demaio-0334-1024x683-1.jpg 1024w, https:\/\/sgvaimudar.com.br\/wp-content\/uploads\/2025\/05\/8demaio-0334-1024x683-1-300x200.jpg 300w, https:\/\/sgvaimudar.com.br\/wp-content\/uploads\/2025\/05\/8demaio-0334-1024x683-1-768x512.jpg 768w\" sizes=\"(max-width: 1024px) 100vw, 1024px\" \/><\/figure>\n\n\n\n<p>A atra\u00e7\u00e3o principal da noite, o cantor Thalles Roberto encantou a plat\u00e9ia com uma apresenta\u00e7\u00e3o repleta de energia e mensagens positivas, conectando o p\u00fablico e refor\u00e7ando os valores de uni\u00e3o e paz que marcam o esp\u00edrito da cidade. O artista conhecido pela m\u00fasica crist\u00e3 contempor\u00e2nea, com sucessos como \u201cDeus da Minha Vida\u201d e \u201cArde Outra Vez\u201d, fez um show marcados por um momento \u00fanico de louvor e de f\u00e9 para a comunidade.<\/p>\n\n\n\n<p><strong>Espa\u00e7o de Inclus\u00e3o \u2013<\/strong>\u00a0Um dos grandes destaques durantes os s\u00e3o os servi\u00e7os de acessibilidade para as pessoas com defici\u00eancia, oferecidos pela primeira vez no munic\u00edpio. Estacionamento para PCDs (sujeito a disponibilidade de vagas); Banheiro acess\u00edvel; \u00c1rea sensorial; Empr\u00e9stimo de abafadores; Int\u00e9rpretes de LIBRAS; Pranchas de Comunica\u00e7\u00e3o Alternativa (PECs) e \u00c1rea exclusiva para PCDs. Al\u00e9m de v\u00e1rios pontos para alimenta\u00e7\u00e3o, a \u00e1rea de shows da Mangueirinha tamb\u00e9m ganhou destaque pela seguran\u00e7a, com revista e proibi\u00e7\u00e3o de entrada de bebidas alco\u00f3licas e coolers, e pelas equipes m\u00e9dicas que fazem plant\u00e3o no local. Essa estrutura estar\u00e1 presente em todos os dias da festa.<\/p>\n\n\n\n<p>Outro destaque \u00e9 a estrutura de comunica\u00e7\u00e3o montada pela prefeitura que, est\u00e1 fazendo a transmiss\u00e3o online dos shows e entrevista dando mais comodidades para quem n\u00e3o pode participar dos festejos da cidade. Acesse o link e curta o primeiro show da festa:\u00a0<a rel=\"noreferrer noopener\" href=\"https:\/\/www.facebook.com\/share\/v\/12Lv2gT9AmN\/?mibextid=wwXIfr\" target=\"_blank\">https:\/\/www.facebook.com\/share\/v\/12Lv2gT9AmN\/?mibextid=wwXIfr<\/a>.<\/p>\n\n\n\n<p><strong><em>S\u00e3o Gon\u00e7alo vai mudar: Not\u00edcias de S\u00e3o Gon\u00e7alo e toda regi\u00e3o.<\/em><\/strong><\/p>\n\n\n\n<figure class=\"wp-block-image size-large\"><img decoding=\"async\" width=\"1024\" height=\"46\" src=\"https:\/\/sgvaimudar.com.br\/wp-content\/uploads\/2023\/08\/Anuncie-Aqui-Sao-Goncalo-vai-mudar-1024x46.png\" alt=\"\" class=\"wp-image-2740\" srcset=\"https:\/\/sgvaimudar.com.br\/wp-content\/uploads\/2023\/08\/Anuncie-Aqui-Sao-Goncalo-vai-mudar-1024x46.png 1024w, https:\/\/sgvaimudar.com.br\/wp-content\/uploads\/2023\/08\/Anuncie-Aqui-Sao-Goncalo-vai-mudar-300x13.png 300w, https:\/\/sgvaimudar.com.br\/wp-content\/uploads\/2023\/08\/Anuncie-Aqui-Sao-Goncalo-vai-mudar-768x35.png 768w, https:\/\/sgvaimudar.com.br\/wp-content\/uploads\/2023\/08\/Anuncie-Aqui-Sao-Goncalo-vai-mudar-1536x69.png 1536w, https:\/\/sgvaimudar.com.br\/wp-content\/uploads\/2023\/08\/Anuncie-Aqui-Sao-Goncalo-vai-mudar.png 2002w\" sizes=\"(max-width: 1024px) 100vw, 1024px\" \/><\/figure>\n","protected":false},"excerpt":{"rendered":"<p>Antes do show, teve apresenta\u00e7\u00e3o do Coral Beth\u00e2nia Em mais uma noite em comemora\u00e7\u00e3o ao anivers\u00e1rio de 179 anos de&hellip;<\/p>\n","protected":false},"author":5,"featured_media":24852,"comment_status":"open","ping_status":"open","sticky":false,"template":"","format":"standard","meta":{"fifu_image_url":"","fifu_image_alt":"","footnotes":""},"categories":[6],"tags":[],"class_list":["post-24851","post","type-post","status-publish","format-standard","has-post-thumbnail","hentry","category-entretenimento"],"_links":{"self":[{"href":"https:\/\/sgvaimudar.com.br\/index.php\/wp-json\/wp\/v2\/posts\/24851","targetHints":{"allow":["GET"]}}],"collection":[{"href":"https:\/\/sgvaimudar.com.br\/index.php\/wp-json\/wp\/v2\/posts"}],"about":[{"href":"https:\/\/sgvaimudar.com.br\/index.php\/wp-json\/wp\/v2\/types\/post"}],"author":[{"embeddable":true,"href":"https:\/\/sgvaimudar.com.br\/index.php\/wp-json\/wp\/v2\/users\/5"}],"replies":[{"embeddable":true,"href":"https:\/\/sgvaimudar.com.br\/index.php\/wp-json\/wp\/v2\/comments?post=24851"}],"version-history":[{"count":1,"href":"https:\/\/sgvaimudar.com.br\/index.php\/wp-json\/wp\/v2\/posts\/24851\/revisions"}],"predecessor-version":[{"id":24854,"href":"https:\/\/sgvaimudar.com.br\/index.php\/wp-json\/wp\/v2\/posts\/24851\/revisions\/24854"}],"wp:featuredmedia":[{"embeddable":true,"href":"https:\/\/sgvaimudar.com.br\/index.php\/wp-json\/wp\/v2\/media\/24852"}],"wp:attachment":[{"href":"https:\/\/sgvaimudar.com.br\/index.php\/wp-json\/wp\/v2\/media?parent=24851"}],"wp:term":[{"taxonomy":"category","embeddable":true,"href":"https:\/\/sgvaimudar.com.br\/index.php\/wp-json\/wp\/v2\/categories?post=24851"},{"taxonomy":"post_tag","embeddable":true,"href":"https:\/\/sgvaimudar.com.br\/index.php\/wp-json\/wp\/v2\/tags?post=24851"}],"curies":[{"name":"wp","href":"https:\/\/api.w.org\/{rel}","templated":true}]}}