{"id":24845,"date":"2025-05-12T12:00:00","date_gmt":"2025-05-12T15:00:00","guid":{"rendered":"https:\/\/sgvaimudar.com.br\/?p=24845"},"modified":"2025-05-12T09:56:56","modified_gmt":"2025-05-12T12:56:56","slug":"medicas-atuam-juntas-no-atendimento-as-criancas-do-hospital-estadual-alberto-torres-em-sao-goncalo","status":"publish","type":"post","link":"https:\/\/sgvaimudar.com.br\/index.php\/2025\/05\/12\/medicas-atuam-juntas-no-atendimento-as-criancas-do-hospital-estadual-alberto-torres-em-sao-goncalo\/","title":{"rendered":"M\u00e9dicas atuam juntas no atendimento \u00e0s crian\u00e7as do Hospital Estadual Alberto Torres, em S\u00e3o Gon\u00e7alo"},"content":{"rendered":"\n<p><em>M\u00e3e e filha realizam atendimentos em conjunto<\/em><\/p>\n\n\n\n<p>A pediatra Melissa Mon\u00e7\u00e3o, que atua no Hospital Estadual Alberto Torres (Heat), localizado no bairro Coludand\u00ea, em S\u00e3o Gon\u00e7alo, tem um cotidiano de trabalho diferenciado. Diariamente, ela convive com a m\u00e3e, Martha Mon\u00e7\u00e3o, sua maior refer\u00eancia na medicina e na vida. <\/p>\n\n\n\n<p>M\u00e3e e filha realizam atendimentos em conjunto \u00e0s crian\u00e7as internadas na enfermaria e na emerg\u00eancia do Heat, unidade da Secretaria de Estado de Sa\u00fade (SES-RJ), que conta com tecnologia de ponta e \u00e9 refer\u00eancia no estado do Rio de Janeiro quando o assunto \u00e9 salvar vidas.<\/p>\n\n\n\n<p>\u201cPor muitas vezes durante o dia, eu a chamo de &#8216;m\u00e3e&#8217; na frente dos pacientes. Quando eles descobrem que somos m\u00e3e e filha, ficam felizes e muito mais confiantes no tratamento. Sei que sou privilegiada por trabalhar com a minha m\u00e3e, que sempre foi a minha inspira\u00e7\u00e3o na vida e na profiss\u00e3o. Desde pequenininha, eu a acompanhava em hospitais e n\u00e3o tive d\u00favidas em querer ser pediatra. Na verdade, queria ser igual a ela. Hoje, eu tenho 20 anos de profiss\u00e3o e ela foi abrindo os meus caminhos\u201d, afirmou Melissa, que tem mais dois irm\u00e3os, sendo um deles tamb\u00e9m pediatra.<\/p>\n\n\n\n<p>Hoje, ela \u00e9 coordenadora de emerg\u00eancia pedi\u00e1trica no HEAT e a sua m\u00e3e \u00e9 coordenadora da interna\u00e7\u00e3o na mesma unidade. \u201cLogo, nossas rotinas se encontram e trabalhamos juntas. Ela me ajuda com a experi\u00eancia cl\u00ednica e eu a ajudo um pouco na parte tecnol\u00f3gica\u201d, contou Melissa.<\/p>\n\n\n\n<p>Com 52 anos de profiss\u00e3o, a m\u00e9dica Martha lembra que o amor \u00e0 pediatria sempre foi fundamental para enfrentar o desafio de conciliar a cria\u00e7\u00e3o dos filhos e os cuidados aos seus pequenos pacientes.<\/p>\n\n\n\n<p>\u201cPara uma m\u00e3e, ter os filhos formados \u00e9 um presente na vida. Sempre trabalhei muito. Foram muitos plant\u00f5es e atendimentos em diferentes hospitais neste tempo todo de profiss\u00e3o. Comecei na profiss\u00e3o em 1973. A medicina mudou muito, mas n\u00e3o mudou o amor necess\u00e1rio para ser uma pediatra. \u00c9 preciso amar crian\u00e7as e tamb\u00e9m abra\u00e7ar as m\u00e3es diariamente\u201d, disse Martha, que \u00e9 av\u00f3 de cinco netos.<\/p>\n\n\n\n<p>As m\u00e9dicas pontuam que o amor e a dedica\u00e7\u00e3o das m\u00e3es dos pequenos pacientes s\u00e3o imprescind\u00edveis no processo de cura. Logo, o olhar do profissional de pediatria deve tamb\u00e9m se debru\u00e7ar sobre a fam\u00edlia, especialmente as m\u00e3es que costumam acompanhar mais de perto a interna\u00e7\u00e3o dos seus filhos, ficando por at\u00e9 longos per\u00edodos no hospital.<\/p>\n\n\n\n<p>\u201cA pediatria \u00e9 uma especialidade diferente. Voc\u00ea tem que amar, dar carinho, acolher a fam\u00edlia. \u00c9 preciso um envolvimento maior, sentimental\u201d, observa Melissa. \u201cO importante \u00e9 que esse afeto seja demonstrado para as fam\u00edlias. Vamos valorizar a m\u00e3e, ela \u00e9 a continuidade da vida. O conv\u00edvio com ela tem que ser com harmonia, tem que ser com reconhecimento. Precisamos passar essa mensagem de valoriza\u00e7\u00e3o da vida atrav\u00e9s da m\u00e3e. \u00c9 isso que praticamos aqui diariamente\u201d, completou Martha.<\/p>\n\n\n\n<p>M\u00e3e do paciente Pedro Henrique de Souza da Concei\u00e7\u00e3o, de 13 anos, Daniele Souza, moradora de Tribob\u00f3, est\u00e1 h\u00e1 um m\u00eas acompanhando a interna\u00e7\u00e3o do filho. \u201cAcho muito lindo saber que as m\u00e9dicas s\u00e3o m\u00e3e e filha. Elas s\u00e3o muito amorosas e sinto mais confian\u00e7a no tratamento do meu filho\u201d, disse Daniele.<\/p>\n\n\n\n<p><strong><em>S\u00e3o Gon\u00e7alo vai mudar: Not\u00edcias de S\u00e3o Gon\u00e7alo e toda regi\u00e3o.<\/em><\/strong><\/p>\n\n\n\n<figure class=\"wp-block-image size-large\"><img fetchpriority=\"high\" decoding=\"async\" width=\"1024\" height=\"252\" src=\"https:\/\/sgvaimudar.com.br\/wp-content\/uploads\/2025\/03\/Anuncie-Aqui-Sao-Goncalo-vai-mudar-1024x252.jpg\" alt=\"\" class=\"wp-image-22693\" srcset=\"https:\/\/sgvaimudar.com.br\/wp-content\/uploads\/2025\/03\/Anuncie-Aqui-Sao-Goncalo-vai-mudar-1024x252.jpg 1024w, https:\/\/sgvaimudar.com.br\/wp-content\/uploads\/2025\/03\/Anuncie-Aqui-Sao-Goncalo-vai-mudar-300x74.jpg 300w, https:\/\/sgvaimudar.com.br\/wp-content\/uploads\/2025\/03\/Anuncie-Aqui-Sao-Goncalo-vai-mudar-768x189.jpg 768w, https:\/\/sgvaimudar.com.br\/wp-content\/uploads\/2025\/03\/Anuncie-Aqui-Sao-Goncalo-vai-mudar-1536x378.jpg 1536w, https:\/\/sgvaimudar.com.br\/wp-content\/uploads\/2025\/03\/Anuncie-Aqui-Sao-Goncalo-vai-mudar-2048x504.jpg 2048w\" sizes=\"(max-width: 1024px) 100vw, 1024px\" \/><\/figure>\n","protected":false},"excerpt":{"rendered":"<p>M\u00e3e e filha realizam atendimentos em conjunto A pediatra Melissa Mon\u00e7\u00e3o, que atua no Hospital Estadual Alberto Torres (Heat), localizado&hellip;<\/p>\n","protected":false},"author":5,"featured_media":24846,"comment_status":"open","ping_status":"open","sticky":false,"template":"","format":"standard","meta":{"fifu_image_url":"","fifu_image_alt":"","footnotes":""},"categories":[7],"tags":[],"class_list":["post-24845","post","type-post","status-publish","format-standard","has-post-thumbnail","hentry","category-saude"],"_links":{"self":[{"href":"https:\/\/sgvaimudar.com.br\/index.php\/wp-json\/wp\/v2\/posts\/24845","targetHints":{"allow":["GET"]}}],"collection":[{"href":"https:\/\/sgvaimudar.com.br\/index.php\/wp-json\/wp\/v2\/posts"}],"about":[{"href":"https:\/\/sgvaimudar.com.br\/index.php\/wp-json\/wp\/v2\/types\/post"}],"author":[{"embeddable":true,"href":"https:\/\/sgvaimudar.com.br\/index.php\/wp-json\/wp\/v2\/users\/5"}],"replies":[{"embeddable":true,"href":"https:\/\/sgvaimudar.com.br\/index.php\/wp-json\/wp\/v2\/comments?post=24845"}],"version-history":[{"count":1,"href":"https:\/\/sgvaimudar.com.br\/index.php\/wp-json\/wp\/v2\/posts\/24845\/revisions"}],"predecessor-version":[{"id":24847,"href":"https:\/\/sgvaimudar.com.br\/index.php\/wp-json\/wp\/v2\/posts\/24845\/revisions\/24847"}],"wp:featuredmedia":[{"embeddable":true,"href":"https:\/\/sgvaimudar.com.br\/index.php\/wp-json\/wp\/v2\/media\/24846"}],"wp:attachment":[{"href":"https:\/\/sgvaimudar.com.br\/index.php\/wp-json\/wp\/v2\/media?parent=24845"}],"wp:term":[{"taxonomy":"category","embeddable":true,"href":"https:\/\/sgvaimudar.com.br\/index.php\/wp-json\/wp\/v2\/categories?post=24845"},{"taxonomy":"post_tag","embeddable":true,"href":"https:\/\/sgvaimudar.com.br\/index.php\/wp-json\/wp\/v2\/tags?post=24845"}],"curies":[{"name":"wp","href":"https:\/\/api.w.org\/{rel}","templated":true}]}}